{"id":12895,"date":"2022-09-22T14:07:10","date_gmt":"2022-09-22T12:07:10","guid":{"rendered":"https:\/\/serveiseducatius.xtec.cat\/conca\/?p=12895"},"modified":"2022-10-06T16:18:40","modified_gmt":"2022-10-06T14:18:40","slug":"xxx-teatre-a-lescola-dirigida-als-nens-i-nenes-deducacio-infantil-i-cicle-inicial","status":"publish","type":"post","link":"https:\/\/serveiseducatius.xtec.cat\/conca\/general\/xxx-teatre-a-lescola-dirigida-als-nens-i-nenes-deducacio-infantil-i-cicle-inicial\/","title":{"rendered":"XXX L&#8217;Escola al Teatre dirigida als nens i nenes d&#8217;Educaci\u00f3 Infantil i Cicle Inicial"},"content":{"rendered":"<p>Aquest curs 2022-2023 es celebra la XXX\u00aa edici\u00f3 de L&#8217;escola al teatre per tots els alumnes d&#8217;educaci\u00f3 infantil i cicle inicial de la comarca. L&#8217;obra es representar\u00e0 entre dies 6 i 7 d&#8217;octubre a diferents pobles de la comarca.<\/p>\n<p>L&#8217;obra s&#8217;anomena <strong>&#8220;En Jan Totlifan&#8221;<\/strong> i ser\u00e0 representada per la <strong>companyia de titelles L&#8217;estaquirot<\/strong>.\u00a0<span style=\"color: #333333;\">Al <em>Jan Totlifan<\/em>, quan era petit, li feien totes les coses. Quan es va fer gran, el seu ajudant Nicolau tamb\u00e9\u00a0 li feia tot: el vestia, li donava el dinar&#8230; Els problemes apareixen quan el Nicolau se\u2019n va a viure ben lluny, i el Jan es queda sol, sense saber fer res. Aix\u00ed que inicia un viatge per anar a trobar el <em>Nicolau<\/em>. <\/span><span style=\"color: #333333;\">Aquest \u00e9s el punt de partida d\u2019aquest espectacle, un dels referents del teatre de titelles a casa nostra i habituals del nostre cicle.\u00a0<\/span><\/p>\n<p>&nbsp;<\/p>\n<p><img loading=\"lazy\" decoding=\"async\" class=\"aligncenter wp-image-12896 size-large\" src=\"https:\/\/serveiseducatius.xtec.cat\/conca\/wp-content\/uploads\/usu1131\/2022\/09\/EN-JAN-TOTLIFAN-2-724x1024.png\" alt=\"\" width=\"724\" height=\"1024\" srcset=\"https:\/\/serveiseducatius.xtec.cat\/conca\/wp-content\/uploads\/usu1131\/2022\/09\/EN-JAN-TOTLIFAN-2-724x1024.png 724w, https:\/\/serveiseducatius.xtec.cat\/conca\/wp-content\/uploads\/usu1131\/2022\/09\/EN-JAN-TOTLIFAN-2-212x300.png 212w, https:\/\/serveiseducatius.xtec.cat\/conca\/wp-content\/uploads\/usu1131\/2022\/09\/EN-JAN-TOTLIFAN-2-768x1086.png 768w, https:\/\/serveiseducatius.xtec.cat\/conca\/wp-content\/uploads\/usu1131\/2022\/09\/EN-JAN-TOTLIFAN-2-1086x1536.png 1086w, https:\/\/serveiseducatius.xtec.cat\/conca\/wp-content\/uploads\/usu1131\/2022\/09\/EN-JAN-TOTLIFAN-2-1448x2048.png 1448w, https:\/\/serveiseducatius.xtec.cat\/conca\/wp-content\/uploads\/usu1131\/2022\/09\/EN-JAN-TOTLIFAN-2.png 1587w\" sizes=\"auto, (max-width: 724px) 100vw, 724px\" \/><\/p>\n<p style=\"text-align: center;\">Podeu veure una petita sinopsi en aquest v\u00eddeo.<\/p>\n<p style=\"text-align: center;\"><iframe loading=\"lazy\" src=\"\/\/www.youtube.com\/embed\/syvkzVghTag\" width=\"560\" height=\"314\" allowfullscreen=\"allowfullscreen\"><\/iframe><\/p>\n","protected":false},"excerpt":{"rendered":"<p>Aquest curs 2022-2023 es celebra la XXX\u00aa edici\u00f3 de L&#8217;escola al teatre per tots els alumnes d&#8217;educaci\u00f3 infantil i cicle inicial de la comarca. L&#8217;obra es representar\u00e0 entre dies 6 i 7 d&#8217;octubre a diferents pobles de la comarca. L&#8217;obra s&#8217;anomena &#8220;En Jan Totlifan&#8221; i ser\u00e0 representada per la companyia de titelles L&#8217;estaquirot.\u00a0Al Jan Totlifan, [&hellip;]<\/p>\n","protected":false},"author":1,"featured_media":12896,"comment_status":"open","ping_status":"closed","sticky":false,"template":"","format":"standard","meta":{"_bbp_topic_count":0,"_bbp_reply_count":0,"_bbp_total_topic_count":0,"_bbp_total_reply_count":0,"_bbp_voice_count":0,"_bbp_anonymous_reply_count":0,"_bbp_topic_count_hidden":0,"_bbp_reply_count_hidden":0,"_bbp_forum_subforum_count":0,"site-sidebar-layout":"default","site-content-layout":"","ast-site-content-layout":"","site-content-style":"default","site-sidebar-style":"default","ast-global-header-display":"","ast-banner-title-visibility":"","ast-main-header-display":"","ast-hfb-above-header-display":"","ast-hfb-below-header-display":"","ast-hfb-mobile-header-display":"","site-post-title":"","ast-breadcrumbs-content":"","ast-featured-img":"","footer-sml-layout":"","theme-transparent-header-meta":"","adv-header-id-meta":"","stick-header-meta":"","header-above-stick-meta":"","header-main-stick-meta":"","header-below-stick-meta":"","astra-migrate-meta-layouts":"default","ast-page-background-enabled":"default","ast-page-background-meta":{"desktop":{"background-color":"var(--ast-global-color-4)","background-image":"","background-repeat":"repeat","background-position":"center center","background-size":"auto","background-attachment":"scroll","background-type":"","background-media":"","overlay-type":"","overlay-color":"","overlay-opacity":"","overlay-gradient":""},"tablet":{"background-color":"","background-image":"","background-repeat":"repeat","background-position":"center center","background-size":"auto","background-attachment":"scroll","background-type":"","background-media":"","overlay-type":"","overlay-color":"","overlay-opacity":"","overlay-gradient":""},"mobile":{"background-color":"","background-image":"","background-repeat":"repeat","background-position":"center center","background-size":"auto","background-attachment":"scroll","background-type":"","background-media":"","overlay-type":"","overlay-color":"","overlay-opacity":"","overlay-gradient":""}},"ast-content-background-meta":{"desktop":{"background-color":"var(--ast-global-color-5)","background-image":"","background-repeat":"repeat","background-position":"center center","background-size":"auto","background-attachment":"scroll","background-type":"","background-media":"","overlay-type":"","overlay-color":"","overlay-opacity":"","overlay-gradient":""},"tablet":{"background-color":"var(--ast-global-color-5)","background-image":"","background-repeat":"repeat","background-position":"center center","background-size":"auto","background-attachment":"scroll","background-type":"","background-media":"","overlay-type":"","overlay-color":"","overlay-opacity":"","overlay-gradient":""},"mobile":{"background-color":"var(--ast-global-color-5)","background-image":"","background-repeat":"repeat","background-position":"center center","background-size":"auto","background-attachment":"scroll","background-type":"","background-media":"","overlay-type":"","overlay-color":"","overlay-opacity":"","overlay-gradient":""}},"footnotes":""},"categories":[65,1,328,29],"tags":[],"class_list":["post-12895","post","type-post","status-publish","format-standard","has-post-thumbnail","hentry","category-crp","category-general","category-lescola-al-teatre","category-portada"],"post_mailing_queue_ids":[],"_links":{"self":[{"href":"https:\/\/serveiseducatius.xtec.cat\/conca\/wp-json\/wp\/v2\/posts\/12895","targetHints":{"allow":["GET"]}}],"collection":[{"href":"https:\/\/serveiseducatius.xtec.cat\/conca\/wp-json\/wp\/v2\/posts"}],"about":[{"href":"https:\/\/serveiseducatius.xtec.cat\/conca\/wp-json\/wp\/v2\/types\/post"}],"author":[{"embeddable":true,"href":"https:\/\/serveiseducatius.xtec.cat\/conca\/wp-json\/wp\/v2\/users\/1"}],"replies":[{"embeddable":true,"href":"https:\/\/serveiseducatius.xtec.cat\/conca\/wp-json\/wp\/v2\/comments?post=12895"}],"version-history":[{"count":3,"href":"https:\/\/serveiseducatius.xtec.cat\/conca\/wp-json\/wp\/v2\/posts\/12895\/revisions"}],"predecessor-version":[{"id":12963,"href":"https:\/\/serveiseducatius.xtec.cat\/conca\/wp-json\/wp\/v2\/posts\/12895\/revisions\/12963"}],"wp:featuredmedia":[{"embeddable":true,"href":"https:\/\/serveiseducatius.xtec.cat\/conca\/wp-json\/wp\/v2\/media\/12896"}],"wp:attachment":[{"href":"https:\/\/serveiseducatius.xtec.cat\/conca\/wp-json\/wp\/v2\/media?parent=12895"}],"wp:term":[{"taxonomy":"category","embeddable":true,"href":"https:\/\/serveiseducatius.xtec.cat\/conca\/wp-json\/wp\/v2\/categories?post=12895"},{"taxonomy":"post_tag","embeddable":true,"href":"https:\/\/serveiseducatius.xtec.cat\/conca\/wp-json\/wp\/v2\/tags?post=12895"}],"curies":[{"name":"wp","href":"https:\/\/api.w.org\/{rel}","templated":true}]}}