{"id":12697,"date":"2022-05-10T08:00:56","date_gmt":"2022-05-10T06:00:56","guid":{"rendered":"https:\/\/serveiseducatius.xtec.cat\/conca\/?p=12697"},"modified":"2022-05-09T16:19:38","modified_gmt":"2022-05-09T14:19:38","slug":"el-camp-daprenentatge-els-monestirs-del-cister-visita-lescola-salvador-ninot","status":"publish","type":"post","link":"https:\/\/serveiseducatius.xtec.cat\/conca\/portada\/el-camp-daprenentatge-els-monestirs-del-cister-visita-lescola-salvador-ninot\/","title":{"rendered":"El Camp d&#8217;aprenentatge Els monestirs del Cister visita l&#8217;escola Salvador Ninot"},"content":{"rendered":"<p>El passat 29 d&#8217;abril l\u2019alumnat de 6\u00e8 de prim\u00e0ria de l\u2019escola Salvador Ninot va rebre la visita dels professionals del <strong>Camp d&#8217;Aprenentatge Els monestirs del Cister<\/strong>. La visita forma part del projecte \u201cGeoreferenciem la Conca de Barber\u00e0 fent teatre\u201d que engloba el teatre a l\u2019escola amb el coneixement del nostre entorn m\u00e9s proper a m\u00e0 de l\u2019alumnat del poble que acull la Mostra de Teatre. Enguany es celebra la XXVI edici\u00f3 a la poblaci\u00f3 de Sarral.<\/p>\n<p>Els docents del CdA Els monestirs del Cister, els hi van realitzar un taller perqu\u00e8 coneguessin amb m\u00e9s profunditat l&#8217;esgl\u00e9sia i el carrer dels jueus, elements triats que formaran part de la visita i permetran a l&#8217;alumnat que va a fer teatre, con\u00e8ixer aquests elements de la poblaci\u00f3 de Sarral.<\/p>\n<p>L&#8217;alumnat de sis\u00e8 va poder gaudir de les seves explicacions, va visitar l&#8217;esgl\u00e9sia i el carrer dels jueus, va cantar i ballar una dansa jueva, va construir una maqueta &#8230; Totes aquestes activitats permeten a l&#8217;alumnat ser el protagonista del seu aprenentatge, li permet con\u00e8ixer de primera m\u00e0 la hist\u00f2ria de la seva poblaci\u00f3 per despr\u00e9s poder explicar-ho en primera persona.<\/p>\n","protected":false},"excerpt":{"rendered":"<p>El passat 29 d&#8217;abril l\u2019alumnat de 6\u00e8 de prim\u00e0ria de l\u2019escola Salvador Ninot va rebre la visita dels professionals del Camp d&#8217;Aprenentatge Els monestirs del Cister. La visita forma part del projecte \u201cGeoreferenciem la Conca de Barber\u00e0 fent teatre\u201d que engloba el teatre a l\u2019escola amb el coneixement del nostre entorn m\u00e9s proper a m\u00e0 de l\u2019alumnat del poble que acull la Mostra de Teatre. Enguany es celebra la XXVI edici\u00f3 a la poblaci\u00f3 de Sarral.<\/p>\n","protected":false},"author":1,"featured_media":12699,"comment_status":"open","ping_status":"closed","sticky":false,"template":"","format":"standard","meta":{"_bbp_topic_count":0,"_bbp_reply_count":0,"_bbp_total_topic_count":0,"_bbp_total_reply_count":0,"_bbp_voice_count":0,"_bbp_anonymous_reply_count":0,"_bbp_topic_count_hidden":0,"_bbp_reply_count_hidden":0,"_bbp_forum_subforum_count":0,"site-sidebar-layout":"default","site-content-layout":"","ast-site-content-layout":"","site-content-style":"default","site-sidebar-style":"default","ast-global-header-display":"","ast-banner-title-visibility":"","ast-main-header-display":"","ast-hfb-above-header-display":"","ast-hfb-below-header-display":"","ast-hfb-mobile-header-display":"","site-post-title":"","ast-breadcrumbs-content":"","ast-featured-img":"","footer-sml-layout":"","theme-transparent-header-meta":"","adv-header-id-meta":"","stick-header-meta":"","header-above-stick-meta":"","header-main-stick-meta":"","header-below-stick-meta":"","astra-migrate-meta-layouts":"default","ast-page-background-enabled":"default","ast-page-background-meta":{"desktop":{"background-color":"var(--ast-global-color-4)","background-image":"","background-repeat":"repeat","background-position":"center center","background-size":"auto","background-attachment":"scroll","background-type":"","background-media":"","overlay-type":"","overlay-color":"","overlay-opacity":"","overlay-gradient":""},"tablet":{"background-color":"","background-image":"","background-repeat":"repeat","background-position":"center center","background-size":"auto","background-attachment":"scroll","background-type":"","background-media":"","overlay-type":"","overlay-color":"","overlay-opacity":"","overlay-gradient":""},"mobile":{"background-color":"","background-image":"","background-repeat":"repeat","background-position":"center center","background-size":"auto","background-attachment":"scroll","background-type":"","background-media":"","overlay-type":"","overlay-color":"","overlay-opacity":"","overlay-gradient":""}},"ast-content-background-meta":{"desktop":{"background-color":"var(--ast-global-color-5)","background-image":"","background-repeat":"repeat","background-position":"center center","background-size":"auto","background-attachment":"scroll","background-type":"","background-media":"","overlay-type":"","overlay-color":"","overlay-opacity":"","overlay-gradient":""},"tablet":{"background-color":"var(--ast-global-color-5)","background-image":"","background-repeat":"repeat","background-position":"center center","background-size":"auto","background-attachment":"scroll","background-type":"","background-media":"","overlay-type":"","overlay-color":"","overlay-opacity":"","overlay-gradient":""},"mobile":{"background-color":"var(--ast-global-color-5)","background-image":"","background-repeat":"repeat","background-position":"center center","background-size":"auto","background-attachment":"scroll","background-type":"","background-media":"","overlay-type":"","overlay-color":"","overlay-opacity":"","overlay-gradient":""}},"footnotes":""},"categories":[322,65,323,29],"tags":[],"class_list":["post-12697","post","type-post","status-publish","format-standard","has-post-thumbnail","hentry","category-cda-cister","category-crp","category-georeferenciem-la-conca","category-portada"],"post_mailing_queue_ids":[],"_links":{"self":[{"href":"https:\/\/serveiseducatius.xtec.cat\/conca\/wp-json\/wp\/v2\/posts\/12697","targetHints":{"allow":["GET"]}}],"collection":[{"href":"https:\/\/serveiseducatius.xtec.cat\/conca\/wp-json\/wp\/v2\/posts"}],"about":[{"href":"https:\/\/serveiseducatius.xtec.cat\/conca\/wp-json\/wp\/v2\/types\/post"}],"author":[{"embeddable":true,"href":"https:\/\/serveiseducatius.xtec.cat\/conca\/wp-json\/wp\/v2\/users\/1"}],"replies":[{"embeddable":true,"href":"https:\/\/serveiseducatius.xtec.cat\/conca\/wp-json\/wp\/v2\/comments?post=12697"}],"version-history":[{"count":1,"href":"https:\/\/serveiseducatius.xtec.cat\/conca\/wp-json\/wp\/v2\/posts\/12697\/revisions"}],"predecessor-version":[{"id":12700,"href":"https:\/\/serveiseducatius.xtec.cat\/conca\/wp-json\/wp\/v2\/posts\/12697\/revisions\/12700"}],"wp:featuredmedia":[{"embeddable":true,"href":"https:\/\/serveiseducatius.xtec.cat\/conca\/wp-json\/wp\/v2\/media\/12699"}],"wp:attachment":[{"href":"https:\/\/serveiseducatius.xtec.cat\/conca\/wp-json\/wp\/v2\/media?parent=12697"}],"wp:term":[{"taxonomy":"category","embeddable":true,"href":"https:\/\/serveiseducatius.xtec.cat\/conca\/wp-json\/wp\/v2\/categories?post=12697"},{"taxonomy":"post_tag","embeddable":true,"href":"https:\/\/serveiseducatius.xtec.cat\/conca\/wp-json\/wp\/v2\/tags?post=12697"}],"curies":[{"name":"wp","href":"https:\/\/api.w.org\/{rel}","templated":true}]}}