{"id":12624,"date":"2022-04-19T08:00:10","date_gmt":"2022-04-19T06:00:10","guid":{"rendered":"https:\/\/serveiseducatius.xtec.cat\/conca\/?p=12624"},"modified":"2022-04-07T17:28:36","modified_gmt":"2022-04-07T15:28:36","slug":"3a-edicio-del-programa-emocionat","status":"publish","type":"post","link":"https:\/\/serveiseducatius.xtec.cat\/conca\/portada\/3a-edicio-del-programa-emocionat\/","title":{"rendered":"3a edici\u00f3 del programa Emociona&#8217;t"},"content":{"rendered":"<div>Us informem que dins de la 3a edici\u00f3 del programa\u00a0<strong>Emociona&#8217;t\u00a0<\/strong>de l&#8217;Oficina Jove de la Conca hem organitzat tres accions, una d&#8217;elles per a les fam\u00edlies amb fills i filles adolescents i joves.<\/div>\n<div><\/div>\n<div>Consisteix en una xerrada sobre\u00a0\u00daS I AB\u00daS DELS DISPOSITIUS ELECTR\u00d2NICS,\u00a0i tindr\u00e0 lloc proper\u00a0dimecres <strong>27 d&#8217;abril de 2022, a 2\/4 de 6 de la tarda<\/strong>, a Concactiva.<\/div>\n<div><\/div>\n<div>\n<p>&#8220;Qu\u00e8 tenen les xarxes socials que atrauen tant? Quins s\u00f3n els riscos i les oportunitats que ens ofereixen els dispositius electr\u00f2nics? Quin \u00e9s el temps i l&#8217;espai ideal per fer \u00fas i no ab\u00fas? Com podem planificar els l\u00edmits i con\u00e8ixer els l\u00edmits per fer un bon \u00fas dels dispositius? Com detectar una conducta de risc o una addicci\u00f3?<\/p>\n<p>Xerrada a c\u00e0rrec\u00a0de Neus Reixach, pedagoga, per con\u00e8ixer les t\u00e8cniques i pautes per acompanyar els fills\/es a regular l&#8217;\u00fas saludable dels dispositius electr\u00f2nics.&#8221;<\/p>\n<\/div>\n<div>Per\u00a0inscriure&#8217;s\u00a0cal fer-ho a trav\u00e9s del seg\u00fcent enlla\u00e7: <a href=\"https:\/\/ja.cat\/emocionat2022families\" target=\"_blank\" rel=\"noopener\" data-saferedirecturl=\"https:\/\/www.google.com\/url?q=https:\/\/ja.cat\/emocionat2022families&amp;source=gmail&amp;ust=1649425609444000&amp;usg=AOvVaw2-X1cSXZZ4W_3w1aGkC6jF\">https:\/\/ja.cat\/<wbr \/>emocionat2022families<\/a><\/div>\n","protected":false},"excerpt":{"rendered":"<p>Us informem que dins de la 3a edici\u00f3 del programa\u00a0Emociona&#8217;t\u00a0de l&#8217;Oficina Jove de la Conca hem organitzat tres accions, una d&#8217;elles per a les fam\u00edlies amb fills i filles adolescents i joves.\u00a0<br \/>\nConsisteix en una xerrada sobre\u00a0\u00daS I AB\u00daS DELS DISPOSITIUS ELECTR\u00d2NICS,\u00a0i tindr\u00e0 lloc proper\u00a0dimecres 27 d&#8217;abril de 2022, a 2\/4 de 6 de la tarda, a Concactiva.<\/p>\n","protected":false},"author":1,"featured_media":12625,"comment_status":"open","ping_status":"closed","sticky":false,"template":"","format":"standard","meta":{"_bbp_topic_count":0,"_bbp_reply_count":0,"_bbp_total_topic_count":0,"_bbp_total_reply_count":0,"_bbp_voice_count":0,"_bbp_anonymous_reply_count":0,"_bbp_topic_count_hidden":0,"_bbp_reply_count_hidden":0,"_bbp_forum_subforum_count":0,"site-sidebar-layout":"default","site-content-layout":"","ast-site-content-layout":"","site-content-style":"default","site-sidebar-style":"default","ast-global-header-display":"","ast-banner-title-visibility":"","ast-main-header-display":"","ast-hfb-above-header-display":"","ast-hfb-below-header-display":"","ast-hfb-mobile-header-display":"","site-post-title":"","ast-breadcrumbs-content":"","ast-featured-img":"","footer-sml-layout":"","theme-transparent-header-meta":"","adv-header-id-meta":"","stick-header-meta":"","header-above-stick-meta":"","header-main-stick-meta":"","header-below-stick-meta":"","astra-migrate-meta-layouts":"default","ast-page-background-enabled":"default","ast-page-background-meta":{"desktop":{"background-color":"var(--ast-global-color-4)","background-image":"","background-repeat":"repeat","background-position":"center center","background-size":"auto","background-attachment":"scroll","background-type":"","background-media":"","overlay-type":"","overlay-color":"","overlay-opacity":"","overlay-gradient":""},"tablet":{"background-color":"","background-image":"","background-repeat":"repeat","background-position":"center center","background-size":"auto","background-attachment":"scroll","background-type":"","background-media":"","overlay-type":"","overlay-color":"","overlay-opacity":"","overlay-gradient":""},"mobile":{"background-color":"","background-image":"","background-repeat":"repeat","background-position":"center center","background-size":"auto","background-attachment":"scroll","background-type":"","background-media":"","overlay-type":"","overlay-color":"","overlay-opacity":"","overlay-gradient":""}},"ast-content-background-meta":{"desktop":{"background-color":"var(--ast-global-color-5)","background-image":"","background-repeat":"repeat","background-position":"center center","background-size":"auto","background-attachment":"scroll","background-type":"","background-media":"","overlay-type":"","overlay-color":"","overlay-opacity":"","overlay-gradient":""},"tablet":{"background-color":"var(--ast-global-color-5)","background-image":"","background-repeat":"repeat","background-position":"center center","background-size":"auto","background-attachment":"scroll","background-type":"","background-media":"","overlay-type":"","overlay-color":"","overlay-opacity":"","overlay-gradient":""},"mobile":{"background-color":"var(--ast-global-color-5)","background-image":"","background-repeat":"repeat","background-position":"center center","background-size":"auto","background-attachment":"scroll","background-type":"","background-media":"","overlay-type":"","overlay-color":"","overlay-opacity":"","overlay-gradient":""}},"footnotes":""},"categories":[78,235,29],"tags":[],"class_list":["post-12624","post","type-post","status-publish","format-standard","has-post-thumbnail","hentry","category-cd","category-formacio_ins","category-portada"],"post_mailing_queue_ids":[],"_links":{"self":[{"href":"https:\/\/serveiseducatius.xtec.cat\/conca\/wp-json\/wp\/v2\/posts\/12624","targetHints":{"allow":["GET"]}}],"collection":[{"href":"https:\/\/serveiseducatius.xtec.cat\/conca\/wp-json\/wp\/v2\/posts"}],"about":[{"href":"https:\/\/serveiseducatius.xtec.cat\/conca\/wp-json\/wp\/v2\/types\/post"}],"author":[{"embeddable":true,"href":"https:\/\/serveiseducatius.xtec.cat\/conca\/wp-json\/wp\/v2\/users\/1"}],"replies":[{"embeddable":true,"href":"https:\/\/serveiseducatius.xtec.cat\/conca\/wp-json\/wp\/v2\/comments?post=12624"}],"version-history":[{"count":3,"href":"https:\/\/serveiseducatius.xtec.cat\/conca\/wp-json\/wp\/v2\/posts\/12624\/revisions"}],"predecessor-version":[{"id":12628,"href":"https:\/\/serveiseducatius.xtec.cat\/conca\/wp-json\/wp\/v2\/posts\/12624\/revisions\/12628"}],"wp:featuredmedia":[{"embeddable":true,"href":"https:\/\/serveiseducatius.xtec.cat\/conca\/wp-json\/wp\/v2\/media\/12625"}],"wp:attachment":[{"href":"https:\/\/serveiseducatius.xtec.cat\/conca\/wp-json\/wp\/v2\/media?parent=12624"}],"wp:term":[{"taxonomy":"category","embeddable":true,"href":"https:\/\/serveiseducatius.xtec.cat\/conca\/wp-json\/wp\/v2\/categories?post=12624"},{"taxonomy":"post_tag","embeddable":true,"href":"https:\/\/serveiseducatius.xtec.cat\/conca\/wp-json\/wp\/v2\/tags?post=12624"}],"curies":[{"name":"wp","href":"https:\/\/api.w.org\/{rel}","templated":true}]}}