{"id":12445,"date":"2022-02-28T08:00:54","date_gmt":"2022-02-28T07:00:54","guid":{"rendered":"https:\/\/serveiseducatius.xtec.cat\/conca\/?p=12445"},"modified":"2022-02-21T13:35:07","modified_gmt":"2022-02-21T12:35:07","slug":"xerrada-amb-hector-ruiz-connectem","status":"publish","type":"post","link":"https:\/\/serveiseducatius.xtec.cat\/conca\/portada\/xerrada-amb-hector-ruiz-connectem\/","title":{"rendered":"Xerrada amb H\u00e9ctor Ruiz: Connectem!"},"content":{"rendered":"<p>El dimecres dia 16 de mar\u00e7 a les 17.15 hores hi ha prevista una <a href=\"https:\/\/aplicacions.gestioeducativa.gencat.cat\/pls\/soloas\/pk_for_mod_ins.p_for_detall_activitat?p_codi=7000330507&amp;p_curs=2021-2022&amp;p_es_inscr=S\" target=\"_blank\" rel=\"noopener\" data-saferedirecturl=\"https:\/\/www.google.com\/url?q=https:\/\/aplicacions.gestioeducativa.gencat.cat\/pls\/soloas\/pk_for_mod_ins.p_for_detall_activitat?p_codi%3D7000330507%26p_curs%3D2021-2022%26p_es_inscr%3DS&amp;source=gmail&amp;ust=1645520421886000&amp;usg=AOvVaw2gNmOjSqO6ZP-Iylrif2Q1\">xerrada formativa amb H\u00e9ctor Ruiz<\/a>,<span style=\"color: #0b5394;\"><span style=\"color: #000000;\">\u00a0investigador i divulgador cient\u00edfic en l&#8217;\u00e0mbit de la psicologia cognitiva de l&#8217;aprenentatge<\/span>.\u00a0<\/span><\/p>\n<p>L&#8217;objectiu \u00e9s poder acompanyar-vos a l&#8217;hora de crear propostes educatives pel vostre alumnat\u00a0 que es fonamentin en com aprenem les persones.<\/p>\n<p>Durant la segona part de la xerrada es comptar\u00e0 amb la col\u00b7laboraci\u00f3 de diferents docents que ajudaran a concretar aquesta aproximaci\u00f3 cient\u00edfica a les aules.<\/p>\n<p>&nbsp;<\/p>\n<p>&nbsp;<\/p>\n","protected":false},"excerpt":{"rendered":"<p>El dimecres dia 16 de mar\u00e7 a les 17.15 hores tenim prevista una\u00a0xerrada formativa amb H\u00e9ctor Ruiz,\u00a0investigador i divulgador cient\u00edfic en l&#8217;\u00e0mbit de la psicologia cognitiva de l&#8217;aprenentatge.\u00a0<\/p>\n<p>L&#8217;objectiu \u00e9s poder acompanyar-vos a l&#8217;hora de crear propostes educatives pel vostre alumnat\u00a0 que es fonamentin en com aprenem les persones.<\/p>\n<p>Durant la\u00a0segona part de la\u00a0xerrada comptarem amb la col\u00b7laboraci\u00f3 de diferents docents que ens ajudaran a concretar aquesta aproximaci\u00f3 cient\u00edfica a les aules.<\/p>\n","protected":false},"author":1,"featured_media":12446,"comment_status":"open","ping_status":"closed","sticky":false,"template":"","format":"standard","meta":{"_bbp_topic_count":0,"_bbp_reply_count":0,"_bbp_total_topic_count":0,"_bbp_total_reply_count":0,"_bbp_voice_count":0,"_bbp_anonymous_reply_count":0,"_bbp_topic_count_hidden":0,"_bbp_reply_count_hidden":0,"_bbp_forum_subforum_count":0,"site-sidebar-layout":"default","site-content-layout":"","ast-site-content-layout":"","site-content-style":"default","site-sidebar-style":"default","ast-global-header-display":"","ast-banner-title-visibility":"","ast-main-header-display":"","ast-hfb-above-header-display":"","ast-hfb-below-header-display":"","ast-hfb-mobile-header-display":"","site-post-title":"","ast-breadcrumbs-content":"","ast-featured-img":"","footer-sml-layout":"","theme-transparent-header-meta":"","adv-header-id-meta":"","stick-header-meta":"","header-above-stick-meta":"","header-main-stick-meta":"","header-below-stick-meta":"","astra-migrate-meta-layouts":"default","ast-page-background-enabled":"default","ast-page-background-meta":{"desktop":{"background-color":"var(--ast-global-color-4)","background-image":"","background-repeat":"repeat","background-position":"center center","background-size":"auto","background-attachment":"scroll","background-type":"","background-media":"","overlay-type":"","overlay-color":"","overlay-opacity":"","overlay-gradient":""},"tablet":{"background-color":"","background-image":"","background-repeat":"repeat","background-position":"center center","background-size":"auto","background-attachment":"scroll","background-type":"","background-media":"","overlay-type":"","overlay-color":"","overlay-opacity":"","overlay-gradient":""},"mobile":{"background-color":"","background-image":"","background-repeat":"repeat","background-position":"center center","background-size":"auto","background-attachment":"scroll","background-type":"","background-media":"","overlay-type":"","overlay-color":"","overlay-opacity":"","overlay-gradient":""}},"ast-content-background-meta":{"desktop":{"background-color":"var(--ast-global-color-5)","background-image":"","background-repeat":"repeat","background-position":"center center","background-size":"auto","background-attachment":"scroll","background-type":"","background-media":"","overlay-type":"","overlay-color":"","overlay-opacity":"","overlay-gradient":""},"tablet":{"background-color":"var(--ast-global-color-5)","background-image":"","background-repeat":"repeat","background-position":"center center","background-size":"auto","background-attachment":"scroll","background-type":"","background-media":"","overlay-type":"","overlay-color":"","overlay-opacity":"","overlay-gradient":""},"mobile":{"background-color":"var(--ast-global-color-5)","background-image":"","background-repeat":"repeat","background-position":"center center","background-size":"auto","background-attachment":"scroll","background-type":"","background-media":"","overlay-type":"","overlay-color":"","overlay-opacity":"","overlay-gradient":""}},"footnotes":""},"categories":[65,29],"tags":[595,215,738],"class_list":["post-12445","post","type-post","status-publish","format-standard","has-post-thumbnail","hentry","category-crp","category-portada","tag-conferencia","tag-formacio-permanent-del-professorat","tag-taula-rodona"],"post_mailing_queue_ids":[],"_links":{"self":[{"href":"https:\/\/serveiseducatius.xtec.cat\/conca\/wp-json\/wp\/v2\/posts\/12445","targetHints":{"allow":["GET"]}}],"collection":[{"href":"https:\/\/serveiseducatius.xtec.cat\/conca\/wp-json\/wp\/v2\/posts"}],"about":[{"href":"https:\/\/serveiseducatius.xtec.cat\/conca\/wp-json\/wp\/v2\/types\/post"}],"author":[{"embeddable":true,"href":"https:\/\/serveiseducatius.xtec.cat\/conca\/wp-json\/wp\/v2\/users\/1"}],"replies":[{"embeddable":true,"href":"https:\/\/serveiseducatius.xtec.cat\/conca\/wp-json\/wp\/v2\/comments?post=12445"}],"version-history":[{"count":3,"href":"https:\/\/serveiseducatius.xtec.cat\/conca\/wp-json\/wp\/v2\/posts\/12445\/revisions"}],"predecessor-version":[{"id":12450,"href":"https:\/\/serveiseducatius.xtec.cat\/conca\/wp-json\/wp\/v2\/posts\/12445\/revisions\/12450"}],"wp:featuredmedia":[{"embeddable":true,"href":"https:\/\/serveiseducatius.xtec.cat\/conca\/wp-json\/wp\/v2\/media\/12446"}],"wp:attachment":[{"href":"https:\/\/serveiseducatius.xtec.cat\/conca\/wp-json\/wp\/v2\/media?parent=12445"}],"wp:term":[{"taxonomy":"category","embeddable":true,"href":"https:\/\/serveiseducatius.xtec.cat\/conca\/wp-json\/wp\/v2\/categories?post=12445"},{"taxonomy":"post_tag","embeddable":true,"href":"https:\/\/serveiseducatius.xtec.cat\/conca\/wp-json\/wp\/v2\/tags?post=12445"}],"curies":[{"name":"wp","href":"https:\/\/api.w.org\/{rel}","templated":true}]}}