{"id":11831,"date":"2021-09-03T08:03:34","date_gmt":"2021-09-03T06:03:34","guid":{"rendered":"https:\/\/serveiseducatius.xtec.cat\/conca\/?p=11831"},"modified":"2021-09-01T13:17:47","modified_gmt":"2021-09-01T11:17:47","slug":"aprenentatge-entre-iguals-per-al-tractament-integrat-de-les-llengues-i-la-relacio-entre-llengua-i-contingut-matematic","status":"publish","type":"post","link":"https:\/\/serveiseducatius.xtec.cat\/conca\/portada\/aprenentatge-entre-iguals-per-al-tractament-integrat-de-les-llengues-i-la-relacio-entre-llengua-i-contingut-matematic\/","title":{"rendered":"Aprenentatge entre iguals per al tractament integrat de les lleng\u00fces i la relaci\u00f3 entre llengua i contingut matem\u00e0tic"},"content":{"rendered":"<p>Presentaci\u00f3 de la proposta de formaci\u00f3 adre\u00e7ada al professorat d&#8217;educaci\u00f3 prim\u00e0ria i primer cicle d&#8217;educaci\u00f3 secund\u00e0ria pel curs 21\/22 sobre TIL (tractament integrat de les lleng\u00fces) i TILC (tractament integrat de les lleng\u00fces) a c\u00e0rrec de <a href=\"https:\/\/grupsderecerca.uab.cat\/grai\/\" target=\"_blank\" rel=\"noopener\">GRAI <\/a>(Grup de recerca sobre aprenentatge entre iguals, UAB)<\/p>\n<p><strong>Dia<\/strong>: dimecres 8 de setembre<\/p>\n<p><strong>Hora<\/strong>: 17 a 18h<\/p>\n<p><strong>Modalitat<\/strong>: en l\u00ednia pr\u00e8via <a href=\"https:\/\/docs.google.com\/forms\/d\/e\/1FAIpQLSfQ2NbprlTpt8UnUtx1rUvVlQYEAi5hAjmmnzl2pPUVf8yB_g\/viewform\" target=\"_blank\" rel=\"noopener\">inscripci\u00f3<\/a><\/p>\n<p>Aquesta proposta t\u00e9 com a referent els programes educatius de tutoria entre iguals del GRAI: Llegim i escrivim en parella, Leemos y escribimos en pareja, Reading in pairs i (En)Raonem en parella. Aquests programes es desenvolupen des de fa 15 anys en m\u00e9s de 700 centres. En aquest trajecte hem acompanyat la formaci\u00f3 amb la recerca, que ens ha perm\u00e8s obtenir evid\u00e8ncies sobre l\u2019efectivitat d\u2019aquests programes.<br \/>\nLa proposta actual, \u00abAprenentatge entre iguals per al tractament integrat de les lleng\u00fces i la relaci\u00f3 entre llengua i contingut matem\u00e0tic\u00bb, t\u00e9 com a objectiu fonamental contribuir amb aquests programes al TIL (tractament integrat de les lleng\u00fces) i al TILC (tractament integrat de les lleng\u00fces).<br \/>\nLa proposta fomenta la cooperaci\u00f3 de l\u2019alumnat a partir de la tutoria entre iguals, l\u2019aprenentatge col\u00b7laboratiu del professorat del centre i entre centres, i la implicaci\u00f3 de les fam\u00edlies.<br \/>\nAmb aquesta proposta s\u2019obre un ventall de possibilitats per als centres, que caldr\u00e0 concretar prenent les decisions m\u00e9s adequades per dibuixar l\u2019itinerari de cadascun.<\/p>\n<p>Foto extreta de :<a href=\"https:\/\/pixlr.com\/es\/\" target=\"_blank\" rel=\"noopener\"> Pixlr<\/a><\/p>\n","protected":false},"excerpt":{"rendered":"<p>Presentaci\u00f3 de la proposta de formaci\u00f3 adre\u00e7ada al professorat d&#8217;educaci\u00f3 prim\u00e0ria i primer cicle d&#8217;educaci\u00f3 secund\u00e0ria pel curs 21\/22 sobre TIL (tractament integrat de les lleng\u00fces) i TILC (tractament integrat de les lleng\u00fces) a c\u00e0rrec de GRAI (Grup de recerca sobre aprenentatge entre iguals, UAB) Dia: dimecres 8 de setembre Hora: 17 a 18h Modalitat: [&hellip;]<\/p>\n","protected":false},"author":1,"featured_media":11833,"comment_status":"open","ping_status":"closed","sticky":false,"template":"","format":"standard","meta":{"_bbp_topic_count":0,"_bbp_reply_count":0,"_bbp_total_topic_count":0,"_bbp_total_reply_count":0,"_bbp_voice_count":0,"_bbp_anonymous_reply_count":0,"_bbp_topic_count_hidden":0,"_bbp_reply_count_hidden":0,"_bbp_forum_subforum_count":0,"site-sidebar-layout":"default","site-content-layout":"","ast-site-content-layout":"","site-content-style":"default","site-sidebar-style":"default","ast-global-header-display":"","ast-banner-title-visibility":"","ast-main-header-display":"","ast-hfb-above-header-display":"","ast-hfb-below-header-display":"","ast-hfb-mobile-header-display":"","site-post-title":"","ast-breadcrumbs-content":"","ast-featured-img":"","footer-sml-layout":"","theme-transparent-header-meta":"","adv-header-id-meta":"","stick-header-meta":"","header-above-stick-meta":"","header-main-stick-meta":"","header-below-stick-meta":"","astra-migrate-meta-layouts":"default","ast-page-background-enabled":"default","ast-page-background-meta":{"desktop":{"background-color":"var(--ast-global-color-4)","background-image":"","background-repeat":"repeat","background-position":"center center","background-size":"auto","background-attachment":"scroll","background-type":"","background-media":"","overlay-type":"","overlay-color":"","overlay-opacity":"","overlay-gradient":""},"tablet":{"background-color":"","background-image":"","background-repeat":"repeat","background-position":"center center","background-size":"auto","background-attachment":"scroll","background-type":"","background-media":"","overlay-type":"","overlay-color":"","overlay-opacity":"","overlay-gradient":""},"mobile":{"background-color":"","background-image":"","background-repeat":"repeat","background-position":"center center","background-size":"auto","background-attachment":"scroll","background-type":"","background-media":"","overlay-type":"","overlay-color":"","overlay-opacity":"","overlay-gradient":""}},"ast-content-background-meta":{"desktop":{"background-color":"var(--ast-global-color-5)","background-image":"","background-repeat":"repeat","background-position":"center center","background-size":"auto","background-attachment":"scroll","background-type":"","background-media":"","overlay-type":"","overlay-color":"","overlay-opacity":"","overlay-gradient":""},"tablet":{"background-color":"var(--ast-global-color-5)","background-image":"","background-repeat":"repeat","background-position":"center center","background-size":"auto","background-attachment":"scroll","background-type":"","background-media":"","overlay-type":"","overlay-color":"","overlay-opacity":"","overlay-gradient":""},"mobile":{"background-color":"var(--ast-global-color-5)","background-image":"","background-repeat":"repeat","background-position":"center center","background-size":"auto","background-attachment":"scroll","background-type":"","background-media":"","overlay-type":"","overlay-color":"","overlay-opacity":"","overlay-gradient":""}},"footnotes":""},"categories":[65,29],"tags":[572,172,226,664,207,665,666],"class_list":["post-11831","post","type-post","status-publish","format-standard","has-post-thumbnail","hentry","category-crp","category-portada","tag-1r-cicle-eso","tag-educacio-primaria","tag-formacio","tag-grai","tag-professorat","tag-til","tag-tilc"],"post_mailing_queue_ids":[],"_links":{"self":[{"href":"https:\/\/serveiseducatius.xtec.cat\/conca\/wp-json\/wp\/v2\/posts\/11831","targetHints":{"allow":["GET"]}}],"collection":[{"href":"https:\/\/serveiseducatius.xtec.cat\/conca\/wp-json\/wp\/v2\/posts"}],"about":[{"href":"https:\/\/serveiseducatius.xtec.cat\/conca\/wp-json\/wp\/v2\/types\/post"}],"author":[{"embeddable":true,"href":"https:\/\/serveiseducatius.xtec.cat\/conca\/wp-json\/wp\/v2\/users\/1"}],"replies":[{"embeddable":true,"href":"https:\/\/serveiseducatius.xtec.cat\/conca\/wp-json\/wp\/v2\/comments?post=11831"}],"version-history":[{"count":2,"href":"https:\/\/serveiseducatius.xtec.cat\/conca\/wp-json\/wp\/v2\/posts\/11831\/revisions"}],"predecessor-version":[{"id":11834,"href":"https:\/\/serveiseducatius.xtec.cat\/conca\/wp-json\/wp\/v2\/posts\/11831\/revisions\/11834"}],"wp:featuredmedia":[{"embeddable":true,"href":"https:\/\/serveiseducatius.xtec.cat\/conca\/wp-json\/wp\/v2\/media\/11833"}],"wp:attachment":[{"href":"https:\/\/serveiseducatius.xtec.cat\/conca\/wp-json\/wp\/v2\/media?parent=11831"}],"wp:term":[{"taxonomy":"category","embeddable":true,"href":"https:\/\/serveiseducatius.xtec.cat\/conca\/wp-json\/wp\/v2\/categories?post=11831"},{"taxonomy":"post_tag","embeddable":true,"href":"https:\/\/serveiseducatius.xtec.cat\/conca\/wp-json\/wp\/v2\/tags?post=11831"}],"curies":[{"name":"wp","href":"https:\/\/api.w.org\/{rel}","templated":true}]}}