{"id":11750,"date":"2021-06-21T12:45:33","date_gmt":"2021-06-21T10:45:33","guid":{"rendered":"http:\/\/serveiseducatius.xtec.cat\/conca\/?p=11750"},"modified":"2021-06-25T09:00:56","modified_gmt":"2021-06-25T07:00:56","slug":"futurs-emprenedors-rurals-sessio-informativa-curs-21-22","status":"publish","type":"post","link":"https:\/\/serveiseducatius.xtec.cat\/conca\/general\/futurs-emprenedors-rurals-sessio-informativa-curs-21-22\/","title":{"rendered":"Futurs Emprenedors Rurals -sessi\u00f3 informativa curs 21\/22-"},"content":{"rendered":"<p><strong><span class=\"il\">Futurs<\/span>\u00a0<span class=\"il\">Emprenedors<\/span>\u00a0<span class=\"il\">Rurals<\/span>\u00a0<img decoding=\"async\" class=\"CToWUd\" src=\"https:\/\/mail.google.com\/mail\/e\/1f41d\" alt=\"\ud83d\udc1d\" data-goomoji=\"1f41d\" data-image-whitelisted=\"\" \/><\/strong><\/p>\n<div>La sessi\u00f3 informativa\u00a0en l\u00ednia\u00a0tindr\u00e0 lloc el\u00a0<strong>dilluns 28 de juny a les 12.00h<\/strong> i est\u00e0 adre\u00e7ada a totes les escoles que vulguin implementar l&#8217;emprenedoria a 5\u00e8 o 6\u00e8 de prim\u00e0ria i es trobin en<\/div>\n<div><\/div>\n<div>territoris <span class=\"il\">rurals -com per exemple, <strong>totes les escoles de la Conca de Barber\u00e0<\/strong>&#8211;<\/span><\/div>\n<div><\/div>\n<ul>\n<li>Inscripcions de la jornada:\u00a0<a href=\"https:\/\/www.futursemprenedors.cat\/inscripcio-a-la-jornada-informativa-fer\" target=\"_blank\" rel=\"noopener noreferrer\" data-saferedirecturl=\"https:\/\/www.google.com\/url?q=https:\/\/www.futursemprenedors.cat\/inscripcio-a-la-jornada-informativa-fer&amp;source=gmail&amp;ust=1624358641376000&amp;usg=AFQjCNG8Fppz2uVX6WbHNR3ItMhKMLR2Aw\">https:\/\/www.futursemprenedors.<wbr \/>cat\/inscripcio-a-la-jornada-<wbr \/>informativa-fer<\/a><\/li>\n<li>Inscripcions curs 2021-2022:\u00a0<a href=\"https:\/\/www.futursemprenedors.cat\/curs-2021-2022\/inscripcio-fer-curs-2021-2022\" target=\"_blank\" rel=\"noopener noreferrer\" data-saferedirecturl=\"https:\/\/www.google.com\/url?q=https:\/\/www.futursemprenedors.cat\/curs-2021-2022\/inscripcio-fer-curs-2021-2022&amp;source=gmail&amp;ust=1624358641376000&amp;usg=AFQjCNEHRumPBJ9scjvmpwbnHMy97e4wag\">https:\/\/www.futursemprenedors.<wbr \/>cat\/curs-2021-2022\/inscripcio-<wbr \/>fer-curs-2021-2022<\/a><\/li>\n<\/ul>\n<div>\n<p style=\"font-weight: 400;\"><em>Futurs\u00a0Emprenedors\u00a0Rurals\u00a0\u00e9s un projecte que busca ser una eina i un suport per a mestres en el foment de les habilitats\u00a0emprenedores\u00a0a 5\u00e8 i 6\u00e8 de prim\u00e0ria. Els materials estan creats de manera que es poden adaptar a les necessitats espec\u00edfiques de mestres i alumnes.\u00a0<\/em><em>La protagonista de la hist\u00f2ria \u00e9s FER, una abella que viu en un rusc que pateix el despoblament i ha de buscar solucions per evitar el despoblament total del seu rusc, aix\u00ed com est\u00e0 passant a les zones\u00a0rurals\u00a0avui en dia.\u00a0<\/em><em>Els materials s\u2019estructuren en tres blocs diferents i altres materials complementaris. El primer, sobre hist\u00f2ries d\u2019invents, el segon sobre la creaci\u00f3 de l\u2019empresa i el tercer \u00e9s un recull d\u2019hist\u00f2ries d\u2019empreses exitoses de la Catalunya\u00a0rural.<\/em><\/p>\n<p>M\u00e9s informaci\u00f3 de la sessi\u00f3 informativa : <a href=\"https:\/\/serveiseducatius.xtec.cat\/conca\/wp-content\/uploads\/usu1131\/2021\/06\/2021-06-07-NP-SESSIO-FER-28JUNY.pdf\" target=\"_blank\" rel=\"noopener noreferrer\">FER- 28JUNY<\/a><\/p>\n<\/div>\n","protected":false},"excerpt":{"rendered":"<p>Futurs\u00a0Emprenedors\u00a0Rurals\u00a0 La sessi\u00f3 informativa\u00a0en l\u00ednia\u00a0tindr\u00e0 lloc el\u00a0dilluns 28 de juny a les 12.00h i est\u00e0 adre\u00e7ada a totes les escoles que vulguin implementar l&#8217;emprenedoria a 5\u00e8 o 6\u00e8 de prim\u00e0ria i es trobin en territoris rurals -com per exemple, totes les escoles de la Conca de Barber\u00e0&#8211; Inscripcions de la jornada:\u00a0https:\/\/www.futursemprenedors.cat\/inscripcio-a-la-jornada-informativa-fer Inscripcions curs 2021-2022:\u00a0https:\/\/www.futursemprenedors.cat\/curs-2021-2022\/inscripcio-fer-curs-2021-2022 Futurs\u00a0Emprenedors\u00a0Rurals\u00a0\u00e9s [&hellip;]<\/p>\n","protected":false},"author":1,"featured_media":11751,"comment_status":"open","ping_status":"closed","sticky":false,"template":"","format":"standard","meta":{"_bbp_topic_count":0,"_bbp_reply_count":0,"_bbp_total_topic_count":0,"_bbp_total_reply_count":0,"_bbp_voice_count":0,"_bbp_anonymous_reply_count":0,"_bbp_topic_count_hidden":0,"_bbp_reply_count_hidden":0,"_bbp_forum_subforum_count":0,"site-sidebar-layout":"default","site-content-layout":"","ast-site-content-layout":"","site-content-style":"default","site-sidebar-style":"default","ast-global-header-display":"","ast-banner-title-visibility":"","ast-main-header-display":"","ast-hfb-above-header-display":"","ast-hfb-below-header-display":"","ast-hfb-mobile-header-display":"","site-post-title":"","ast-breadcrumbs-content":"","ast-featured-img":"","footer-sml-layout":"","theme-transparent-header-meta":"","adv-header-id-meta":"","stick-header-meta":"","header-above-stick-meta":"","header-main-stick-meta":"","header-below-stick-meta":"","astra-migrate-meta-layouts":"default","ast-page-background-enabled":"default","ast-page-background-meta":{"desktop":{"background-color":"var(--ast-global-color-4)","background-image":"","background-repeat":"repeat","background-position":"center center","background-size":"auto","background-attachment":"scroll","background-type":"","background-media":"","overlay-type":"","overlay-color":"","overlay-opacity":"","overlay-gradient":""},"tablet":{"background-color":"","background-image":"","background-repeat":"repeat","background-position":"center center","background-size":"auto","background-attachment":"scroll","background-type":"","background-media":"","overlay-type":"","overlay-color":"","overlay-opacity":"","overlay-gradient":""},"mobile":{"background-color":"","background-image":"","background-repeat":"repeat","background-position":"center center","background-size":"auto","background-attachment":"scroll","background-type":"","background-media":"","overlay-type":"","overlay-color":"","overlay-opacity":"","overlay-gradient":""}},"ast-content-background-meta":{"desktop":{"background-color":"var(--ast-global-color-5)","background-image":"","background-repeat":"repeat","background-position":"center center","background-size":"auto","background-attachment":"scroll","background-type":"","background-media":"","overlay-type":"","overlay-color":"","overlay-opacity":"","overlay-gradient":""},"tablet":{"background-color":"var(--ast-global-color-5)","background-image":"","background-repeat":"repeat","background-position":"center center","background-size":"auto","background-attachment":"scroll","background-type":"","background-media":"","overlay-type":"","overlay-color":"","overlay-opacity":"","overlay-gradient":""},"mobile":{"background-color":"var(--ast-global-color-5)","background-image":"","background-repeat":"repeat","background-position":"center center","background-size":"auto","background-attachment":"scroll","background-type":"","background-media":"","overlay-type":"","overlay-color":"","overlay-opacity":"","overlay-gradient":""}},"footnotes":""},"categories":[1,29],"tags":[],"class_list":["post-11750","post","type-post","status-publish","format-standard","has-post-thumbnail","hentry","category-general","category-portada"],"post_mailing_queue_ids":[],"_links":{"self":[{"href":"https:\/\/serveiseducatius.xtec.cat\/conca\/wp-json\/wp\/v2\/posts\/11750","targetHints":{"allow":["GET"]}}],"collection":[{"href":"https:\/\/serveiseducatius.xtec.cat\/conca\/wp-json\/wp\/v2\/posts"}],"about":[{"href":"https:\/\/serveiseducatius.xtec.cat\/conca\/wp-json\/wp\/v2\/types\/post"}],"author":[{"embeddable":true,"href":"https:\/\/serveiseducatius.xtec.cat\/conca\/wp-json\/wp\/v2\/users\/1"}],"replies":[{"embeddable":true,"href":"https:\/\/serveiseducatius.xtec.cat\/conca\/wp-json\/wp\/v2\/comments?post=11750"}],"version-history":[{"count":4,"href":"https:\/\/serveiseducatius.xtec.cat\/conca\/wp-json\/wp\/v2\/posts\/11750\/revisions"}],"predecessor-version":[{"id":11756,"href":"https:\/\/serveiseducatius.xtec.cat\/conca\/wp-json\/wp\/v2\/posts\/11750\/revisions\/11756"}],"wp:featuredmedia":[{"embeddable":true,"href":"https:\/\/serveiseducatius.xtec.cat\/conca\/wp-json\/wp\/v2\/media\/11751"}],"wp:attachment":[{"href":"https:\/\/serveiseducatius.xtec.cat\/conca\/wp-json\/wp\/v2\/media?parent=11750"}],"wp:term":[{"taxonomy":"category","embeddable":true,"href":"https:\/\/serveiseducatius.xtec.cat\/conca\/wp-json\/wp\/v2\/categories?post=11750"},{"taxonomy":"post_tag","embeddable":true,"href":"https:\/\/serveiseducatius.xtec.cat\/conca\/wp-json\/wp\/v2\/tags?post=11750"}],"curies":[{"name":"wp","href":"https:\/\/api.w.org\/{rel}","templated":true}]}}