{"id":11712,"date":"2021-06-14T08:00:02","date_gmt":"2021-06-14T06:00:02","guid":{"rendered":"http:\/\/serveiseducatius.xtec.cat\/conca\/?p=11712"},"modified":"2021-06-09T13:40:14","modified_gmt":"2021-06-09T11:40:14","slug":"xix-jornada-anual-de-la-xarxa-cb-2-juliol","status":"publish","type":"post","link":"https:\/\/serveiseducatius.xtec.cat\/conca\/general\/xix-jornada-anual-de-la-xarxa-cb-2-juliol\/","title":{"rendered":"XIX Jornada anual de la Xarxa CB -2 juliol-"},"content":{"rendered":"<div><span style=\"color: #0b5394; font-family: tahoma, sans-serif;\">Ja estan <a href=\"https:\/\/docs.google.com\/forms\/d\/e\/1FAIpQLScytOerzKBVBTkOR-orM0jcw52I9pNTFRo46li0O7xSiVd49g\/viewform\" target=\"_blank\" rel=\"noopener noreferrer\" data-saferedirecturl=\"https:\/\/www.google.com\/url?q=https:\/\/docs.google.com\/forms\/d\/e\/1FAIpQLScytOerzKBVBTkOR-orM0jcw52I9pNTFRo46li0O7xSiVd49g\/viewform&amp;source=gmail&amp;ust=1623323103649000&amp;usg=AFQjCNFW7BdtC4-7bDYeDeLtNnH6rpnJug\">obertes les inscripcions\u00a0<\/a>per a la\u00a0<span style=\"font-size: large;\"><a href=\"https:\/\/blocs.xtec.cat\/19jornadaxarxacb\/\" target=\"_blank\" rel=\"noopener noreferrer\" data-saferedirecturl=\"https:\/\/www.google.com\/url?q=https:\/\/blocs.xtec.cat\/19jornadaxarxacb\/&amp;source=gmail&amp;ust=1623323103649000&amp;usg=AFQjCNG3HijF3oOZq6FH_Lx1hMswD1tVgQ\">XIX Jornada anual de La Xarxa<\/a>\u00a0<\/span>que es realitzaran de manera<span style=\"font-size: large;\">\u00a0virtual el\u00a0<a href=\"https:\/\/blocs.xtec.cat\/19jornadaxarxacb\/programa\/\" target=\"_blank\" rel=\"noopener noreferrer\" data-saferedirecturl=\"https:\/\/www.google.com\/url?q=https:\/\/blocs.xtec.cat\/19jornadaxarxacb\/programa\/&amp;source=gmail&amp;ust=1623323103649000&amp;usg=AFQjCNE-LbNSwtj7qfJJk4VNI5oOEMB6aQ\">divendres 2 de juliol.<\/a><\/span><\/span><\/div>\n<div><span style=\"color: #0b5394; font-family: tahoma, sans-serif;\">\u00a0<\/span><\/div>\n<div><span style=\"color: #0b5394; font-family: tahoma, sans-serif;\">En aquesta ocasi\u00f3 es celebrar\u00e0 el vint\u00e8 aniversari de &#8220;La Xarxa&#8221;, projecte col\u00b7lectiu d&#8217;aprenentatge entre iguals i en xarxa per enriquir-se m\u00fatuament i millorar els aprenentatges de tots els alumnes.<\/span><\/div>\n<div><span style=\"color: #0b5394; font-family: tahoma, sans-serif;\">\u00a0<\/span><\/div>\n<div><span style=\"color: #0b5394; font-family: tahoma, sans-serif;\">Es comptar\u00e0 amb la pres\u00e8ncia de <a href=\"https:\/\/es.slideshare.net\/AjuntamentdelPrat\/miguel-ngel-santos-guerrera-bibliografia-i-presentaci\" target=\"_blank\" rel=\"noopener noreferrer\" data-saferedirecturl=\"https:\/\/www.google.com\/url?q=https:\/\/es.slideshare.net\/AjuntamentdelPrat\/miguel-ngel-santos-guerrera-bibliografia-i-presentaci&amp;source=gmail&amp;ust=1623323103649000&amp;usg=AFQjCNGndneLavrJY5aM2zVhkWMkRQD6AA\">Miguel Angel Santos Guerra<\/a>\u00a0que ens oferir\u00e0 una confer\u00e8ncia que porta per t\u00edtol: &#8220;Evaluar con el coraz\u00f3n. Evaluaci\u00f3n: un proceso de di\u00e1logo, comprensi\u00f3n y mejora&#8221;<\/span><\/div>\n<div><span style=\"color: #0b5394; font-family: tahoma, sans-serif;\">\u00a0<\/span><\/div>\n<div><span style=\"color: #0b5394; font-family: tahoma, sans-serif;\">I podreu con\u00e8ixer les\u00a0<a href=\"https:\/\/blocs.xtec.cat\/19jornadaxarxacb\/espai-compartim-2\/\" target=\"_blank\" rel=\"noopener noreferrer\" data-saferedirecturl=\"https:\/\/www.google.com\/url?q=https:\/\/blocs.xtec.cat\/19jornadaxarxacb\/espai-compartim-2\/&amp;source=gmail&amp;ust=1623323103649000&amp;usg=AFQjCNFZAZwq1rZZVFkTufOW4EYnzfd5Gg\">experi\u00e8ncies de totes les etapes educatives<\/a>\u00a0de m\u00e9s de 60 centres sobre la millora de l&#8217;aprenentatge a trav\u00e9s de l&#8217;avaluaci\u00f3, l&#8217;\u00fas de les carpetes d&#8217;aprenentatge, l&#8217;observaci\u00f3 entre iguals, el treball cooperatiu, l&#8217;aprenentatge globalitzat, feedback&#8230;<\/span><\/div>\n<div><span style=\"color: #0b5394; font-family: tahoma, sans-serif;\">\u00a0<\/span><\/div>\n<div><\/div>\n","protected":false},"excerpt":{"rendered":"<p>Ja estan obertes les inscripcions\u00a0per a la\u00a0XIX Jornada anual de La Xarxa\u00a0que es realitzaran de manera\u00a0virtual el\u00a0divendres 2 de juliol.\u00a0En aquesta ocasi\u00f3 es celebrar\u00e0 el vint\u00e8 aniversari de &#8220;La Xarxa&#8221;, projecte col\u00b7lectiu d&#8217;aprenentatge entre iguals i en xarxa per enriquir-se m\u00fatuament i millorar els aprenentatges de tots els alumnes.\u00a0Es comptar\u00e0 amb la pres\u00e8ncia de Miguel Angel Santos Guerra\u00a0que ens oferir\u00e0 una confer\u00e8ncia que porta per t\u00edtol: &#8220;Evaluar con el coraz\u00f3n. Evaluaci\u00f3n: un proceso de di\u00e1logo, comprensi\u00f3n y mejora&#8221;<\/p>\n","protected":false},"author":1,"featured_media":11713,"comment_status":"open","ping_status":"closed","sticky":false,"template":"","format":"standard","meta":{"_bbp_topic_count":0,"_bbp_reply_count":0,"_bbp_total_topic_count":0,"_bbp_total_reply_count":0,"_bbp_voice_count":0,"_bbp_anonymous_reply_count":0,"_bbp_topic_count_hidden":0,"_bbp_reply_count_hidden":0,"_bbp_forum_subforum_count":0,"site-sidebar-layout":"default","site-content-layout":"","ast-site-content-layout":"","site-content-style":"default","site-sidebar-style":"default","ast-global-header-display":"","ast-banner-title-visibility":"","ast-main-header-display":"","ast-hfb-above-header-display":"","ast-hfb-below-header-display":"","ast-hfb-mobile-header-display":"","site-post-title":"","ast-breadcrumbs-content":"","ast-featured-img":"","footer-sml-layout":"","theme-transparent-header-meta":"","adv-header-id-meta":"","stick-header-meta":"","header-above-stick-meta":"","header-main-stick-meta":"","header-below-stick-meta":"","astra-migrate-meta-layouts":"default","ast-page-background-enabled":"default","ast-page-background-meta":{"desktop":{"background-color":"var(--ast-global-color-4)","background-image":"","background-repeat":"repeat","background-position":"center center","background-size":"auto","background-attachment":"scroll","background-type":"","background-media":"","overlay-type":"","overlay-color":"","overlay-opacity":"","overlay-gradient":""},"tablet":{"background-color":"","background-image":"","background-repeat":"repeat","background-position":"center center","background-size":"auto","background-attachment":"scroll","background-type":"","background-media":"","overlay-type":"","overlay-color":"","overlay-opacity":"","overlay-gradient":""},"mobile":{"background-color":"","background-image":"","background-repeat":"repeat","background-position":"center center","background-size":"auto","background-attachment":"scroll","background-type":"","background-media":"","overlay-type":"","overlay-color":"","overlay-opacity":"","overlay-gradient":""}},"ast-content-background-meta":{"desktop":{"background-color":"var(--ast-global-color-5)","background-image":"","background-repeat":"repeat","background-position":"center center","background-size":"auto","background-attachment":"scroll","background-type":"","background-media":"","overlay-type":"","overlay-color":"","overlay-opacity":"","overlay-gradient":""},"tablet":{"background-color":"var(--ast-global-color-5)","background-image":"","background-repeat":"repeat","background-position":"center center","background-size":"auto","background-attachment":"scroll","background-type":"","background-media":"","overlay-type":"","overlay-color":"","overlay-opacity":"","overlay-gradient":""},"mobile":{"background-color":"var(--ast-global-color-5)","background-image":"","background-repeat":"repeat","background-position":"center center","background-size":"auto","background-attachment":"scroll","background-type":"","background-media":"","overlay-type":"","overlay-color":"","overlay-opacity":"","overlay-gradient":""}},"footnotes":""},"categories":[65,1,29,446],"tags":[473,194,163,172,179],"class_list":["post-11712","post","type-post","status-publish","format-standard","has-post-thumbnail","hentry","category-crp","category-general","category-portada","category-xarxa-cb","tag-adults","tag-avaluacio","tag-educacio-infantil","tag-educacio-primaria","tag-educacio-secundaria"],"post_mailing_queue_ids":[],"_links":{"self":[{"href":"https:\/\/serveiseducatius.xtec.cat\/conca\/wp-json\/wp\/v2\/posts\/11712","targetHints":{"allow":["GET"]}}],"collection":[{"href":"https:\/\/serveiseducatius.xtec.cat\/conca\/wp-json\/wp\/v2\/posts"}],"about":[{"href":"https:\/\/serveiseducatius.xtec.cat\/conca\/wp-json\/wp\/v2\/types\/post"}],"author":[{"embeddable":true,"href":"https:\/\/serveiseducatius.xtec.cat\/conca\/wp-json\/wp\/v2\/users\/1"}],"replies":[{"embeddable":true,"href":"https:\/\/serveiseducatius.xtec.cat\/conca\/wp-json\/wp\/v2\/comments?post=11712"}],"version-history":[{"count":2,"href":"https:\/\/serveiseducatius.xtec.cat\/conca\/wp-json\/wp\/v2\/posts\/11712\/revisions"}],"predecessor-version":[{"id":11715,"href":"https:\/\/serveiseducatius.xtec.cat\/conca\/wp-json\/wp\/v2\/posts\/11712\/revisions\/11715"}],"wp:featuredmedia":[{"embeddable":true,"href":"https:\/\/serveiseducatius.xtec.cat\/conca\/wp-json\/wp\/v2\/media\/11713"}],"wp:attachment":[{"href":"https:\/\/serveiseducatius.xtec.cat\/conca\/wp-json\/wp\/v2\/media?parent=11712"}],"wp:term":[{"taxonomy":"category","embeddable":true,"href":"https:\/\/serveiseducatius.xtec.cat\/conca\/wp-json\/wp\/v2\/categories?post=11712"},{"taxonomy":"post_tag","embeddable":true,"href":"https:\/\/serveiseducatius.xtec.cat\/conca\/wp-json\/wp\/v2\/tags?post=11712"}],"curies":[{"name":"wp","href":"https:\/\/api.w.org\/{rel}","templated":true}]}}