{"id":11537,"date":"2021-04-26T08:00:47","date_gmt":"2021-04-26T06:00:47","guid":{"rendered":"http:\/\/serveiseducatius.xtec.cat\/conca\/?p=11537"},"modified":"2021-04-21T15:30:51","modified_gmt":"2021-04-21T13:30:51","slug":"funcions-i-organitzacio-de-la-comissio-destrategia-digital-de-centre","status":"publish","type":"post","link":"https:\/\/serveiseducatius.xtec.cat\/conca\/portada\/funcions-i-organitzacio-de-la-comissio-destrategia-digital-de-centre\/","title":{"rendered":"Funcions i organitzaci\u00f3 de la comissi\u00f3 d&#8217;estrat\u00e8gia digital de centre"},"content":{"rendered":"<p>Ja ha sortit el document <a href=\"http:\/\/educacio.gencat.cat\/web\/.content\/home\/departament\/publicacions\/monografies\/pla-educacio-digital\/funcions-comissio-estrategia-digital-centre\/funcions-comissio-estrategia-digital-centre.pdf\" target=\"_blank\" rel=\"noopener noreferrer\">&#8220;Funcions i organitzaci\u00f3 de la comissi\u00f3 d&#8217;estrat\u00e8gia digital de centre&#8221;<\/a> on s&#8217;especifica qu\u00e8 \u00e9s la comissi\u00f3, qui en forma part i el seu lideratge, el seu funcionament i les funcions aix\u00ed com la seva dinamitzaci\u00f3.<\/p>\n<p>La comissi\u00f3 d&#8217;estrat\u00e8gia digital de centre \u00e9s l&#8217;equip encarregat de definir i implementar l&#8217;estrat\u00e8gia que vol seguir un centre en relaci\u00f3 amb les tecnologies digitals, amb l&#8217;objectiu que l&#8217;alumnat, els docents i el centre assoleixin el nivell m\u00e9s alt possible de maduresa i compet\u00e8ncia digital des d&#8217;una perspectiva d&#8217;innovaci\u00f3 i de millora cont\u00ednua. Per tant, ha de ser, per una banda, un equip impulsor de l&#8217;Estrat\u00e8gia Digital de Centre (EDC) i, per l&#8217;altra, un equip dinamitzador que faci arribar l&#8217;Estrat\u00e8gia Digital a tota la comunitat educativa.<\/p>\n<p>Per tant, les funcions de la comissi\u00f3 \u00e9s l&#8217;elaboraci\u00f3 de l&#8217;EDC, la planificaci\u00f3 de la seva implementaci\u00f3 i el seu seguiment i avaluaci\u00f3. Per portar a terme tot aix\u00f2, ha de comprendre tots els \u00e0mbits del centre: organitzatius, metodol\u00f2gics, curriculars i comunicatius.<\/p>\n<p>&nbsp;<\/p>\n","protected":false},"excerpt":{"rendered":"<p>Ja ha sortit el document &#8220;Funcions i organitzaci\u00f3 de la comissi\u00f3 d&#8217;estrat\u00e8gia digital de centre&#8221; on s&#8217;especifica qu\u00e8 \u00e9s la comissi\u00f3, qui en forma part i el seu lideratge, el seu funcionament i les funcions aix\u00ed com la seva dinamitzaci\u00f3. La comissi\u00f3 d&#8217;estrat\u00e8gia digital de centre \u00e9s l&#8217;equip encarregat de definir i implementar l&#8217;estrat\u00e8gia que [&hellip;]<\/p>\n","protected":false},"author":1,"featured_media":11538,"comment_status":"open","ping_status":"closed","sticky":false,"template":"","format":"standard","meta":{"_bbp_topic_count":0,"_bbp_reply_count":0,"_bbp_total_topic_count":0,"_bbp_total_reply_count":0,"_bbp_voice_count":0,"_bbp_anonymous_reply_count":0,"_bbp_topic_count_hidden":0,"_bbp_reply_count_hidden":0,"_bbp_forum_subforum_count":0,"site-sidebar-layout":"default","site-content-layout":"","ast-site-content-layout":"","site-content-style":"default","site-sidebar-style":"default","ast-global-header-display":"","ast-banner-title-visibility":"","ast-main-header-display":"","ast-hfb-above-header-display":"","ast-hfb-below-header-display":"","ast-hfb-mobile-header-display":"","site-post-title":"","ast-breadcrumbs-content":"","ast-featured-img":"","footer-sml-layout":"","theme-transparent-header-meta":"","adv-header-id-meta":"","stick-header-meta":"","header-above-stick-meta":"","header-main-stick-meta":"","header-below-stick-meta":"","astra-migrate-meta-layouts":"default","ast-page-background-enabled":"default","ast-page-background-meta":{"desktop":{"background-color":"var(--ast-global-color-4)","background-image":"","background-repeat":"repeat","background-position":"center center","background-size":"auto","background-attachment":"scroll","background-type":"","background-media":"","overlay-type":"","overlay-color":"","overlay-opacity":"","overlay-gradient":""},"tablet":{"background-color":"","background-image":"","background-repeat":"repeat","background-position":"center center","background-size":"auto","background-attachment":"scroll","background-type":"","background-media":"","overlay-type":"","overlay-color":"","overlay-opacity":"","overlay-gradient":""},"mobile":{"background-color":"","background-image":"","background-repeat":"repeat","background-position":"center center","background-size":"auto","background-attachment":"scroll","background-type":"","background-media":"","overlay-type":"","overlay-color":"","overlay-opacity":"","overlay-gradient":""}},"ast-content-background-meta":{"desktop":{"background-color":"var(--ast-global-color-5)","background-image":"","background-repeat":"repeat","background-position":"center center","background-size":"auto","background-attachment":"scroll","background-type":"","background-media":"","overlay-type":"","overlay-color":"","overlay-opacity":"","overlay-gradient":""},"tablet":{"background-color":"var(--ast-global-color-5)","background-image":"","background-repeat":"repeat","background-position":"center center","background-size":"auto","background-attachment":"scroll","background-type":"","background-media":"","overlay-type":"","overlay-color":"","overlay-opacity":"","overlay-gradient":""},"mobile":{"background-color":"var(--ast-global-color-5)","background-image":"","background-repeat":"repeat","background-position":"center center","background-size":"auto","background-attachment":"scroll","background-type":"","background-media":"","overlay-type":"","overlay-color":"","overlay-opacity":"","overlay-gradient":""}},"footnotes":""},"categories":[65,78,29],"tags":[249,619,618,351,163,172,179],"class_list":["post-11537","post","type-post","status-publish","format-standard","has-post-thumbnail","hentry","category-crp","category-cd","category-portada","tag-batxillerat","tag-ced","tag-comissio-estragegia-digital","tag-comissio-tac","tag-educacio-infantil","tag-educacio-primaria","tag-educacio-secundaria"],"post_mailing_queue_ids":[],"_links":{"self":[{"href":"https:\/\/serveiseducatius.xtec.cat\/conca\/wp-json\/wp\/v2\/posts\/11537","targetHints":{"allow":["GET"]}}],"collection":[{"href":"https:\/\/serveiseducatius.xtec.cat\/conca\/wp-json\/wp\/v2\/posts"}],"about":[{"href":"https:\/\/serveiseducatius.xtec.cat\/conca\/wp-json\/wp\/v2\/types\/post"}],"author":[{"embeddable":true,"href":"https:\/\/serveiseducatius.xtec.cat\/conca\/wp-json\/wp\/v2\/users\/1"}],"replies":[{"embeddable":true,"href":"https:\/\/serveiseducatius.xtec.cat\/conca\/wp-json\/wp\/v2\/comments?post=11537"}],"version-history":[{"count":1,"href":"https:\/\/serveiseducatius.xtec.cat\/conca\/wp-json\/wp\/v2\/posts\/11537\/revisions"}],"predecessor-version":[{"id":11539,"href":"https:\/\/serveiseducatius.xtec.cat\/conca\/wp-json\/wp\/v2\/posts\/11537\/revisions\/11539"}],"wp:featuredmedia":[{"embeddable":true,"href":"https:\/\/serveiseducatius.xtec.cat\/conca\/wp-json\/wp\/v2\/media\/11538"}],"wp:attachment":[{"href":"https:\/\/serveiseducatius.xtec.cat\/conca\/wp-json\/wp\/v2\/media?parent=11537"}],"wp:term":[{"taxonomy":"category","embeddable":true,"href":"https:\/\/serveiseducatius.xtec.cat\/conca\/wp-json\/wp\/v2\/categories?post=11537"},{"taxonomy":"post_tag","embeddable":true,"href":"https:\/\/serveiseducatius.xtec.cat\/conca\/wp-json\/wp\/v2\/tags?post=11537"}],"curies":[{"name":"wp","href":"https:\/\/api.w.org\/{rel}","templated":true}]}}