{"id":11232,"date":"2021-03-03T08:00:01","date_gmt":"2021-03-03T07:00:01","guid":{"rendered":"http:\/\/serveiseducatius.xtec.cat\/conca\/?p=11232"},"modified":"2021-03-01T16:41:24","modified_gmt":"2021-03-01T15:41:24","slug":"material-bibliografic-pel-dia-internacional-de-les-dones-8-de-marc","status":"publish","type":"post","link":"https:\/\/serveiseducatius.xtec.cat\/conca\/portada\/material-bibliografic-pel-dia-internacional-de-les-dones-8-de-marc\/","title":{"rendered":"Material bibliogr\u00e0fic pel dia Internacional de les Dones. 8 de mar\u00e7"},"content":{"rendered":"<p>Us compartim material bibliogr\u00e0fic per treballar el dia Internacional de les Dones des l&#8217;Institut Catal\u00e0 de les Dones (ICD):<\/p>\n<ul>\n<li>material auto imprimible, el manifest del 8 de mar\u00e7 i la presentaci\u00f3 de la campanya. <a href=\"https:\/\/dones.gencat.cat\/ca\/ambits\/campanyes\/8m-dia-internacional-dones\/\" target=\"_blank\" rel=\"noopener noreferrer\">https:\/\/dones.gencat.cat\/ca\/ambits\/campanyes\/8m-dia-internacional-dones\/<\/a><\/li>\n<li>\u00a0orientacions i recomanacions fetes des del Centre de Documentaci\u00f3 de l\u2018ICD:\n<ul>\n<li><a href=\"https:\/\/dones.gencat.cat\/web\/.content\/03_ambits\/docs\/cdoc_recull_tematic_diadones.pdf\" target=\"_blank\" rel=\"noopener noreferrer\">https:\/\/dones.gencat.cat\/web\/.content\/03_ambits\/docs\/cdoc_recull_tematic_diadones.pdf <\/a>(La selecci\u00f3 de recursos documentals\u00a0 compr\u00e8n una mostra representativa de refer\u00e8ncies b\u00e0siques i actuals sobre el tema. Es tracta d\u2019un recull documental que vol ser \u00fatil a totes aquelles persones interessades o que vulguin aprofundir i ampliar els seus coneixements en el tema del recull. S\u2019inclouen documents en diferents tipologies: monografies, estudis, informes, articles de revista, audiovisuals i recursos electr\u00f2nics, entre d\u2019altres, amb un comentari informatiu sobre cadascun dels documents ressenyats.)<\/li>\n<li><a href=\"https:\/\/dones.gencat.cat\/web\/.content\/03_ambits\/docs\/cdoc_guialectura_diadones.pdf\" target=\"_blank\" rel=\"noopener noreferrer\">https:\/\/dones.gencat.cat\/web\/.content\/03_ambits\/docs\/cdoc_guialectura_diadones.pdf <\/a>(10 p\u00e0giness on es recull un llistat d\u2019alguns dels recursos sobre la commemoraci\u00f3 i sobre les dones estudiades, des de diferents vessants que es poden trobar a les biblioteques p\u00fabliques de Catalunya)<\/li>\n<\/ul>\n<\/li>\n<\/ul>\n<p>&nbsp;<\/p>\n<p>&nbsp;<\/p>\n","protected":false},"excerpt":{"rendered":"<p>Us compartim material bibliogr\u00e0fic per treballar el dia Internacional de les Dones des l&#8217;Institut Catal\u00e0 de les Dones (ICD): material auto imprimible, el manifest del 8 de mar\u00e7 i la presentaci\u00f3 de la campanya. https:\/\/dones.gencat.cat\/ca\/ambits\/campanyes\/8m-dia-internacional-dones\/ \u00a0orientacions i recomanacions fetes des del Centre de Documentaci\u00f3 de l\u2018ICD: https:\/\/dones.gencat.cat\/web\/.content\/03_ambits\/docs\/cdoc_recull_tematic_diadones.pdf (La selecci\u00f3 de recursos documentals\u00a0 compr\u00e8n una mostra [&hellip;]<\/p>\n","protected":false},"author":1,"featured_media":11233,"comment_status":"open","ping_status":"closed","sticky":false,"template":"","format":"standard","meta":{"_bbp_topic_count":0,"_bbp_reply_count":0,"_bbp_total_topic_count":0,"_bbp_total_reply_count":0,"_bbp_voice_count":0,"_bbp_anonymous_reply_count":0,"_bbp_topic_count_hidden":0,"_bbp_reply_count_hidden":0,"_bbp_forum_subforum_count":0,"site-sidebar-layout":"default","site-content-layout":"","ast-site-content-layout":"","site-content-style":"default","site-sidebar-style":"default","ast-global-header-display":"","ast-banner-title-visibility":"","ast-main-header-display":"","ast-hfb-above-header-display":"","ast-hfb-below-header-display":"","ast-hfb-mobile-header-display":"","site-post-title":"","ast-breadcrumbs-content":"","ast-featured-img":"","footer-sml-layout":"","theme-transparent-header-meta":"","adv-header-id-meta":"","stick-header-meta":"","header-above-stick-meta":"","header-main-stick-meta":"","header-below-stick-meta":"","astra-migrate-meta-layouts":"default","ast-page-background-enabled":"default","ast-page-background-meta":{"desktop":{"background-color":"var(--ast-global-color-4)","background-image":"","background-repeat":"repeat","background-position":"center center","background-size":"auto","background-attachment":"scroll","background-type":"","background-media":"","overlay-type":"","overlay-color":"","overlay-opacity":"","overlay-gradient":""},"tablet":{"background-color":"","background-image":"","background-repeat":"repeat","background-position":"center center","background-size":"auto","background-attachment":"scroll","background-type":"","background-media":"","overlay-type":"","overlay-color":"","overlay-opacity":"","overlay-gradient":""},"mobile":{"background-color":"","background-image":"","background-repeat":"repeat","background-position":"center center","background-size":"auto","background-attachment":"scroll","background-type":"","background-media":"","overlay-type":"","overlay-color":"","overlay-opacity":"","overlay-gradient":""}},"ast-content-background-meta":{"desktop":{"background-color":"var(--ast-global-color-5)","background-image":"","background-repeat":"repeat","background-position":"center center","background-size":"auto","background-attachment":"scroll","background-type":"","background-media":"","overlay-type":"","overlay-color":"","overlay-opacity":"","overlay-gradient":""},"tablet":{"background-color":"var(--ast-global-color-5)","background-image":"","background-repeat":"repeat","background-position":"center center","background-size":"auto","background-attachment":"scroll","background-type":"","background-media":"","overlay-type":"","overlay-color":"","overlay-opacity":"","overlay-gradient":""},"mobile":{"background-color":"var(--ast-global-color-5)","background-image":"","background-repeat":"repeat","background-position":"center center","background-size":"auto","background-attachment":"scroll","background-type":"","background-media":"","overlay-type":"","overlay-color":"","overlay-opacity":"","overlay-gradient":""}},"footnotes":""},"categories":[568,496,29],"tags":[604,554,207],"class_list":["post-11232","post","type-post","status-publish","format-standard","has-post-thumbnail","hentry","category-a-la-xarxa","category-coeducacio","category-portada","tag-bibliografia","tag-coeducacio","tag-professorat"],"post_mailing_queue_ids":[],"_links":{"self":[{"href":"https:\/\/serveiseducatius.xtec.cat\/conca\/wp-json\/wp\/v2\/posts\/11232","targetHints":{"allow":["GET"]}}],"collection":[{"href":"https:\/\/serveiseducatius.xtec.cat\/conca\/wp-json\/wp\/v2\/posts"}],"about":[{"href":"https:\/\/serveiseducatius.xtec.cat\/conca\/wp-json\/wp\/v2\/types\/post"}],"author":[{"embeddable":true,"href":"https:\/\/serveiseducatius.xtec.cat\/conca\/wp-json\/wp\/v2\/users\/1"}],"replies":[{"embeddable":true,"href":"https:\/\/serveiseducatius.xtec.cat\/conca\/wp-json\/wp\/v2\/comments?post=11232"}],"version-history":[{"count":3,"href":"https:\/\/serveiseducatius.xtec.cat\/conca\/wp-json\/wp\/v2\/posts\/11232\/revisions"}],"predecessor-version":[{"id":11236,"href":"https:\/\/serveiseducatius.xtec.cat\/conca\/wp-json\/wp\/v2\/posts\/11232\/revisions\/11236"}],"wp:featuredmedia":[{"embeddable":true,"href":"https:\/\/serveiseducatius.xtec.cat\/conca\/wp-json\/wp\/v2\/media\/11233"}],"wp:attachment":[{"href":"https:\/\/serveiseducatius.xtec.cat\/conca\/wp-json\/wp\/v2\/media?parent=11232"}],"wp:term":[{"taxonomy":"category","embeddable":true,"href":"https:\/\/serveiseducatius.xtec.cat\/conca\/wp-json\/wp\/v2\/categories?post=11232"},{"taxonomy":"post_tag","embeddable":true,"href":"https:\/\/serveiseducatius.xtec.cat\/conca\/wp-json\/wp\/v2\/tags?post=11232"}],"curies":[{"name":"wp","href":"https:\/\/api.w.org\/{rel}","templated":true}]}}