{"id":11166,"date":"2021-02-25T08:00:42","date_gmt":"2021-02-25T07:00:42","guid":{"rendered":"http:\/\/serveiseducatius.xtec.cat\/conca\/?p=11166"},"modified":"2021-02-22T12:30:52","modified_gmt":"2021-02-22T11:30:52","slug":"vii-fira-tastet-de-ciencia","status":"publish","type":"post","link":"https:\/\/serveiseducatius.xtec.cat\/conca\/portada\/vii-fira-tastet-de-ciencia\/","title":{"rendered":"VII Fira Tastet de Ci\u00e8ncia"},"content":{"rendered":"<div>\n<p>Atenci\u00f3! L\u2019edici\u00f3 d\u2019enguany agafa un nou format.<\/p>\n<p>La VII Fira de Tastet de Ci\u00e8ncia es realitzar\u00e0 del 21 al 31 de maig amb un format h\u00edbrid: virtual i presencial. Els centres elaboraran les seves experi\u00e8ncies de ci\u00e8ncia, tecnologia i matem\u00e0tiques en <b>format audiovisual<\/b>. Els v\u00eddeos generats quedaran penjats en una plataforma que permetr\u00e0 fer un recorregut virtual en 360\u00b0 per l\u2019espai on tradicionalment se celebra la Fira Tastet de Ci\u00e8ncia. Aquest recorregut virtual es presentar\u00e0 el dia 21 de maig.<\/p>\n<h5><strong>Objectius de la Fira<\/strong><\/h5>\n<ul>\n<li>Divulgar, per part d\u2019alumnat i professorat, experi\u00e8ncies de refer\u00e8ncia cient\u00edfiques, matem\u00e0tiques i tecnol\u00f2giques.<\/li>\n<li>Fomentar la compet\u00e8ncia comunicativa de l\u2019alumnat dels centres educatius basada en el coneixement de les ci\u00e8ncies.<\/li>\n<li>Despertar vocacions cient\u00edfiques en l\u2019alumnat d\u2019educaci\u00f3 obligat\u00f2ria i postobligat\u00f2ria que facilitin una orientaci\u00f3 professional<\/li>\n<\/ul>\n<\/div>\n<div>Trobareu m\u00e9s informaci\u00f3 i l&#8217;acc\u00e9s a la inscripci\u00f3 en\u00a0<a href=\"https:\/\/serveiseducatius.xtec.cat\/baixcamp\/tastet\/bases-de-participacio\/\" target=\"_blank\" rel=\"noopener noreferrer\" data-saferedirecturl=\"https:\/\/www.google.com\/url?q=https:\/\/serveiseducatius.xtec.cat\/baixcamp\/tastet\/bases-de-participacio\/&amp;source=gmail&amp;ust=1614067091492000&amp;usg=AFQjCNHyR9IC_MW2mfDN0p1RG-4dmsg23g\">aquest enlla\u00e7<\/a>.<\/div>\n","protected":false},"excerpt":{"rendered":"<p>Atenci\u00f3! L\u2019edici\u00f3 d\u2019enguany agafa un nou format.La VII Fira de Tastet de Ci\u00e8ncia es realitzar\u00e0 del 21 al 31 de maig amb un format h\u00edbrid: virtual i presencial. Els centres elaboraran les seves experi\u00e8ncies de ci\u00e8ncia, tecnologia i matem\u00e0tiques en format audiovisual. Els v\u00eddeos generats quedaran penjats en una plataforma que permetr\u00e0 fer un recorregut virtual en 360\u00b0 per l\u2019espai on tradicionalment se celebra la Fira Tastet de Ci\u00e8ncia. Aquest recorregut virtual es presentar\u00e0 el dia 21 de maig.<\/p>\n","protected":false},"author":1,"featured_media":11167,"comment_status":"open","ping_status":"closed","sticky":false,"template":"","format":"standard","meta":{"_bbp_topic_count":0,"_bbp_reply_count":0,"_bbp_total_topic_count":0,"_bbp_total_reply_count":0,"_bbp_voice_count":0,"_bbp_anonymous_reply_count":0,"_bbp_topic_count_hidden":0,"_bbp_reply_count_hidden":0,"_bbp_forum_subforum_count":0,"site-sidebar-layout":"default","site-content-layout":"","ast-site-content-layout":"","site-content-style":"default","site-sidebar-style":"default","ast-global-header-display":"","ast-banner-title-visibility":"","ast-main-header-display":"","ast-hfb-above-header-display":"","ast-hfb-below-header-display":"","ast-hfb-mobile-header-display":"","site-post-title":"","ast-breadcrumbs-content":"","ast-featured-img":"","footer-sml-layout":"","theme-transparent-header-meta":"","adv-header-id-meta":"","stick-header-meta":"","header-above-stick-meta":"","header-main-stick-meta":"","header-below-stick-meta":"","astra-migrate-meta-layouts":"default","ast-page-background-enabled":"default","ast-page-background-meta":{"desktop":{"background-color":"var(--ast-global-color-4)","background-image":"","background-repeat":"repeat","background-position":"center center","background-size":"auto","background-attachment":"scroll","background-type":"","background-media":"","overlay-type":"","overlay-color":"","overlay-opacity":"","overlay-gradient":""},"tablet":{"background-color":"","background-image":"","background-repeat":"repeat","background-position":"center center","background-size":"auto","background-attachment":"scroll","background-type":"","background-media":"","overlay-type":"","overlay-color":"","overlay-opacity":"","overlay-gradient":""},"mobile":{"background-color":"","background-image":"","background-repeat":"repeat","background-position":"center center","background-size":"auto","background-attachment":"scroll","background-type":"","background-media":"","overlay-type":"","overlay-color":"","overlay-opacity":"","overlay-gradient":""}},"ast-content-background-meta":{"desktop":{"background-color":"var(--ast-global-color-5)","background-image":"","background-repeat":"repeat","background-position":"center center","background-size":"auto","background-attachment":"scroll","background-type":"","background-media":"","overlay-type":"","overlay-color":"","overlay-opacity":"","overlay-gradient":""},"tablet":{"background-color":"var(--ast-global-color-5)","background-image":"","background-repeat":"repeat","background-position":"center center","background-size":"auto","background-attachment":"scroll","background-type":"","background-media":"","overlay-type":"","overlay-color":"","overlay-opacity":"","overlay-gradient":""},"mobile":{"background-color":"var(--ast-global-color-5)","background-image":"","background-repeat":"repeat","background-position":"center center","background-size":"auto","background-attachment":"scroll","background-type":"","background-media":"","overlay-type":"","overlay-color":"","overlay-opacity":"","overlay-gradient":""}},"footnotes":""},"categories":[29],"tags":[250,515,532],"class_list":["post-11166","post","type-post","status-publish","format-standard","has-post-thumbnail","hentry","category-portada","tag-ciencia","tag-fira","tag-steam"],"post_mailing_queue_ids":[],"_links":{"self":[{"href":"https:\/\/serveiseducatius.xtec.cat\/conca\/wp-json\/wp\/v2\/posts\/11166","targetHints":{"allow":["GET"]}}],"collection":[{"href":"https:\/\/serveiseducatius.xtec.cat\/conca\/wp-json\/wp\/v2\/posts"}],"about":[{"href":"https:\/\/serveiseducatius.xtec.cat\/conca\/wp-json\/wp\/v2\/types\/post"}],"author":[{"embeddable":true,"href":"https:\/\/serveiseducatius.xtec.cat\/conca\/wp-json\/wp\/v2\/users\/1"}],"replies":[{"embeddable":true,"href":"https:\/\/serveiseducatius.xtec.cat\/conca\/wp-json\/wp\/v2\/comments?post=11166"}],"version-history":[{"count":2,"href":"https:\/\/serveiseducatius.xtec.cat\/conca\/wp-json\/wp\/v2\/posts\/11166\/revisions"}],"predecessor-version":[{"id":11169,"href":"https:\/\/serveiseducatius.xtec.cat\/conca\/wp-json\/wp\/v2\/posts\/11166\/revisions\/11169"}],"wp:featuredmedia":[{"embeddable":true,"href":"https:\/\/serveiseducatius.xtec.cat\/conca\/wp-json\/wp\/v2\/media\/11167"}],"wp:attachment":[{"href":"https:\/\/serveiseducatius.xtec.cat\/conca\/wp-json\/wp\/v2\/media?parent=11166"}],"wp:term":[{"taxonomy":"category","embeddable":true,"href":"https:\/\/serveiseducatius.xtec.cat\/conca\/wp-json\/wp\/v2\/categories?post=11166"},{"taxonomy":"post_tag","embeddable":true,"href":"https:\/\/serveiseducatius.xtec.cat\/conca\/wp-json\/wp\/v2\/tags?post=11166"}],"curies":[{"name":"wp","href":"https:\/\/api.w.org\/{rel}","templated":true}]}}