{"id":11112,"date":"2021-02-11T12:34:32","date_gmt":"2021-02-11T11:34:32","guid":{"rendered":"http:\/\/serveiseducatius.xtec.cat\/conca\/?p=11112"},"modified":"2021-02-11T12:34:32","modified_gmt":"2021-02-11T11:34:32","slug":"viii-jocs-florals","status":"publish","type":"post","link":"https:\/\/serveiseducatius.xtec.cat\/conca\/general\/viii-jocs-florals\/","title":{"rendered":"VIII Jocs Florals"},"content":{"rendered":"<p>El Departament d\u2019Educaci\u00f3 convoca els<strong> VIII Jocs Florals Escolars de Catalunya<\/strong> amb l\u2019objectiu de promoure l\u2019escriptura tant en prosa com en poesia en infants i joves de <strong>sis a divuit anys<\/strong>. Per tal d\u2019impulsar la producci\u00f3 de textos escrits en poesia, enguany a cada cicle escolar, es premiar\u00e0 una producci\u00f3 escrita en poesia i una altra en prosa. La categoria del conte il\u00b7lustrat est\u00e0 adre\u00e7at a tots els alumnes de prim\u00e0ria i als alumnes de prim\u00e0ria de les escoles d\u2019educaci\u00f3 especial.<\/p>\n<p>Els treballs presentats, un per categoria, han de ser <strong>col\u00b7lectius<\/strong> excepte les categories F1, F2, G1 i G2\u00a0 (secund\u00e0ria obligat\u00f2ria) que hauran de ser individuals. En el cas de ser col\u00b7lectius cada centre pot decidir el nombre d\u2019alumnat que hi participa.<br \/>\nEl centre ha de garantir que els treballs presentats s\u00f3n originals i elaborats a l\u2019aula. Aquests treballs han de ser una mostra del proc\u00e9s d&#8217;escriptura que es fa als centres i no nom\u00e9s escrits per ser presentats al certamen dels VIII Jocs Florals Escolars de Catalunya.<\/p>\n<p><a href=\"https:\/\/serveiseducatius.xtec.cat\/conca\/wp-content\/uploads\/usu1131\/2021\/02\/Bases-dels-Jocs-Florals-Escolars-de-Catalunya_2020-2021_revisat.docx\" target=\"_blank\" rel=\"noopener noreferrer\">Bases<\/a><\/p>\n<p><a href=\"https:\/\/serveiseducatius.xtec.cat\/conca\/wp-content\/uploads\/usu1131\/2021\/02\/Bases-dels-contes-audiovisuals-2020-2021_revisat.docx\" target=\"_blank\" rel=\"noopener noreferrer\">Bases dels contes audiovisuals<\/a><\/p>\n<p>M\u00e9s informaci\u00f3: <a href=\"http:\/\/xtec.gencat.cat\/ca\/centres\/alscentres\/premis\/jocsflorals\/2021\/\" target=\"_blank\" rel=\"noopener noreferrer\">http:\/\/xtec.gencat.cat\/ca\/centres\/alscentres\/premis\/jocsflorals\/2021\/<\/a><\/p>\n","protected":false},"excerpt":{"rendered":"<p>El Departament d\u2019Educaci\u00f3 convoca els VIII Jocs Florals Escolars de Catalunya amb l\u2019objectiu de promoure l\u2019escriptura tant en prosa com en poesia en infants i joves de sis a divuit anys. Per tal d\u2019impulsar la producci\u00f3 de textos escrits en poesia, enguany a cada cicle escolar, es premiar\u00e0 una producci\u00f3 escrita en poesia i una [&hellip;]<\/p>\n","protected":false},"author":1,"featured_media":10073,"comment_status":"open","ping_status":"closed","sticky":false,"template":"","format":"standard","meta":{"_bbp_topic_count":0,"_bbp_reply_count":0,"_bbp_total_topic_count":0,"_bbp_total_reply_count":0,"_bbp_voice_count":0,"_bbp_anonymous_reply_count":0,"_bbp_topic_count_hidden":0,"_bbp_reply_count_hidden":0,"_bbp_forum_subforum_count":0,"site-sidebar-layout":"default","site-content-layout":"","ast-site-content-layout":"","site-content-style":"default","site-sidebar-style":"default","ast-global-header-display":"","ast-banner-title-visibility":"","ast-main-header-display":"","ast-hfb-above-header-display":"","ast-hfb-below-header-display":"","ast-hfb-mobile-header-display":"","site-post-title":"","ast-breadcrumbs-content":"","ast-featured-img":"","footer-sml-layout":"","theme-transparent-header-meta":"","adv-header-id-meta":"","stick-header-meta":"","header-above-stick-meta":"","header-main-stick-meta":"","header-below-stick-meta":"","astra-migrate-meta-layouts":"default","ast-page-background-enabled":"default","ast-page-background-meta":{"desktop":{"background-color":"var(--ast-global-color-4)","background-image":"","background-repeat":"repeat","background-position":"center center","background-size":"auto","background-attachment":"scroll","background-type":"","background-media":"","overlay-type":"","overlay-color":"","overlay-opacity":"","overlay-gradient":""},"tablet":{"background-color":"","background-image":"","background-repeat":"repeat","background-position":"center center","background-size":"auto","background-attachment":"scroll","background-type":"","background-media":"","overlay-type":"","overlay-color":"","overlay-opacity":"","overlay-gradient":""},"mobile":{"background-color":"","background-image":"","background-repeat":"repeat","background-position":"center center","background-size":"auto","background-attachment":"scroll","background-type":"","background-media":"","overlay-type":"","overlay-color":"","overlay-opacity":"","overlay-gradient":""}},"ast-content-background-meta":{"desktop":{"background-color":"var(--ast-global-color-5)","background-image":"","background-repeat":"repeat","background-position":"center center","background-size":"auto","background-attachment":"scroll","background-type":"","background-media":"","overlay-type":"","overlay-color":"","overlay-opacity":"","overlay-gradient":""},"tablet":{"background-color":"var(--ast-global-color-5)","background-image":"","background-repeat":"repeat","background-position":"center center","background-size":"auto","background-attachment":"scroll","background-type":"","background-media":"","overlay-type":"","overlay-color":"","overlay-opacity":"","overlay-gradient":""},"mobile":{"background-color":"var(--ast-global-color-5)","background-image":"","background-repeat":"repeat","background-position":"center center","background-size":"auto","background-attachment":"scroll","background-type":"","background-media":"","overlay-type":"","overlay-color":"","overlay-opacity":"","overlay-gradient":""}},"footnotes":""},"categories":[1,29],"tags":[172,179,159,236,464,318,588],"class_list":["post-11112","post","type-post","status-publish","format-standard","has-post-thumbnail","hentry","category-general","category-portada","tag-educacio-primaria","tag-educacio-secundaria","tag-escriptura","tag-llengua-catalana","tag-poesia","tag-premis","tag-prosa"],"post_mailing_queue_ids":[],"_links":{"self":[{"href":"https:\/\/serveiseducatius.xtec.cat\/conca\/wp-json\/wp\/v2\/posts\/11112","targetHints":{"allow":["GET"]}}],"collection":[{"href":"https:\/\/serveiseducatius.xtec.cat\/conca\/wp-json\/wp\/v2\/posts"}],"about":[{"href":"https:\/\/serveiseducatius.xtec.cat\/conca\/wp-json\/wp\/v2\/types\/post"}],"author":[{"embeddable":true,"href":"https:\/\/serveiseducatius.xtec.cat\/conca\/wp-json\/wp\/v2\/users\/1"}],"replies":[{"embeddable":true,"href":"https:\/\/serveiseducatius.xtec.cat\/conca\/wp-json\/wp\/v2\/comments?post=11112"}],"version-history":[{"count":1,"href":"https:\/\/serveiseducatius.xtec.cat\/conca\/wp-json\/wp\/v2\/posts\/11112\/revisions"}],"predecessor-version":[{"id":11115,"href":"https:\/\/serveiseducatius.xtec.cat\/conca\/wp-json\/wp\/v2\/posts\/11112\/revisions\/11115"}],"wp:featuredmedia":[{"embeddable":true,"href":"https:\/\/serveiseducatius.xtec.cat\/conca\/wp-json\/wp\/v2\/media\/10073"}],"wp:attachment":[{"href":"https:\/\/serveiseducatius.xtec.cat\/conca\/wp-json\/wp\/v2\/media?parent=11112"}],"wp:term":[{"taxonomy":"category","embeddable":true,"href":"https:\/\/serveiseducatius.xtec.cat\/conca\/wp-json\/wp\/v2\/categories?post=11112"},{"taxonomy":"post_tag","embeddable":true,"href":"https:\/\/serveiseducatius.xtec.cat\/conca\/wp-json\/wp\/v2\/tags?post=11112"}],"curies":[{"name":"wp","href":"https:\/\/api.w.org\/{rel}","templated":true}]}}