{"id":11072,"date":"2021-02-03T08:00:44","date_gmt":"2021-02-03T07:00:44","guid":{"rendered":"http:\/\/serveiseducatius.xtec.cat\/conca\/?p=11072"},"modified":"2021-02-02T09:22:26","modified_gmt":"2021-02-02T08:22:26","slug":"conferencia-jugar-la-ficcio-el-videojoc-com-a-forma-de-cultura-en-leducacio-literaria-de-la-infancia-i-la-joventut","status":"publish","type":"post","link":"https:\/\/serveiseducatius.xtec.cat\/conca\/general\/conferencia-jugar-la-ficcio-el-videojoc-com-a-forma-de-cultura-en-leducacio-literaria-de-la-infancia-i-la-joventut\/","title":{"rendered":"Confer\u00e8ncia: Jugar la ficci\u00f3. El v\u00eddeojoc com a forma de cultura en l&#8217;educaci\u00f3 liter\u00e0ria de la inf\u00e0ncia i la joventut"},"content":{"rendered":"<p>Segona confer\u00e8ncia virtual les sessions que durant aquest curs formaran part del projecte <strong>\u201cConnecta\u2019t a la recerca\u201d<\/strong>\u00a0adre\u00e7at a docents de diferents nivells educatius.<\/p>\n<p>Data:\u00a0<strong>18 de febrer de 2021\u00a0<\/strong><\/p>\n<p>Horari<strong>: de 18 a 20 h<\/strong><\/p>\n<p>Destinataris:\u00a0<strong>professorat educaci\u00f3 infantil, prim\u00e0ria i secund\u00e0ria<\/strong><\/p>\n<p>En aquesta confer\u00e8ncia\u00a0<strong>Lucas Ramada Prieto\u00a0<\/strong>\u00a0parlar\u00e0 de les possibilitats comunicatives que aquesta mena d\u2019obres presenten a l\u2019hora d\u2019oferir educaci\u00f3 liter\u00e0ria a l\u2019alumnat, i com des de l\u2019aula podem fer que adquireixin tot un seguit d\u2019eines cr\u00edtiques amb les quals poder valorar de manera cr\u00edtica les obres, seleccionar-les segons els seus contextos educatius, i tamb\u00e9 comen\u00e7ar a pensar maneres d\u2019introduir-les a l\u2019aula i a la biblioteca del centre. Tamb\u00e9 vol ser una presentaci\u00f3 de la<a href=\"https:\/\/agora.xtec.cat\/cesire\/ambits\/formacio-jugar-la-ficcio-el-videojoc-com-a-forma-de-cultura-en-leducacio-literaria-de-la-infancia-i-la-joventut\/\" target=\"_blank\" rel=\"noopener noreferrer\">\u00a0formaci\u00f3\u00a0<\/a>que far\u00e0 tamb\u00e9 el mateix Lucas des del CESIRE a partir de l\u2019abril.<\/p>\n<p><a href=\"https:\/\/aplicacions.gestioeducativa.gencat.cat\/pls\/soloas\/pk_for_mod_ins.p_for_detall_activitat?p_codi=9004000532&amp;p_curs=2020-2021&amp;p_es_inscr=S\" target=\"_blank\" rel=\"noopener noreferrer\">Inscripci\u00f3<\/a><\/p>\n<p><a href=\"https:\/\/aplicacions.gestioeducativa.gencat.cat\/pls\/soloas\/pk_for_mod_ins.p_for_exhaustiu_activitat?p_header=Detall%20d%27activitat^pk_for_mod_ins.p_for_detall_activitat?p_codi=9004000532%26p_curs=2020-2021%26p_es_inscr=S&amp;p_codi=9004000532&amp;p_curs=2020-2021&amp;p_es_inscr=S\" target=\"_blank\" rel=\"noopener noreferrer\">M\u00e9s inf<\/a><a href=\"https:\/\/aplicacions.gestioeducativa.gencat.cat\/pls\/soloas\/pk_for_mod_ins.p_for_exhaustiu_activitat?p_header=Detall%20d%27activitat^pk_for_mod_ins.p_for_detall_activitat?p_codi=9004000532%26p_curs=2020-2021%26p_es_inscr=S&amp;p_codi=9004000532&amp;p_curs=2020-2021&amp;p_es_inscr=S\" target=\"_blank\" rel=\"noopener noreferrer\">ormaci\u00f3<\/a><\/p>\n<p>Extret de:<a href=\"https:\/\/agora.xtec.cat\/cesire\/portada\/conferencia-jugar-la-ficcio-el-videojoc-com-a-forma-de-cultura-en-leducacio-literaria-de-la-infancia-i-la-joventut-2\/\" target=\"_blank\" rel=\"noopener noreferrer\"> https:\/\/agora.xtec.cat\/cesire\/portada\/conferencia-jugar-la-ficcio-el-videojoc-com-a-forma-de-cultura-en-leducacio-literaria-de-la-infancia-i-la-joventut-2\/<\/a><\/p>\n<p>Foto de: <a href=\"https:\/\/unsplash.com\/@ingvar_erik\" target=\"_blank\" rel=\"noopener noreferrer\">https:\/\/unsplash.com\/<span class=\"atwho-query\">@ingvar_erik<\/span><\/a><\/p>\n","protected":false},"excerpt":{"rendered":"<p>Segona confer\u00e8ncia virtual les sessions que durant aquest curs formaran part del projecte \u201cConnecta\u2019t a la recerca\u201d\u00a0adre\u00e7at a docents de diferents nivells educatius. Data:\u00a018 de febrer de 2021\u00a0 Horari: de 18 a 20 h Destinataris:\u00a0professorat educaci\u00f3 infantil, prim\u00e0ria i secund\u00e0ria En aquesta confer\u00e8ncia\u00a0Lucas Ramada Prieto\u00a0\u00a0parlar\u00e0 de les possibilitats comunicatives que aquesta mena d\u2019obres presenten a [&hellip;]<\/p>\n","protected":false},"author":1,"featured_media":11073,"comment_status":"open","ping_status":"closed","sticky":false,"template":"","format":"standard","meta":{"_bbp_topic_count":0,"_bbp_reply_count":0,"_bbp_total_topic_count":0,"_bbp_total_reply_count":0,"_bbp_voice_count":0,"_bbp_anonymous_reply_count":0,"_bbp_topic_count_hidden":0,"_bbp_reply_count_hidden":0,"_bbp_forum_subforum_count":0,"site-sidebar-layout":"default","site-content-layout":"","ast-site-content-layout":"","site-content-style":"default","site-sidebar-style":"default","ast-global-header-display":"","ast-banner-title-visibility":"","ast-main-header-display":"","ast-hfb-above-header-display":"","ast-hfb-below-header-display":"","ast-hfb-mobile-header-display":"","site-post-title":"","ast-breadcrumbs-content":"","ast-featured-img":"","footer-sml-layout":"","theme-transparent-header-meta":"","adv-header-id-meta":"","stick-header-meta":"","header-above-stick-meta":"","header-main-stick-meta":"","header-below-stick-meta":"","astra-migrate-meta-layouts":"default","ast-page-background-enabled":"default","ast-page-background-meta":{"desktop":{"background-color":"var(--ast-global-color-4)","background-image":"","background-repeat":"repeat","background-position":"center center","background-size":"auto","background-attachment":"scroll","background-type":"","background-media":"","overlay-type":"","overlay-color":"","overlay-opacity":"","overlay-gradient":""},"tablet":{"background-color":"","background-image":"","background-repeat":"repeat","background-position":"center center","background-size":"auto","background-attachment":"scroll","background-type":"","background-media":"","overlay-type":"","overlay-color":"","overlay-opacity":"","overlay-gradient":""},"mobile":{"background-color":"","background-image":"","background-repeat":"repeat","background-position":"center center","background-size":"auto","background-attachment":"scroll","background-type":"","background-media":"","overlay-type":"","overlay-color":"","overlay-opacity":"","overlay-gradient":""}},"ast-content-background-meta":{"desktop":{"background-color":"var(--ast-global-color-5)","background-image":"","background-repeat":"repeat","background-position":"center center","background-size":"auto","background-attachment":"scroll","background-type":"","background-media":"","overlay-type":"","overlay-color":"","overlay-opacity":"","overlay-gradient":""},"tablet":{"background-color":"var(--ast-global-color-5)","background-image":"","background-repeat":"repeat","background-position":"center center","background-size":"auto","background-attachment":"scroll","background-type":"","background-media":"","overlay-type":"","overlay-color":"","overlay-opacity":"","overlay-gradient":""},"mobile":{"background-color":"var(--ast-global-color-5)","background-image":"","background-repeat":"repeat","background-position":"center center","background-size":"auto","background-attachment":"scroll","background-type":"","background-media":"","overlay-type":"","overlay-color":"","overlay-opacity":"","overlay-gradient":""}},"footnotes":""},"categories":[78,154,1,29],"tags":[],"class_list":["post-11072","post","type-post","status-publish","format-standard","has-post-thumbnail","hentry","category-cd","category-formacio","category-general","category-portada"],"post_mailing_queue_ids":[],"_links":{"self":[{"href":"https:\/\/serveiseducatius.xtec.cat\/conca\/wp-json\/wp\/v2\/posts\/11072","targetHints":{"allow":["GET"]}}],"collection":[{"href":"https:\/\/serveiseducatius.xtec.cat\/conca\/wp-json\/wp\/v2\/posts"}],"about":[{"href":"https:\/\/serveiseducatius.xtec.cat\/conca\/wp-json\/wp\/v2\/types\/post"}],"author":[{"embeddable":true,"href":"https:\/\/serveiseducatius.xtec.cat\/conca\/wp-json\/wp\/v2\/users\/1"}],"replies":[{"embeddable":true,"href":"https:\/\/serveiseducatius.xtec.cat\/conca\/wp-json\/wp\/v2\/comments?post=11072"}],"version-history":[{"count":1,"href":"https:\/\/serveiseducatius.xtec.cat\/conca\/wp-json\/wp\/v2\/posts\/11072\/revisions"}],"predecessor-version":[{"id":11074,"href":"https:\/\/serveiseducatius.xtec.cat\/conca\/wp-json\/wp\/v2\/posts\/11072\/revisions\/11074"}],"wp:featuredmedia":[{"embeddable":true,"href":"https:\/\/serveiseducatius.xtec.cat\/conca\/wp-json\/wp\/v2\/media\/11073"}],"wp:attachment":[{"href":"https:\/\/serveiseducatius.xtec.cat\/conca\/wp-json\/wp\/v2\/media?parent=11072"}],"wp:term":[{"taxonomy":"category","embeddable":true,"href":"https:\/\/serveiseducatius.xtec.cat\/conca\/wp-json\/wp\/v2\/categories?post=11072"},{"taxonomy":"post_tag","embeddable":true,"href":"https:\/\/serveiseducatius.xtec.cat\/conca\/wp-json\/wp\/v2\/tags?post=11072"}],"curies":[{"name":"wp","href":"https:\/\/api.w.org\/{rel}","templated":true}]}}