{"id":11027,"date":"2021-01-23T08:12:23","date_gmt":"2021-01-23T07:12:23","guid":{"rendered":"http:\/\/serveiseducatius.xtec.cat\/conca\/?p=11027"},"modified":"2021-01-22T12:12:41","modified_gmt":"2021-01-22T11:12:41","slug":"dia-escolar-de-la-noviolencia-i-la-pau-denip-webinar","status":"publish","type":"post","link":"https:\/\/serveiseducatius.xtec.cat\/conca\/portada\/dia-escolar-de-la-noviolencia-i-la-pau-denip-webinar\/","title":{"rendered":"Dia Escolar de la NoViol\u00e8ncia i la Pau (DENIP) -webinar-"},"content":{"rendered":"<p>El dia 21 de gener \u00e9s el dia <a href=\"http:\/\/xtec.gencat.cat\/ca\/centres\/celebracions\/2020\/dia-europeu-de-la-mediacio\/\" data-saferedirecturl=\"https:\/\/www.google.com\/url?q=http:\/\/xtec.gencat.cat\/ca\/centres\/celebracions\/2020\/dia-europeu-de-la-mediacio\/&amp;source=gmail&amp;ust=1611388300653000&amp;usg=AFQjCNHNkYcOCf0G3q7aLB3c5NEiSn3PWQ\">\u00a0<em>Dia Europeu de la\u00a0 Mediaci\u00f3<\/em><\/a>\u00a0i el dia 30 de gener el DENIP (<a href=\"http:\/\/xtec.gencat.cat\/ca\/centres\/celebracions\/2020\/dia-escolar-de-la-no-violencia-i-la-pau-2020\/\" data-saferedirecturl=\"https:\/\/www.google.com\/url?q=http:\/\/xtec.gencat.cat\/ca\/centres\/celebracions\/2020\/dia-escolar-de-la-no-violencia-i-la-pau-2020\/&amp;source=gmail&amp;ust=1611388300654000&amp;usg=AFQjCNGAVblrn8crBCKsbThvN-sp5LaXdg\">\u00a0<em>Dia Escolar de la NoViol\u00e8ncia i la Pau<\/em><\/a>).<\/p>\n<p>En motiu d&#8217;aix\u00f2 s&#8217;ha preparat un webinar amb el t\u00edol DENIP21: Conviure per aprendre des de Direcci\u00f3 General d&#8217;Atenci\u00f3 a la Fam\u00edlia i la Comunitat Educativa del Departament d&#8217;Educaci\u00f3.<\/p>\n<p><strong>Data<\/strong>: 28 de gener<\/p>\n<p><strong>Hora<\/strong>: 17-18.15h<\/p>\n<p><strong>Pon\u00e8ncia<\/strong>: La pau, s&#8217;apr\u00e8n! Enfocament restauratiu i comunicaci\u00f3 no violenta a c\u00e0rrec de M\u00f2nica Albert\u00ed<\/p>\n<p>5 <strong>experi\u00e8ncies d&#8217;\u00e8xit<\/strong> en centres educatius<\/p>\n<p><strong>Enlla\u00e7 de connexi\u00f3<\/strong>: \u00a0<a href=\"https:\/\/zoom.us\/webinar\/register\/WN_rECwqXuzSLytnPLPTh_V5w\" data-saferedirecturl=\"https:\/\/www.google.com\/url?q=https:\/\/zoom.us\/webinar\/register\/WN_rECwqXuzSLytnPLPTh_V5w&amp;source=gmail&amp;ust=1611388300654000&amp;usg=AFQjCNEJXyfF8dsFpHk7vEM4Um6Bq6cWPQ\">https:\/\/zoom.us\/webinar\/register\/WN_rECwqXuzSLytnPLPTh_V5w<\/a><\/p>\n","protected":false},"excerpt":{"rendered":"<p>El dia 21 de gener \u00e9s el dia \u00a0Dia Europeu de la\u00a0 Mediaci\u00f3\u00a0i el dia 30 de gener el DENIP (\u00a0Dia Escolar de la NoViol\u00e8ncia i la Pau). En motiu d&#8217;aix\u00f2 s&#8217;ha preparat un webinar amb el t\u00edol DENIP21: Conviure per aprendre des de Direcci\u00f3 General d&#8217;Atenci\u00f3 a la Fam\u00edlia i la Comunitat Educativa del [&hellip;]<\/p>\n","protected":false},"author":1,"featured_media":11029,"comment_status":"open","ping_status":"closed","sticky":false,"template":"","format":"standard","meta":{"_bbp_topic_count":0,"_bbp_reply_count":0,"_bbp_total_topic_count":0,"_bbp_total_reply_count":0,"_bbp_voice_count":0,"_bbp_anonymous_reply_count":0,"_bbp_topic_count_hidden":0,"_bbp_reply_count_hidden":0,"_bbp_forum_subforum_count":0,"site-sidebar-layout":"default","site-content-layout":"","ast-site-content-layout":"","site-content-style":"default","site-sidebar-style":"default","ast-global-header-display":"","ast-banner-title-visibility":"","ast-main-header-display":"","ast-hfb-above-header-display":"","ast-hfb-below-header-display":"","ast-hfb-mobile-header-display":"","site-post-title":"","ast-breadcrumbs-content":"","ast-featured-img":"","footer-sml-layout":"","theme-transparent-header-meta":"","adv-header-id-meta":"","stick-header-meta":"","header-above-stick-meta":"","header-main-stick-meta":"","header-below-stick-meta":"","astra-migrate-meta-layouts":"default","ast-page-background-enabled":"default","ast-page-background-meta":{"desktop":{"background-color":"var(--ast-global-color-4)","background-image":"","background-repeat":"repeat","background-position":"center center","background-size":"auto","background-attachment":"scroll","background-type":"","background-media":"","overlay-type":"","overlay-color":"","overlay-opacity":"","overlay-gradient":""},"tablet":{"background-color":"","background-image":"","background-repeat":"repeat","background-position":"center center","background-size":"auto","background-attachment":"scroll","background-type":"","background-media":"","overlay-type":"","overlay-color":"","overlay-opacity":"","overlay-gradient":""},"mobile":{"background-color":"","background-image":"","background-repeat":"repeat","background-position":"center center","background-size":"auto","background-attachment":"scroll","background-type":"","background-media":"","overlay-type":"","overlay-color":"","overlay-opacity":"","overlay-gradient":""}},"ast-content-background-meta":{"desktop":{"background-color":"var(--ast-global-color-5)","background-image":"","background-repeat":"repeat","background-position":"center center","background-size":"auto","background-attachment":"scroll","background-type":"","background-media":"","overlay-type":"","overlay-color":"","overlay-opacity":"","overlay-gradient":""},"tablet":{"background-color":"var(--ast-global-color-5)","background-image":"","background-repeat":"repeat","background-position":"center center","background-size":"auto","background-attachment":"scroll","background-type":"","background-media":"","overlay-type":"","overlay-color":"","overlay-opacity":"","overlay-gradient":""},"mobile":{"background-color":"var(--ast-global-color-5)","background-image":"","background-repeat":"repeat","background-position":"center center","background-size":"auto","background-attachment":"scroll","background-type":"","background-media":"","overlay-type":"","overlay-color":"","overlay-opacity":"","overlay-gradient":""}},"footnotes":""},"categories":[65,154,29],"tags":[562,582,436,172,179],"class_list":["post-11027","post","type-post","status-publish","format-standard","has-post-thumbnail","hentry","category-crp","category-formacio","category-portada","tag-comunicacio","tag-comunicacionoviolenta","tag-convivencia","tag-educacio-primaria","tag-educacio-secundaria"],"post_mailing_queue_ids":[],"_links":{"self":[{"href":"https:\/\/serveiseducatius.xtec.cat\/conca\/wp-json\/wp\/v2\/posts\/11027","targetHints":{"allow":["GET"]}}],"collection":[{"href":"https:\/\/serveiseducatius.xtec.cat\/conca\/wp-json\/wp\/v2\/posts"}],"about":[{"href":"https:\/\/serveiseducatius.xtec.cat\/conca\/wp-json\/wp\/v2\/types\/post"}],"author":[{"embeddable":true,"href":"https:\/\/serveiseducatius.xtec.cat\/conca\/wp-json\/wp\/v2\/users\/1"}],"replies":[{"embeddable":true,"href":"https:\/\/serveiseducatius.xtec.cat\/conca\/wp-json\/wp\/v2\/comments?post=11027"}],"version-history":[{"count":1,"href":"https:\/\/serveiseducatius.xtec.cat\/conca\/wp-json\/wp\/v2\/posts\/11027\/revisions"}],"predecessor-version":[{"id":11030,"href":"https:\/\/serveiseducatius.xtec.cat\/conca\/wp-json\/wp\/v2\/posts\/11027\/revisions\/11030"}],"wp:featuredmedia":[{"embeddable":true,"href":"https:\/\/serveiseducatius.xtec.cat\/conca\/wp-json\/wp\/v2\/media\/11029"}],"wp:attachment":[{"href":"https:\/\/serveiseducatius.xtec.cat\/conca\/wp-json\/wp\/v2\/media?parent=11027"}],"wp:term":[{"taxonomy":"category","embeddable":true,"href":"https:\/\/serveiseducatius.xtec.cat\/conca\/wp-json\/wp\/v2\/categories?post=11027"},{"taxonomy":"post_tag","embeddable":true,"href":"https:\/\/serveiseducatius.xtec.cat\/conca\/wp-json\/wp\/v2\/tags?post=11027"}],"curies":[{"name":"wp","href":"https:\/\/api.w.org\/{rel}","templated":true}]}}