{"id":10913,"date":"2020-12-19T08:30:34","date_gmt":"2020-12-19T07:30:34","guid":{"rendered":"http:\/\/serveiseducatius.xtec.cat\/conca\/?p=10913"},"modified":"2020-12-17T10:34:10","modified_gmt":"2020-12-17T09:34:10","slug":"quin-model-de-funcio-directiva-tenen-els-centres-deducacio-secundaria-a-catalunya","status":"publish","type":"post","link":"https:\/\/serveiseducatius.xtec.cat\/conca\/general\/quin-model-de-funcio-directiva-tenen-els-centres-deducacio-secundaria-a-catalunya\/","title":{"rendered":"Quin model de funci\u00f3 directiva tenen els centres d&#8217;educaci\u00f3 secund\u00e0ria a Catalunya?"},"content":{"rendered":"<p><a href=\"https:\/\/serveiseducatius.xtec.cat\/conca\/wp-content\/uploads\/usu1131\/2020\/12\/imatge1.jpg\"><img loading=\"lazy\" decoding=\"async\" class=\"size-full wp-image-10914 alignleft\" src=\"https:\/\/serveiseducatius.xtec.cat\/conca\/wp-content\/uploads\/usu1131\/2020\/12\/imatge1.jpg\" alt=\"\" width=\"929\" height=\"489\" srcset=\"https:\/\/serveiseducatius.xtec.cat\/conca\/wp-content\/uploads\/usu1131\/2020\/12\/imatge1.jpg 929w, https:\/\/serveiseducatius.xtec.cat\/conca\/wp-content\/uploads\/usu1131\/2020\/12\/imatge1-300x158.jpg 300w, https:\/\/serveiseducatius.xtec.cat\/conca\/wp-content\/uploads\/usu1131\/2020\/12\/imatge1-768x404.jpg 768w\" sizes=\"auto, (max-width: 929px) 100vw, 929px\" \/><\/a><a title=\"http:\/\/csda.gencat.cat\/ca\/arees-actuacio\/publicacions\/tast-dades\/2020-desembre\/\" href=\"http:\/\/csda.gencat.cat\/ca\/arees-actuacio\/publicacions\/tast-dades\/2020-desembre\/\" target=\"_blank\" rel=\"noopener noreferrer\" data-saferedirecturl=\"https:\/\/www.google.com\/url?q=http:\/\/csda.gencat.cat\/ca\/arees-actuacio\/publicacions\/tast-dades\/2020-desembre\/&amp;source=gmail&amp;ust=1608278318417000&amp;usg=AFQjCNHNTAJXDMJwdLEBAW3IfGEtcWeK0A\">A la p\u00e0gina web del Consell<\/a>\u00a0s\u2019ha publicat el\u00a0<i>Tast de dades. 21<\/i>, corresponent al mes de desembre, que respon a la pregunta:\u00a0<strong>Quin model de funci\u00f3 directiva tenen els centres d&#8217;educaci\u00f3 secund\u00e0ria a Catalunya?<\/strong><\/p>\n<p>&nbsp;<\/p>\n<p>&#8220;L&#8217;estil de direcci\u00f3 \u00e9s una variable important i significativa a l&#8217;hora de plantejar canvis a l&#8217;educaci\u00f3. La funci\u00f3 directiva dels centres educatius inclou tot un seguit d&#8217;accions de la direcci\u00f3 dels centres que t\u00e9 com a objectiu influir, a trav\u00e9s de les decisions i de la manera d\u2019actuar, en el treball d&#8217;altres persones i amb aix\u00f2 generar les condicions institucionals necess\u00e0ries perqu\u00e8 el centre educatiu funcioni correctament (<a href=\"https:\/\/rieoei.org\/historico\/documentos\/rie67a05.pdf\">Barrios, Camarero, Tierno, &amp; Iranzo, 2015)<\/a><\/p>\n<p>L&#8217;informe d&#8217;avaluaci\u00f3 24\u00a0<a href=\"http:\/\/csda.gencat.cat\/ca\/arees-actuacio\/publicacions\/informes-avaluacio\/24-analisi-context-direccions\">An\u00e0lisi del context de les direccions d&#8217;educaci\u00f3 secund\u00e0ria. Curs 2018-2019<\/a>\u00a0proposa un model de classificaci\u00f3 dels centres inspirat en els models de\u00a0<a href=\"https:\/\/www.redalyc.org\/articulo.oa?id=281023476005\">Bol\u00edvar (2010)<\/a>\u00a0o\u00a0<a href=\"https:\/\/research.acer.edu.au\/cgi\/viewcontent.cgi?article=1006&amp;context=research_conference_2007\">Robinson (2007)<\/a> entre d&#8217;altres.&#8221;<\/p>\n<p>Foto i texte extret de :<a href=\"http:\/\/csda.gencat.cat\/ca\/arees-actuacio\/publicacions\/tast-dades\/2020-desembre\/\" target=\"_blank\" rel=\"noopener noreferrer\">Tast de dades 21.<\/a><\/p>\n","protected":false},"excerpt":{"rendered":"<p>A la p\u00e0gina web del Consell\u00a0s\u2019ha publicat el\u00a0Tast de dades. 21, corresponent al mes de desembre, que respon a la pregunta:\u00a0Quin model de funci\u00f3 directiva tenen els centres d&#8217;educaci\u00f3 secund\u00e0ria a Catalunya? &nbsp; &#8220;L&#8217;estil de direcci\u00f3 \u00e9s una variable important i significativa a l&#8217;hora de plantejar canvis a l&#8217;educaci\u00f3. La funci\u00f3 directiva dels centres educatius [&hellip;]<\/p>\n","protected":false},"author":1,"featured_media":10914,"comment_status":"open","ping_status":"closed","sticky":false,"template":"","format":"standard","meta":{"_bbp_topic_count":0,"_bbp_reply_count":0,"_bbp_total_topic_count":0,"_bbp_total_reply_count":0,"_bbp_voice_count":0,"_bbp_anonymous_reply_count":0,"_bbp_topic_count_hidden":0,"_bbp_reply_count_hidden":0,"_bbp_forum_subforum_count":0,"site-sidebar-layout":"default","site-content-layout":"","ast-site-content-layout":"","site-content-style":"default","site-sidebar-style":"default","ast-global-header-display":"","ast-banner-title-visibility":"","ast-main-header-display":"","ast-hfb-above-header-display":"","ast-hfb-below-header-display":"","ast-hfb-mobile-header-display":"","site-post-title":"","ast-breadcrumbs-content":"","ast-featured-img":"","footer-sml-layout":"","theme-transparent-header-meta":"","adv-header-id-meta":"","stick-header-meta":"","header-above-stick-meta":"","header-main-stick-meta":"","header-below-stick-meta":"","astra-migrate-meta-layouts":"default","ast-page-background-enabled":"default","ast-page-background-meta":{"desktop":{"background-color":"var(--ast-global-color-4)","background-image":"","background-repeat":"repeat","background-position":"center center","background-size":"auto","background-attachment":"scroll","background-type":"","background-media":"","overlay-type":"","overlay-color":"","overlay-opacity":"","overlay-gradient":""},"tablet":{"background-color":"","background-image":"","background-repeat":"repeat","background-position":"center center","background-size":"auto","background-attachment":"scroll","background-type":"","background-media":"","overlay-type":"","overlay-color":"","overlay-opacity":"","overlay-gradient":""},"mobile":{"background-color":"","background-image":"","background-repeat":"repeat","background-position":"center center","background-size":"auto","background-attachment":"scroll","background-type":"","background-media":"","overlay-type":"","overlay-color":"","overlay-opacity":"","overlay-gradient":""}},"ast-content-background-meta":{"desktop":{"background-color":"var(--ast-global-color-5)","background-image":"","background-repeat":"repeat","background-position":"center center","background-size":"auto","background-attachment":"scroll","background-type":"","background-media":"","overlay-type":"","overlay-color":"","overlay-opacity":"","overlay-gradient":""},"tablet":{"background-color":"var(--ast-global-color-5)","background-image":"","background-repeat":"repeat","background-position":"center center","background-size":"auto","background-attachment":"scroll","background-type":"","background-media":"","overlay-type":"","overlay-color":"","overlay-opacity":"","overlay-gradient":""},"mobile":{"background-color":"var(--ast-global-color-5)","background-image":"","background-repeat":"repeat","background-position":"center center","background-size":"auto","background-attachment":"scroll","background-type":"","background-media":"","overlay-type":"","overlay-color":"","overlay-opacity":"","overlay-gradient":""}},"footnotes":""},"categories":[1],"tags":[],"class_list":["post-10913","post","type-post","status-publish","format-standard","has-post-thumbnail","hentry","category-general"],"post_mailing_queue_ids":[],"_links":{"self":[{"href":"https:\/\/serveiseducatius.xtec.cat\/conca\/wp-json\/wp\/v2\/posts\/10913","targetHints":{"allow":["GET"]}}],"collection":[{"href":"https:\/\/serveiseducatius.xtec.cat\/conca\/wp-json\/wp\/v2\/posts"}],"about":[{"href":"https:\/\/serveiseducatius.xtec.cat\/conca\/wp-json\/wp\/v2\/types\/post"}],"author":[{"embeddable":true,"href":"https:\/\/serveiseducatius.xtec.cat\/conca\/wp-json\/wp\/v2\/users\/1"}],"replies":[{"embeddable":true,"href":"https:\/\/serveiseducatius.xtec.cat\/conca\/wp-json\/wp\/v2\/comments?post=10913"}],"version-history":[{"count":1,"href":"https:\/\/serveiseducatius.xtec.cat\/conca\/wp-json\/wp\/v2\/posts\/10913\/revisions"}],"predecessor-version":[{"id":10915,"href":"https:\/\/serveiseducatius.xtec.cat\/conca\/wp-json\/wp\/v2\/posts\/10913\/revisions\/10915"}],"wp:featuredmedia":[{"embeddable":true,"href":"https:\/\/serveiseducatius.xtec.cat\/conca\/wp-json\/wp\/v2\/media\/10914"}],"wp:attachment":[{"href":"https:\/\/serveiseducatius.xtec.cat\/conca\/wp-json\/wp\/v2\/media?parent=10913"}],"wp:term":[{"taxonomy":"category","embeddable":true,"href":"https:\/\/serveiseducatius.xtec.cat\/conca\/wp-json\/wp\/v2\/categories?post=10913"},{"taxonomy":"post_tag","embeddable":true,"href":"https:\/\/serveiseducatius.xtec.cat\/conca\/wp-json\/wp\/v2\/tags?post=10913"}],"curies":[{"name":"wp","href":"https:\/\/api.w.org\/{rel}","templated":true}]}}