{"id":10828,"date":"2020-11-26T08:58:23","date_gmt":"2020-11-26T07:58:23","guid":{"rendered":"http:\/\/serveiseducatius.xtec.cat\/conca\/?p=10828"},"modified":"2020-11-24T10:06:37","modified_gmt":"2020-11-24T09:06:37","slug":"problemes-a-lesprint-2021","status":"publish","type":"post","link":"https:\/\/serveiseducatius.xtec.cat\/conca\/portada\/problemes-a-lesprint-2021\/","title":{"rendered":"Problemes a l&#8217;esprint 2021"},"content":{"rendered":"<p>L\u2019activitat\u00a0<em>Problemes a l\u2019esprint<\/em>\u00a0\u00e9s una activitat en l\u00ednia adre\u00e7ada a equips de centre organitzats de la manera que en cada centre es consideri m\u00e9s efica\u00e7.<\/p>\n<ul>\n<li>No cal inscripci\u00f3 pr\u00e8via.<\/li>\n<li>\u00danicament s\u2019ha d\u2019organitzar adequadament un grup d\u2019alumnes, que poden ser internivells, que vulguin participar en una activitat col\u00b7laborativa de resoluci\u00f3 de problemes.<\/li>\n<li>La denominaci\u00f3 \u201ca l\u2019esprint\u201d prov\u00e9 del fet que el centre guanyador \u00e9s el primer que envia totes les solucions correctes a les q\u00fcestions de matem\u00e0tiques que es plantegen.<\/li>\n<\/ul>\n<p><a href=\"https:\/\/www.cangur.org\/esprint\/\" target=\"_blank\" rel=\"noopener noreferrer\">Enlla\u00e7 a l&#8217;activitat<\/a><\/p>\n<p><strong>Convocat\u00f2ries<\/strong>:<\/p>\n<ul>\n<li>\n<ul>\n<li><strong>3r i 4t d\u2019ESO<\/strong>. Dimecres 9 de desembre de 2020.<\/li>\n<li><strong>Prim\u00e0ria<\/strong>. Dimecres 20 de gener de 2021<\/li>\n<li><strong>Batxillerat i cicles formatius<\/strong>. Dimecres 10 febrer de 2021<\/li>\n<li><strong>1r i 2n d\u2019ESO<\/strong>. Dimecres 17 de febrer de 2021<\/li>\n<\/ul>\n<\/li>\n<\/ul>\n<p>&nbsp;<\/p>\n<p>Foto extreta de: <a href=\"https:\/\/www.pexels.com\/\" target=\"_blank\" rel=\"noopener noreferrer\">https:\/\/www.pexels.com\/<\/a><\/p>\n","protected":false},"excerpt":{"rendered":"<p>L\u2019activitat\u00a0Problemes a l\u2019esprint\u00a0\u00e9s una activitat en l\u00ednia adre\u00e7ada a equips de centre organitzats de la manera que en cada centre es consideri m\u00e9s efica\u00e7. No cal inscripci\u00f3 pr\u00e8via. \u00danicament s\u2019ha d\u2019organitzar adequadament un grup d\u2019alumnes, que poden ser internivells, que vulguin participar en una activitat col\u00b7laborativa de resoluci\u00f3 de problemes. La denominaci\u00f3 \u201ca l\u2019esprint\u201d prov\u00e9 [&hellip;]<\/p>\n","protected":false},"author":1,"featured_media":10829,"comment_status":"open","ping_status":"closed","sticky":false,"template":"","format":"standard","meta":{"_bbp_topic_count":0,"_bbp_reply_count":0,"_bbp_total_topic_count":0,"_bbp_total_reply_count":0,"_bbp_voice_count":0,"_bbp_anonymous_reply_count":0,"_bbp_topic_count_hidden":0,"_bbp_reply_count_hidden":0,"_bbp_forum_subforum_count":0,"site-sidebar-layout":"default","site-content-layout":"","ast-site-content-layout":"","site-content-style":"default","site-sidebar-style":"default","ast-global-header-display":"","ast-banner-title-visibility":"","ast-main-header-display":"","ast-hfb-above-header-display":"","ast-hfb-below-header-display":"","ast-hfb-mobile-header-display":"","site-post-title":"","ast-breadcrumbs-content":"","ast-featured-img":"","footer-sml-layout":"","theme-transparent-header-meta":"","adv-header-id-meta":"","stick-header-meta":"","header-above-stick-meta":"","header-main-stick-meta":"","header-below-stick-meta":"","astra-migrate-meta-layouts":"default","ast-page-background-enabled":"default","ast-page-background-meta":{"desktop":{"background-color":"var(--ast-global-color-4)","background-image":"","background-repeat":"repeat","background-position":"center center","background-size":"auto","background-attachment":"scroll","background-type":"","background-media":"","overlay-type":"","overlay-color":"","overlay-opacity":"","overlay-gradient":""},"tablet":{"background-color":"","background-image":"","background-repeat":"repeat","background-position":"center center","background-size":"auto","background-attachment":"scroll","background-type":"","background-media":"","overlay-type":"","overlay-color":"","overlay-opacity":"","overlay-gradient":""},"mobile":{"background-color":"","background-image":"","background-repeat":"repeat","background-position":"center center","background-size":"auto","background-attachment":"scroll","background-type":"","background-media":"","overlay-type":"","overlay-color":"","overlay-opacity":"","overlay-gradient":""}},"ast-content-background-meta":{"desktop":{"background-color":"var(--ast-global-color-5)","background-image":"","background-repeat":"repeat","background-position":"center center","background-size":"auto","background-attachment":"scroll","background-type":"","background-media":"","overlay-type":"","overlay-color":"","overlay-opacity":"","overlay-gradient":""},"tablet":{"background-color":"var(--ast-global-color-5)","background-image":"","background-repeat":"repeat","background-position":"center center","background-size":"auto","background-attachment":"scroll","background-type":"","background-media":"","overlay-type":"","overlay-color":"","overlay-opacity":"","overlay-gradient":""},"mobile":{"background-color":"var(--ast-global-color-5)","background-image":"","background-repeat":"repeat","background-position":"center center","background-size":"auto","background-attachment":"scroll","background-type":"","background-media":"","overlay-type":"","overlay-color":"","overlay-opacity":"","overlay-gradient":""}},"footnotes":""},"categories":[65,29],"tags":[41,294,511,569,532],"class_list":["post-10828","post","type-post","status-publish","format-standard","has-post-thumbnail","hentry","category-crp","category-portada","tag-matematiques","tag-mates","tag-primaria","tag-secundaria","tag-steam"],"post_mailing_queue_ids":[],"_links":{"self":[{"href":"https:\/\/serveiseducatius.xtec.cat\/conca\/wp-json\/wp\/v2\/posts\/10828","targetHints":{"allow":["GET"]}}],"collection":[{"href":"https:\/\/serveiseducatius.xtec.cat\/conca\/wp-json\/wp\/v2\/posts"}],"about":[{"href":"https:\/\/serveiseducatius.xtec.cat\/conca\/wp-json\/wp\/v2\/types\/post"}],"author":[{"embeddable":true,"href":"https:\/\/serveiseducatius.xtec.cat\/conca\/wp-json\/wp\/v2\/users\/1"}],"replies":[{"embeddable":true,"href":"https:\/\/serveiseducatius.xtec.cat\/conca\/wp-json\/wp\/v2\/comments?post=10828"}],"version-history":[{"count":1,"href":"https:\/\/serveiseducatius.xtec.cat\/conca\/wp-json\/wp\/v2\/posts\/10828\/revisions"}],"predecessor-version":[{"id":10830,"href":"https:\/\/serveiseducatius.xtec.cat\/conca\/wp-json\/wp\/v2\/posts\/10828\/revisions\/10830"}],"wp:featuredmedia":[{"embeddable":true,"href":"https:\/\/serveiseducatius.xtec.cat\/conca\/wp-json\/wp\/v2\/media\/10829"}],"wp:attachment":[{"href":"https:\/\/serveiseducatius.xtec.cat\/conca\/wp-json\/wp\/v2\/media?parent=10828"}],"wp:term":[{"taxonomy":"category","embeddable":true,"href":"https:\/\/serveiseducatius.xtec.cat\/conca\/wp-json\/wp\/v2\/categories?post=10828"},{"taxonomy":"post_tag","embeddable":true,"href":"https:\/\/serveiseducatius.xtec.cat\/conca\/wp-json\/wp\/v2\/tags?post=10828"}],"curies":[{"name":"wp","href":"https:\/\/api.w.org\/{rel}","templated":true}]}}