{"id":10810,"date":"2020-11-21T09:00:47","date_gmt":"2020-11-21T08:00:47","guid":{"rendered":"http:\/\/serveiseducatius.xtec.cat\/conca\/?p=10810"},"modified":"2020-11-18T13:11:31","modified_gmt":"2020-11-18T12:11:31","slug":"els-resultats-en-lexpressio-oral-en-una-llengua-estan-relacionats-amb-els-de-les-altres-llengues","status":"publish","type":"post","link":"https:\/\/serveiseducatius.xtec.cat\/conca\/portada\/els-resultats-en-lexpressio-oral-en-una-llengua-estan-relacionats-amb-els-de-les-altres-llengues\/","title":{"rendered":"Els resultats en l\u2019expressi\u00f3 oral en una llengua estan relacionats amb els de les altres lleng\u00fces?"},"content":{"rendered":"<p><a title=\"http:\/\/csda.gencat.cat\/ca\/arees-actuacio\/publicacions\/tast-dades\/2020-novembre\/\" href=\"http:\/\/csda.gencat.cat\/ca\/arees-actuacio\/publicacions\/tast-dades\/2020-novembre\/\" target=\"_blank\" rel=\"noopener noreferrer\" data-saferedirecturl=\"https:\/\/www.google.com\/url?q=http:\/\/csda.gencat.cat\/ca\/arees-actuacio\/publicacions\/tast-dades\/2020-novembre\/&amp;source=gmail&amp;ust=1605775429222000&amp;usg=AFQjCNExvI2yq3FLTrCsa8fFg-Lv28Dn0w\">A la p\u00e0gina web del Consell<\/a> s&#8217;ha publicat el <i>Tast\u00a0de\u00a0dades.\u00a020<\/i>, corresponent al mes de novembre, que respon a la pregunta:\u00a0Els resultats en l\u2019expressi\u00f3 oral en una llengua estan relacionats amb els de les altres lleng\u00fces?<\/p>\n<p>En aquest tast de dades s&#8217;analitza si hi ha relaci\u00f3 entre els resultats de l&#8217;expressi\u00f3 oral en llengua catalana, castellana i anglesa tant en les proves d&#8217;avaluaci\u00f3 de quart d&#8217;ESO com en les mateixes proves d&#8217;expressi\u00f3 oral.<\/p>\n<p>Per llegir-lo \u00edntegrament: <a href=\"http:\/\/csda.gencat.cat\/ca\/arees-actuacio\/publicacions\/tast-dades\/2020-novembre\/\" target=\"_blank\" rel=\"noopener noreferrer\">http:\/\/csda.gencat.cat\/ca\/arees-actuacio\/publicacions\/tast-dades\/2020-novembre\/<\/a><\/p>\n<p>Foto extreta de: <a href=\"https:\/\/pixlr.com\/x\/\" target=\"_blank\" rel=\"noopener noreferrer\">https:\/\/pixlr.com\/x\/<\/a><\/p>\n","protected":false},"excerpt":{"rendered":"<p>A la p\u00e0gina web del Consell s&#8217;ha publicat el Tast\u00a0de\u00a0dades.\u00a020, corresponent al mes de novembre, que respon a la pregunta:\u00a0Els resultats en l\u2019expressi\u00f3 oral en una llengua estan relacionats amb els de les altres lleng\u00fces? En aquest tast de dades s&#8217;analitza si hi ha relaci\u00f3 entre els resultats de l&#8217;expressi\u00f3 oral en llengua catalana, castellana [&hellip;]<\/p>\n","protected":false},"author":1,"featured_media":10811,"comment_status":"open","ping_status":"closed","sticky":false,"template":"","format":"standard","meta":{"_bbp_topic_count":0,"_bbp_reply_count":0,"_bbp_total_topic_count":0,"_bbp_total_reply_count":0,"_bbp_voice_count":0,"_bbp_anonymous_reply_count":0,"_bbp_topic_count_hidden":0,"_bbp_reply_count_hidden":0,"_bbp_forum_subforum_count":0,"site-sidebar-layout":"default","site-content-layout":"","ast-site-content-layout":"","site-content-style":"default","site-sidebar-style":"default","ast-global-header-display":"","ast-banner-title-visibility":"","ast-main-header-display":"","ast-hfb-above-header-display":"","ast-hfb-below-header-display":"","ast-hfb-mobile-header-display":"","site-post-title":"","ast-breadcrumbs-content":"","ast-featured-img":"","footer-sml-layout":"","theme-transparent-header-meta":"","adv-header-id-meta":"","stick-header-meta":"","header-above-stick-meta":"","header-main-stick-meta":"","header-below-stick-meta":"","astra-migrate-meta-layouts":"default","ast-page-background-enabled":"default","ast-page-background-meta":{"desktop":{"background-color":"var(--ast-global-color-4)","background-image":"","background-repeat":"repeat","background-position":"center center","background-size":"auto","background-attachment":"scroll","background-type":"","background-media":"","overlay-type":"","overlay-color":"","overlay-opacity":"","overlay-gradient":""},"tablet":{"background-color":"","background-image":"","background-repeat":"repeat","background-position":"center center","background-size":"auto","background-attachment":"scroll","background-type":"","background-media":"","overlay-type":"","overlay-color":"","overlay-opacity":"","overlay-gradient":""},"mobile":{"background-color":"","background-image":"","background-repeat":"repeat","background-position":"center center","background-size":"auto","background-attachment":"scroll","background-type":"","background-media":"","overlay-type":"","overlay-color":"","overlay-opacity":"","overlay-gradient":""}},"ast-content-background-meta":{"desktop":{"background-color":"var(--ast-global-color-5)","background-image":"","background-repeat":"repeat","background-position":"center center","background-size":"auto","background-attachment":"scroll","background-type":"","background-media":"","overlay-type":"","overlay-color":"","overlay-opacity":"","overlay-gradient":""},"tablet":{"background-color":"var(--ast-global-color-5)","background-image":"","background-repeat":"repeat","background-position":"center center","background-size":"auto","background-attachment":"scroll","background-type":"","background-media":"","overlay-type":"","overlay-color":"","overlay-opacity":"","overlay-gradient":""},"mobile":{"background-color":"var(--ast-global-color-5)","background-image":"","background-repeat":"repeat","background-position":"center center","background-size":"auto","background-attachment":"scroll","background-type":"","background-media":"","overlay-type":"","overlay-color":"","overlay-opacity":"","overlay-gradient":""}},"footnotes":""},"categories":[65,29],"tags":[194,566,179,43],"class_list":["post-10810","post","type-post","status-publish","format-standard","has-post-thumbnail","hentry","category-crp","category-portada","tag-avaluacio","tag-dades","tag-educacio-secundaria","tag-expressio-oral"],"post_mailing_queue_ids":[],"_links":{"self":[{"href":"https:\/\/serveiseducatius.xtec.cat\/conca\/wp-json\/wp\/v2\/posts\/10810","targetHints":{"allow":["GET"]}}],"collection":[{"href":"https:\/\/serveiseducatius.xtec.cat\/conca\/wp-json\/wp\/v2\/posts"}],"about":[{"href":"https:\/\/serveiseducatius.xtec.cat\/conca\/wp-json\/wp\/v2\/types\/post"}],"author":[{"embeddable":true,"href":"https:\/\/serveiseducatius.xtec.cat\/conca\/wp-json\/wp\/v2\/users\/1"}],"replies":[{"embeddable":true,"href":"https:\/\/serveiseducatius.xtec.cat\/conca\/wp-json\/wp\/v2\/comments?post=10810"}],"version-history":[{"count":1,"href":"https:\/\/serveiseducatius.xtec.cat\/conca\/wp-json\/wp\/v2\/posts\/10810\/revisions"}],"predecessor-version":[{"id":10812,"href":"https:\/\/serveiseducatius.xtec.cat\/conca\/wp-json\/wp\/v2\/posts\/10810\/revisions\/10812"}],"wp:featuredmedia":[{"embeddable":true,"href":"https:\/\/serveiseducatius.xtec.cat\/conca\/wp-json\/wp\/v2\/media\/10811"}],"wp:attachment":[{"href":"https:\/\/serveiseducatius.xtec.cat\/conca\/wp-json\/wp\/v2\/media?parent=10810"}],"wp:term":[{"taxonomy":"category","embeddable":true,"href":"https:\/\/serveiseducatius.xtec.cat\/conca\/wp-json\/wp\/v2\/categories?post=10810"},{"taxonomy":"post_tag","embeddable":true,"href":"https:\/\/serveiseducatius.xtec.cat\/conca\/wp-json\/wp\/v2\/tags?post=10810"}],"curies":[{"name":"wp","href":"https:\/\/api.w.org\/{rel}","templated":true}]}}