{"id":10643,"date":"2020-10-26T12:27:11","date_gmt":"2020-10-26T11:27:11","guid":{"rendered":"http:\/\/serveiseducatius.xtec.cat\/conca\/?p=10643"},"modified":"2020-10-26T12:38:58","modified_gmt":"2020-10-26T11:38:58","slug":"la-marato-de-tv3-dedicada-a-la-covid-19","status":"publish","type":"post","link":"https:\/\/serveiseducatius.xtec.cat\/conca\/general\/la-marato-de-tv3-dedicada-a-la-covid-19\/","title":{"rendered":"La Marat\u00f3 de TV3 dedicada a la Covid-19"},"content":{"rendered":"<p style=\"font-weight: 400;\">La 29a edici\u00f3 de<strong>\u00a0La\u00a0Marat\u00f3\u00a0de TV3, que es far\u00e0 el 20 de desembre i estar\u00e0 dedicada a la Covid-19,\u00a0<\/strong>desplegar\u00e0 la seva capacitat de sensibilitzaci\u00f3 i mobilitzaci\u00f3 social en benefici de la recerca i, dins de la promoci\u00f3 social pr\u00e8via a La\u00a0Marat\u00f3, a\u00a0<strong>l\u2019octubre en comen\u00e7ar\u00e0 la campanya de difusi\u00f3, amb les sessions informatives als centres educatius i c\u00edvics de tot Catalunya<\/strong>.<\/p>\n<p style=\"font-weight: 400;\">L\u2019objectiu d\u2019aquesta acci\u00f3 \u00e9s donar a con\u00e8ixer el tema que es tractar\u00e0 a La Marat\u00f3 i despertar l\u2019esperit solidari envers les persones afectades i la seva fam\u00edlia.<\/p>\n<p style=\"font-weight: 400;\"><u>Qui hi pot participar?<\/u><\/p>\n<ul>\n<li style=\"font-weight: 400;\">\u00a0Alumnes de 12 a 18 anys de secund\u00e0ria, batxillerat i cicles formatius<\/li>\n<\/ul>\n<p style=\"font-weight: 400;\"><u>Quan?<\/u><\/p>\n<ul>\n<li style=\"font-weight: 400;\">Els centres educatius poden triar el dia i l\u2019hora<strong>\u00a0dins el per\u00edode que anir\u00e0 des del 13 d\u2019octubre fins al 20 de desembre<\/strong>, de dilluns a divendres, de 08.00 h a 20.00 h.<\/li>\n<li style=\"font-weight: 400;\">Cada sessi\u00f3 t\u00e9 una durada de 60 minuts<\/li>\n<li>Les sessions informatives s\u00f3n gratu\u00eftes per als centres, es demana que els <strong>grups siguin consecutius i que concentreu els dies i els horaris (als matins o a les tardes)<\/strong>, per tal que les sessions les pugui fer un mateix divulgador.<\/li>\n<\/ul>\n<p style=\"font-weight: 400;\"><u>Com?<\/u><\/p>\n<ul>\n<li style=\"font-weight: 400;\">En el seg\u00fcent link: <a style=\"font-family: inherit; font-size: 1em;\" href=\"https:\/\/registre-lamarato.ccma.cat\/lamarato\/conferencies\/centre.jsf\" data-saferedirecturl=\"https:\/\/www.google.com\/url?q=https:\/\/registre-lamarato.ccma.cat\/lamarato\/conferencies\/centre.jsf&amp;source=gmail&amp;ust=1603797560761000&amp;usg=AFQjCNFPc2aOQ8ZbgcfPCsrAGY8UW7Hbeg\">https:\/\/registre-lamarato.ccma.cat\/lamarato\/conferencies\/centre.jsf<\/a><\/li>\n<\/ul>\n","protected":false},"excerpt":{"rendered":"<p>La 29a edici\u00f3 de\u00a0La\u00a0Marat\u00f3\u00a0de TV3, que es far\u00e0 el 20 de desembre i estar\u00e0 dedicada a la Covid-19,\u00a0desplegar\u00e0 la seva capacitat de sensibilitzaci\u00f3 i mobilitzaci\u00f3 social en benefici de la recerca i, dins de la promoci\u00f3 social pr\u00e8via a La\u00a0Marat\u00f3, a\u00a0l\u2019octubre en comen\u00e7ar\u00e0 la campanya de difusi\u00f3, amb les sessions informatives als centres educatius i [&hellip;]<\/p>\n","protected":false},"author":1,"featured_media":10644,"comment_status":"open","ping_status":"closed","sticky":false,"template":"","format":"standard","meta":{"_bbp_topic_count":0,"_bbp_reply_count":0,"_bbp_total_topic_count":0,"_bbp_total_reply_count":0,"_bbp_voice_count":0,"_bbp_anonymous_reply_count":0,"_bbp_topic_count_hidden":0,"_bbp_reply_count_hidden":0,"_bbp_forum_subforum_count":0,"site-sidebar-layout":"default","site-content-layout":"","ast-site-content-layout":"","site-content-style":"default","site-sidebar-style":"default","ast-global-header-display":"","ast-banner-title-visibility":"","ast-main-header-display":"","ast-hfb-above-header-display":"","ast-hfb-below-header-display":"","ast-hfb-mobile-header-display":"","site-post-title":"","ast-breadcrumbs-content":"","ast-featured-img":"","footer-sml-layout":"","theme-transparent-header-meta":"","adv-header-id-meta":"","stick-header-meta":"","header-above-stick-meta":"","header-main-stick-meta":"","header-below-stick-meta":"","astra-migrate-meta-layouts":"default","ast-page-background-enabled":"default","ast-page-background-meta":{"desktop":{"background-color":"var(--ast-global-color-4)","background-image":"","background-repeat":"repeat","background-position":"center center","background-size":"auto","background-attachment":"scroll","background-type":"","background-media":"","overlay-type":"","overlay-color":"","overlay-opacity":"","overlay-gradient":""},"tablet":{"background-color":"","background-image":"","background-repeat":"repeat","background-position":"center center","background-size":"auto","background-attachment":"scroll","background-type":"","background-media":"","overlay-type":"","overlay-color":"","overlay-opacity":"","overlay-gradient":""},"mobile":{"background-color":"","background-image":"","background-repeat":"repeat","background-position":"center center","background-size":"auto","background-attachment":"scroll","background-type":"","background-media":"","overlay-type":"","overlay-color":"","overlay-opacity":"","overlay-gradient":""}},"ast-content-background-meta":{"desktop":{"background-color":"var(--ast-global-color-5)","background-image":"","background-repeat":"repeat","background-position":"center center","background-size":"auto","background-attachment":"scroll","background-type":"","background-media":"","overlay-type":"","overlay-color":"","overlay-opacity":"","overlay-gradient":""},"tablet":{"background-color":"var(--ast-global-color-5)","background-image":"","background-repeat":"repeat","background-position":"center center","background-size":"auto","background-attachment":"scroll","background-type":"","background-media":"","overlay-type":"","overlay-color":"","overlay-opacity":"","overlay-gradient":""},"mobile":{"background-color":"var(--ast-global-color-5)","background-image":"","background-repeat":"repeat","background-position":"center center","background-size":"auto","background-attachment":"scroll","background-type":"","background-media":"","overlay-type":"","overlay-color":"","overlay-opacity":"","overlay-gradient":""}},"footnotes":""},"categories":[1,29],"tags":[179],"class_list":["post-10643","post","type-post","status-publish","format-standard","has-post-thumbnail","hentry","category-general","category-portada","tag-educacio-secundaria"],"post_mailing_queue_ids":[],"_links":{"self":[{"href":"https:\/\/serveiseducatius.xtec.cat\/conca\/wp-json\/wp\/v2\/posts\/10643","targetHints":{"allow":["GET"]}}],"collection":[{"href":"https:\/\/serveiseducatius.xtec.cat\/conca\/wp-json\/wp\/v2\/posts"}],"about":[{"href":"https:\/\/serveiseducatius.xtec.cat\/conca\/wp-json\/wp\/v2\/types\/post"}],"author":[{"embeddable":true,"href":"https:\/\/serveiseducatius.xtec.cat\/conca\/wp-json\/wp\/v2\/users\/1"}],"replies":[{"embeddable":true,"href":"https:\/\/serveiseducatius.xtec.cat\/conca\/wp-json\/wp\/v2\/comments?post=10643"}],"version-history":[{"count":1,"href":"https:\/\/serveiseducatius.xtec.cat\/conca\/wp-json\/wp\/v2\/posts\/10643\/revisions"}],"predecessor-version":[{"id":10645,"href":"https:\/\/serveiseducatius.xtec.cat\/conca\/wp-json\/wp\/v2\/posts\/10643\/revisions\/10645"}],"wp:featuredmedia":[{"embeddable":true,"href":"https:\/\/serveiseducatius.xtec.cat\/conca\/wp-json\/wp\/v2\/media\/10644"}],"wp:attachment":[{"href":"https:\/\/serveiseducatius.xtec.cat\/conca\/wp-json\/wp\/v2\/media?parent=10643"}],"wp:term":[{"taxonomy":"category","embeddable":true,"href":"https:\/\/serveiseducatius.xtec.cat\/conca\/wp-json\/wp\/v2\/categories?post=10643"},{"taxonomy":"post_tag","embeddable":true,"href":"https:\/\/serveiseducatius.xtec.cat\/conca\/wp-json\/wp\/v2\/tags?post=10643"}],"curies":[{"name":"wp","href":"https:\/\/api.w.org\/{rel}","templated":true}]}}