{"id":10585,"date":"2020-10-08T11:40:08","date_gmt":"2020-10-08T09:40:08","guid":{"rendered":"http:\/\/serveiseducatius.xtec.cat\/conca\/?p=10585"},"modified":"2020-10-08T11:40:08","modified_gmt":"2020-10-08T09:40:08","slug":"setmana-bio-a-lescola-del-17-al-25-doctubre","status":"publish","type":"post","link":"https:\/\/serveiseducatius.xtec.cat\/conca\/portada\/setmana-bio-a-lescola-del-17-al-25-doctubre\/","title":{"rendered":"Setmana Bio a l&#8217;escola del 17 al 25 d&#8217;octubre"},"content":{"rendered":"<div><\/div>\n<p><span class=\"gmail_default\" style=\"color: #000000;\">Es tracta d&#8217;una proposta organitzada pel Departament d&#8217;Agricultura, Ramaderia, Pesca i Alimentaci\u00f3 que t\u00e9 com a objectiu donar a con\u00e8ixer la\u00a0producci\u00f3 agr\u00e0ria i alimentaci\u00f3 ecol\u00f2gica del Camp de Tarragona, amb la participaci\u00f3 i connexi\u00f3 en directe dels operadors de producci\u00f3 ecol\u00f2gica de la demarcaci\u00f3.<\/span><\/p>\n<p><span class=\"gmail_default\" style=\"color: #000000;\"><a href=\"https:\/\/serveiseducatius.xtec.cat\/conca\/wp-content\/uploads\/usu1131\/2020\/10\/screenshot-serveiseducatius.xtec_.cat-2020.10.08-11_35_05-1.png\"><img loading=\"lazy\" decoding=\"async\" class=\"size-medium wp-image-10588 alignleft\" src=\"https:\/\/serveiseducatius.xtec.cat\/conca\/wp-content\/uploads\/usu1131\/2020\/10\/screenshot-serveiseducatius.xtec_.cat-2020.10.08-11_35_05-1-217x300.png\" alt=\"\" width=\"217\" height=\"300\" srcset=\"https:\/\/serveiseducatius.xtec.cat\/conca\/wp-content\/uploads\/usu1131\/2020\/10\/screenshot-serveiseducatius.xtec_.cat-2020.10.08-11_35_05-1-217x300.png 217w, https:\/\/serveiseducatius.xtec.cat\/conca\/wp-content\/uploads\/usu1131\/2020\/10\/screenshot-serveiseducatius.xtec_.cat-2020.10.08-11_35_05-1.png 595w\" sizes=\"auto, (max-width: 217px) 100vw, 217px\" \/><\/a><\/span><\/p>\n<div><\/div>\n<div><span class=\"gmail_default\" style=\"color: #000000;\"><span style=\"font-size: large;\">\u00a0Programa :\u00a0<\/span><\/span><a href=\"https:\/\/serveiseducatius.xtec.cat\/conca\/wp-content\/uploads\/usu1131\/2020\/10\/Setmana-Bio-ST-Tarragona.pdf\" target=\"_blank\" rel=\"noopener noreferrer\">Setmana Bio ST Tarragona<\/a><\/div>\n","protected":false},"excerpt":{"rendered":"<p>Es tracta d&#8217;una proposta organitzada pel Departament d&#8217;Agricultura, Ramaderia, Pesca i Alimentaci\u00f3 que t\u00e9 com a objectiu donar a con\u00e8ixer la\u00a0producci\u00f3 agr\u00e0ria i alimentaci\u00f3 ecol\u00f2gica del Camp de Tarragona, amb la participaci\u00f3 i connexi\u00f3 en directe dels operadors de producci\u00f3 ecol\u00f2gica de la demarcaci\u00f3. \u00a0Programa :\u00a0Setmana Bio ST Tarragona<\/p>\n","protected":false},"author":1,"featured_media":10588,"comment_status":"open","ping_status":"closed","sticky":false,"template":"","format":"standard","meta":{"_bbp_topic_count":0,"_bbp_reply_count":0,"_bbp_total_topic_count":0,"_bbp_total_reply_count":0,"_bbp_voice_count":0,"_bbp_anonymous_reply_count":0,"_bbp_topic_count_hidden":0,"_bbp_reply_count_hidden":0,"_bbp_forum_subforum_count":0,"site-sidebar-layout":"default","site-content-layout":"","ast-site-content-layout":"","site-content-style":"default","site-sidebar-style":"default","ast-global-header-display":"","ast-banner-title-visibility":"","ast-main-header-display":"","ast-hfb-above-header-display":"","ast-hfb-below-header-display":"","ast-hfb-mobile-header-display":"","site-post-title":"","ast-breadcrumbs-content":"","ast-featured-img":"","footer-sml-layout":"","theme-transparent-header-meta":"","adv-header-id-meta":"","stick-header-meta":"","header-above-stick-meta":"","header-main-stick-meta":"","header-below-stick-meta":"","astra-migrate-meta-layouts":"default","ast-page-background-enabled":"default","ast-page-background-meta":{"desktop":{"background-color":"var(--ast-global-color-4)","background-image":"","background-repeat":"repeat","background-position":"center center","background-size":"auto","background-attachment":"scroll","background-type":"","background-media":"","overlay-type":"","overlay-color":"","overlay-opacity":"","overlay-gradient":""},"tablet":{"background-color":"","background-image":"","background-repeat":"repeat","background-position":"center center","background-size":"auto","background-attachment":"scroll","background-type":"","background-media":"","overlay-type":"","overlay-color":"","overlay-opacity":"","overlay-gradient":""},"mobile":{"background-color":"","background-image":"","background-repeat":"repeat","background-position":"center center","background-size":"auto","background-attachment":"scroll","background-type":"","background-media":"","overlay-type":"","overlay-color":"","overlay-opacity":"","overlay-gradient":""}},"ast-content-background-meta":{"desktop":{"background-color":"var(--ast-global-color-5)","background-image":"","background-repeat":"repeat","background-position":"center center","background-size":"auto","background-attachment":"scroll","background-type":"","background-media":"","overlay-type":"","overlay-color":"","overlay-opacity":"","overlay-gradient":""},"tablet":{"background-color":"var(--ast-global-color-5)","background-image":"","background-repeat":"repeat","background-position":"center center","background-size":"auto","background-attachment":"scroll","background-type":"","background-media":"","overlay-type":"","overlay-color":"","overlay-opacity":"","overlay-gradient":""},"mobile":{"background-color":"var(--ast-global-color-5)","background-image":"","background-repeat":"repeat","background-position":"center center","background-size":"auto","background-attachment":"scroll","background-type":"","background-media":"","overlay-type":"","overlay-color":"","overlay-opacity":"","overlay-gradient":""}},"footnotes":""},"categories":[65,262,29],"tags":[],"class_list":["post-10585","post","type-post","status-publish","format-standard","has-post-thumbnail","hentry","category-crp","category-escoles-verdes","category-portada"],"post_mailing_queue_ids":[],"_links":{"self":[{"href":"https:\/\/serveiseducatius.xtec.cat\/conca\/wp-json\/wp\/v2\/posts\/10585","targetHints":{"allow":["GET"]}}],"collection":[{"href":"https:\/\/serveiseducatius.xtec.cat\/conca\/wp-json\/wp\/v2\/posts"}],"about":[{"href":"https:\/\/serveiseducatius.xtec.cat\/conca\/wp-json\/wp\/v2\/types\/post"}],"author":[{"embeddable":true,"href":"https:\/\/serveiseducatius.xtec.cat\/conca\/wp-json\/wp\/v2\/users\/1"}],"replies":[{"embeddable":true,"href":"https:\/\/serveiseducatius.xtec.cat\/conca\/wp-json\/wp\/v2\/comments?post=10585"}],"version-history":[{"count":2,"href":"https:\/\/serveiseducatius.xtec.cat\/conca\/wp-json\/wp\/v2\/posts\/10585\/revisions"}],"predecessor-version":[{"id":10589,"href":"https:\/\/serveiseducatius.xtec.cat\/conca\/wp-json\/wp\/v2\/posts\/10585\/revisions\/10589"}],"wp:featuredmedia":[{"embeddable":true,"href":"https:\/\/serveiseducatius.xtec.cat\/conca\/wp-json\/wp\/v2\/media\/10588"}],"wp:attachment":[{"href":"https:\/\/serveiseducatius.xtec.cat\/conca\/wp-json\/wp\/v2\/media?parent=10585"}],"wp:term":[{"taxonomy":"category","embeddable":true,"href":"https:\/\/serveiseducatius.xtec.cat\/conca\/wp-json\/wp\/v2\/categories?post=10585"},{"taxonomy":"post_tag","embeddable":true,"href":"https:\/\/serveiseducatius.xtec.cat\/conca\/wp-json\/wp\/v2\/tags?post=10585"}],"curies":[{"name":"wp","href":"https:\/\/api.w.org\/{rel}","templated":true}]}}