{"id":10554,"date":"2020-10-01T16:00:43","date_gmt":"2020-10-01T14:00:43","guid":{"rendered":"http:\/\/serveiseducatius.xtec.cat\/conca\/?p=10554"},"modified":"2020-10-01T16:00:43","modified_gmt":"2020-10-01T14:00:43","slug":"urv-divulga-20-21","status":"publish","type":"post","link":"https:\/\/serveiseducatius.xtec.cat\/conca\/portada\/urv-divulga-20-21\/","title":{"rendered":"URV Divulga 20\/21"},"content":{"rendered":"<p>L&#8217;equip de <strong class=\"gmail_sendername\" dir=\"auto\">Divulgaci\u00f3 de la Ci\u00e8ncia de la URV\u00a0<\/strong>ofereix aquestes activitats\/tallers per a professorat i alumnat de diferents nivells educatius.<a href=\"https:\/\/serveiseducatius.xtec.cat\/conca\/wp-content\/uploads\/usu1131\/2020\/10\/image014.jpg\"><img loading=\"lazy\" decoding=\"async\" class=\"size-medium wp-image-10556 alignright\" src=\"https:\/\/serveiseducatius.xtec.cat\/conca\/wp-content\/uploads\/usu1131\/2020\/10\/image014-168x300.jpg\" alt=\"\" width=\"168\" height=\"300\" srcset=\"https:\/\/serveiseducatius.xtec.cat\/conca\/wp-content\/uploads\/usu1131\/2020\/10\/image014-168x300.jpg 168w, https:\/\/serveiseducatius.xtec.cat\/conca\/wp-content\/uploads\/usu1131\/2020\/10\/image014.jpg 345w\" sizes=\"auto, (max-width: 168px) 100vw, 168px\" \/><\/a><\/p>\n<ul>\n<li>Taller TAC \u201c<a href=\"https:\/\/xn--alianastem-s6a.cat\/ca\/taller-tac-3a-setmana-extensa-del-codi-urv-actitud-stem\/\" target=\"_blank\" rel=\"noopener noreferrer\">Setmana (extensa) del codi URV: actitud STEM!<\/a>\u201d (per a 1r a 6\u00e8 de prim\u00e0ria i ESO)<u><\/u><u><\/u>\n<ul>\n<li>Inscripcions fins el 10 d&#8217;octubre. <a href=\"https:\/\/forms.gle\/cnsmiikCQSDyEJdU7\" target=\"_blank\" rel=\"noopener noreferrer\">https:\/\/forms.gle\/cnsmiikCQSDyEJdU7<\/a><\/li>\n<\/ul>\n<\/li>\n<\/ul>\n<ul>\n<li><u><\/u>Curs en l\u00ednia de formaci\u00f3 de professorat \u201c<a href=\"https:\/\/xn--alianastem-s6a.cat\/ca\/projecte-wap-cat\/\" target=\"_blank\" rel=\"noopener noreferrer\">Projecte Webs.cat: creaci\u00f3 de llocs web en catal\u00e0<\/a>\u201d (per a cicle superior de Prim\u00e0ria, ESO, Batxillerat i Cicles Formatius)<u><\/u><u><\/u>\n<ul>\n<li>Inscripci\u00f3\u00a0a les edicions 3 i 4. Del 10 de setembre al 7 d\u2019octubre a\u00a0<a href=\"https:\/\/forms.gle\/DgEhpo2EZqsb4rqe8\" target=\"_blank\" rel=\"noopener noreferrer\" data-saferedirecturl=\"https:\/\/www.google.com\/url?q=https:\/\/forms.gle\/DgEhpo2EZqsb4rqe8&amp;source=gmail&amp;ust=1601645340702000&amp;usg=AFQjCNFDN5Gf8qT3sRL6MRlOB0B86BDmYQ\">https:\/\/forms.gle\/<wbr \/>DgEhpo2EZqsb4rqe8<\/a><\/li>\n<li>Inscripci\u00f3 a les edicions 5 i 6. Del 10 de setembre al 26 d\u2019octubre a <a style=\"font-family: inherit; font-size: 1em;\" href=\"https:\/\/forms.gle\/DgEhpo2EZqsb4rqe8\" target=\"_blank\" rel=\"noopener noreferrer\" data-saferedirecturl=\"https:\/\/www.google.com\/url?q=https:\/\/forms.gle\/DgEhpo2EZqsb4rqe8&amp;source=gmail&amp;ust=1601645340702000&amp;usg=AFQjCNFDN5Gf8qT3sRL6MRlOB0B86BDmYQ\">https:\/\/forms.gle\/<wbr \/>DgEhpo2EZqsb4rqe8<\/a><span style=\"font-family: inherit; font-size: 1em;\">\u00a0\u00a0<\/span><\/li>\n<\/ul>\n<\/li>\n<\/ul>\n<ul>\n<li><u><\/u>Curs en l\u00ednia de formaci\u00f3 de professorat \u201c<a href=\"https:\/\/xn--alianastem-s6a.cat\/ca\/curs-plastics-apqua\/\" target=\"_blank\" rel=\"noopener noreferrer\">El desenvolupament de les compet\u00e8ncies b\u00e0siques a trav\u00e9s de l\u2019experimentaci\u00f3 cient\u00edfica: m\u00f2du<\/a>l\u201d Els pl\u00e0stics a la nostra societat \u201d del Projecte APQUA\u201d (per a ESO i Batxillerat).\n<ul>\n<li>Inscripcions a\u00a0<a href=\"https:\/\/forms.gle\/roATpD6xZuoMDkXy5\" target=\"_blank\" rel=\"noopener noreferrer\" data-saferedirecturl=\"https:\/\/www.google.com\/url?q=https:\/\/forms.gle\/roATpD6xZuoMDkXy5&amp;source=gmail&amp;ust=1601645340702000&amp;usg=AFQjCNFAgg6Eha2tPeWHc5W5gT10SKJaBg\">https:\/\/forms.gle\/<wbr \/>roATpD6xZuoMDkXy5<\/a>, fins el 15 d&#8217;octubre de 2020.<\/li>\n<\/ul>\n<\/li>\n<\/ul>\n","protected":false},"excerpt":{"rendered":"<p>L&#8217;equip de Divulgaci\u00f3 de la Ci\u00e8ncia de la URV\u00a0ofereix aquestes activitats\/tallers per a professorat i alumnat de diferents nivells educatius. Taller TAC \u201cSetmana (extensa) del codi URV: actitud STEM!\u201d (per a 1r a 6\u00e8 de prim\u00e0ria i ESO) Inscripcions fins el 10 d&#8217;octubre. https:\/\/forms.gle\/cnsmiikCQSDyEJdU7 Curs en l\u00ednia de formaci\u00f3 de professorat \u201cProjecte Webs.cat: creaci\u00f3 de [&hellip;]<\/p>\n","protected":false},"author":1,"featured_media":10557,"comment_status":"open","ping_status":"closed","sticky":false,"template":"","format":"standard","meta":{"_bbp_topic_count":0,"_bbp_reply_count":0,"_bbp_total_topic_count":0,"_bbp_total_reply_count":0,"_bbp_voice_count":0,"_bbp_anonymous_reply_count":0,"_bbp_topic_count_hidden":0,"_bbp_reply_count_hidden":0,"_bbp_forum_subforum_count":0,"site-sidebar-layout":"default","site-content-layout":"","ast-site-content-layout":"","site-content-style":"default","site-sidebar-style":"default","ast-global-header-display":"","ast-banner-title-visibility":"","ast-main-header-display":"","ast-hfb-above-header-display":"","ast-hfb-below-header-display":"","ast-hfb-mobile-header-display":"","site-post-title":"","ast-breadcrumbs-content":"","ast-featured-img":"","footer-sml-layout":"","theme-transparent-header-meta":"","adv-header-id-meta":"","stick-header-meta":"","header-above-stick-meta":"","header-main-stick-meta":"","header-below-stick-meta":"","astra-migrate-meta-layouts":"default","ast-page-background-enabled":"default","ast-page-background-meta":{"desktop":{"background-color":"var(--ast-global-color-4)","background-image":"","background-repeat":"repeat","background-position":"center center","background-size":"auto","background-attachment":"scroll","background-type":"","background-media":"","overlay-type":"","overlay-color":"","overlay-opacity":"","overlay-gradient":""},"tablet":{"background-color":"","background-image":"","background-repeat":"repeat","background-position":"center center","background-size":"auto","background-attachment":"scroll","background-type":"","background-media":"","overlay-type":"","overlay-color":"","overlay-opacity":"","overlay-gradient":""},"mobile":{"background-color":"","background-image":"","background-repeat":"repeat","background-position":"center center","background-size":"auto","background-attachment":"scroll","background-type":"","background-media":"","overlay-type":"","overlay-color":"","overlay-opacity":"","overlay-gradient":""}},"ast-content-background-meta":{"desktop":{"background-color":"var(--ast-global-color-5)","background-image":"","background-repeat":"repeat","background-position":"center center","background-size":"auto","background-attachment":"scroll","background-type":"","background-media":"","overlay-type":"","overlay-color":"","overlay-opacity":"","overlay-gradient":""},"tablet":{"background-color":"var(--ast-global-color-5)","background-image":"","background-repeat":"repeat","background-position":"center center","background-size":"auto","background-attachment":"scroll","background-type":"","background-media":"","overlay-type":"","overlay-color":"","overlay-opacity":"","overlay-gradient":""},"mobile":{"background-color":"var(--ast-global-color-5)","background-image":"","background-repeat":"repeat","background-position":"center center","background-size":"auto","background-attachment":"scroll","background-type":"","background-media":"","overlay-type":"","overlay-color":"","overlay-opacity":"","overlay-gradient":""}},"footnotes":""},"categories":[235,29],"tags":[250,226,352,555],"class_list":["post-10554","post","type-post","status-publish","format-standard","has-post-thumbnail","hentry","category-formacio_ins","category-portada","tag-ciencia","tag-formacio","tag-stem","tag-taller"],"post_mailing_queue_ids":[],"_links":{"self":[{"href":"https:\/\/serveiseducatius.xtec.cat\/conca\/wp-json\/wp\/v2\/posts\/10554","targetHints":{"allow":["GET"]}}],"collection":[{"href":"https:\/\/serveiseducatius.xtec.cat\/conca\/wp-json\/wp\/v2\/posts"}],"about":[{"href":"https:\/\/serveiseducatius.xtec.cat\/conca\/wp-json\/wp\/v2\/types\/post"}],"author":[{"embeddable":true,"href":"https:\/\/serveiseducatius.xtec.cat\/conca\/wp-json\/wp\/v2\/users\/1"}],"replies":[{"embeddable":true,"href":"https:\/\/serveiseducatius.xtec.cat\/conca\/wp-json\/wp\/v2\/comments?post=10554"}],"version-history":[{"count":2,"href":"https:\/\/serveiseducatius.xtec.cat\/conca\/wp-json\/wp\/v2\/posts\/10554\/revisions"}],"predecessor-version":[{"id":10558,"href":"https:\/\/serveiseducatius.xtec.cat\/conca\/wp-json\/wp\/v2\/posts\/10554\/revisions\/10558"}],"wp:featuredmedia":[{"embeddable":true,"href":"https:\/\/serveiseducatius.xtec.cat\/conca\/wp-json\/wp\/v2\/media\/10557"}],"wp:attachment":[{"href":"https:\/\/serveiseducatius.xtec.cat\/conca\/wp-json\/wp\/v2\/media?parent=10554"}],"wp:term":[{"taxonomy":"category","embeddable":true,"href":"https:\/\/serveiseducatius.xtec.cat\/conca\/wp-json\/wp\/v2\/categories?post=10554"},{"taxonomy":"post_tag","embeddable":true,"href":"https:\/\/serveiseducatius.xtec.cat\/conca\/wp-json\/wp\/v2\/tags?post=10554"}],"curies":[{"name":"wp","href":"https:\/\/api.w.org\/{rel}","templated":true}]}}