{"id":10509,"date":"2020-09-19T08:05:53","date_gmt":"2020-09-19T06:05:53","guid":{"rendered":"http:\/\/serveiseducatius.xtec.cat\/conca\/?p=10509"},"modified":"2020-09-17T12:25:54","modified_gmt":"2020-09-17T10:25:54","slug":"cientifiks","status":"publish","type":"post","link":"https:\/\/serveiseducatius.xtec.cat\/conca\/portada\/cientifiks\/","title":{"rendered":"CientifiKs"},"content":{"rendered":"<h3>IV Concurs escolar de disseny de videojocs cient\u00edfics<\/h3>\n<p>Adre\u00e7at: Mestres i docents de 5\u00e8 de prim\u00e0ria<\/p>\n<p>Termini d&#8217;inscripci\u00f3: 30 d&#8217;octubre<\/p>\n<h4>QU\u00c8 \u00c9S CIENT\u00cdFI<em>K<\/em>S EN JOC?<\/h4>\n<p>\u00c9s un\u00a0<strong>programa educatiu virtual\u00a0<\/strong>de la Secretaria d\u2019Universitats i Recerca de la Generalitat de Catalunya adre\u00e7at a l\u2019alumnat de\u00a0<strong>5\u00e8 de Prim\u00e0ria\u00a0<\/strong>dels centres educatius de Catalunya. El programa proposa el disseny d\u2019un videojoc sobre una investigadora catalana que actualment estigui fent recerca en qualsevol dels \u00e0mbits per\u00f2 relacionada amb la tem\u00e0tica dels virus (ci\u00e8ncies experimentals, ci\u00e8ncies de la salut, enginyeria, hist\u00f2ria i humanitats, etc\u2026).<\/p>\n<p>M\u00e9s informaci\u00f3: <a href=\"https:\/\/cientificsenjoc.cat\/\" target=\"_blank\" rel=\"noopener noreferrer\">Cient\u00edfics en joc<\/a><\/p>\n<p><img loading=\"lazy\" decoding=\"async\" class=\"\" src=\"https:\/\/cientificsenjoc.cat\/wp-content\/uploads\/2020\/07\/ImatgeWeb_Provisional.jpg\" width=\"1003\" height=\"1221\" \/><\/p>\n","protected":false},"excerpt":{"rendered":"<p>IV Concurs escolar de disseny de videojocs cient\u00edfics Adre\u00e7at: Mestres i docents de 5\u00e8 de prim\u00e0ria Termini d&#8217;inscripci\u00f3: 30 d&#8217;octubre QU\u00c8 \u00c9S CIENT\u00cdFIKS EN JOC? \u00c9s un\u00a0programa educatiu virtual\u00a0de la Secretaria d\u2019Universitats i Recerca de la Generalitat de Catalunya adre\u00e7at a l\u2019alumnat de\u00a05\u00e8 de Prim\u00e0ria\u00a0dels centres educatius de Catalunya. El programa proposa el disseny d\u2019un [&hellip;]<\/p>\n","protected":false},"author":1,"featured_media":10512,"comment_status":"open","ping_status":"closed","sticky":false,"template":"","format":"standard","meta":{"_bbp_topic_count":0,"_bbp_reply_count":0,"_bbp_total_topic_count":0,"_bbp_total_reply_count":0,"_bbp_voice_count":0,"_bbp_anonymous_reply_count":0,"_bbp_topic_count_hidden":0,"_bbp_reply_count_hidden":0,"_bbp_forum_subforum_count":0,"site-sidebar-layout":"default","site-content-layout":"","ast-site-content-layout":"","site-content-style":"default","site-sidebar-style":"default","ast-global-header-display":"","ast-banner-title-visibility":"","ast-main-header-display":"","ast-hfb-above-header-display":"","ast-hfb-below-header-display":"","ast-hfb-mobile-header-display":"","site-post-title":"","ast-breadcrumbs-content":"","ast-featured-img":"","footer-sml-layout":"","theme-transparent-header-meta":"","adv-header-id-meta":"","stick-header-meta":"","header-above-stick-meta":"","header-main-stick-meta":"","header-below-stick-meta":"","astra-migrate-meta-layouts":"default","ast-page-background-enabled":"default","ast-page-background-meta":{"desktop":{"background-color":"var(--ast-global-color-4)","background-image":"","background-repeat":"repeat","background-position":"center center","background-size":"auto","background-attachment":"scroll","background-type":"","background-media":"","overlay-type":"","overlay-color":"","overlay-opacity":"","overlay-gradient":""},"tablet":{"background-color":"","background-image":"","background-repeat":"repeat","background-position":"center center","background-size":"auto","background-attachment":"scroll","background-type":"","background-media":"","overlay-type":"","overlay-color":"","overlay-opacity":"","overlay-gradient":""},"mobile":{"background-color":"","background-image":"","background-repeat":"repeat","background-position":"center center","background-size":"auto","background-attachment":"scroll","background-type":"","background-media":"","overlay-type":"","overlay-color":"","overlay-opacity":"","overlay-gradient":""}},"ast-content-background-meta":{"desktop":{"background-color":"var(--ast-global-color-5)","background-image":"","background-repeat":"repeat","background-position":"center center","background-size":"auto","background-attachment":"scroll","background-type":"","background-media":"","overlay-type":"","overlay-color":"","overlay-opacity":"","overlay-gradient":""},"tablet":{"background-color":"var(--ast-global-color-5)","background-image":"","background-repeat":"repeat","background-position":"center center","background-size":"auto","background-attachment":"scroll","background-type":"","background-media":"","overlay-type":"","overlay-color":"","overlay-opacity":"","overlay-gradient":""},"mobile":{"background-color":"var(--ast-global-color-5)","background-image":"","background-repeat":"repeat","background-position":"center center","background-size":"auto","background-attachment":"scroll","background-type":"","background-media":"","overlay-type":"","overlay-color":"","overlay-opacity":"","overlay-gradient":""}},"footnotes":""},"categories":[65,78,29],"tags":[554,335,432,511,553],"class_list":["post-10509","post","type-post","status-publish","format-standard","has-post-thumbnail","hentry","category-crp","category-cd","category-portada","tag-coeducacio","tag-gamificacio","tag-investigar","tag-primaria","tag-videojocs"],"post_mailing_queue_ids":[],"_links":{"self":[{"href":"https:\/\/serveiseducatius.xtec.cat\/conca\/wp-json\/wp\/v2\/posts\/10509","targetHints":{"allow":["GET"]}}],"collection":[{"href":"https:\/\/serveiseducatius.xtec.cat\/conca\/wp-json\/wp\/v2\/posts"}],"about":[{"href":"https:\/\/serveiseducatius.xtec.cat\/conca\/wp-json\/wp\/v2\/types\/post"}],"author":[{"embeddable":true,"href":"https:\/\/serveiseducatius.xtec.cat\/conca\/wp-json\/wp\/v2\/users\/1"}],"replies":[{"embeddable":true,"href":"https:\/\/serveiseducatius.xtec.cat\/conca\/wp-json\/wp\/v2\/comments?post=10509"}],"version-history":[{"count":3,"href":"https:\/\/serveiseducatius.xtec.cat\/conca\/wp-json\/wp\/v2\/posts\/10509\/revisions"}],"predecessor-version":[{"id":10515,"href":"https:\/\/serveiseducatius.xtec.cat\/conca\/wp-json\/wp\/v2\/posts\/10509\/revisions\/10515"}],"wp:featuredmedia":[{"embeddable":true,"href":"https:\/\/serveiseducatius.xtec.cat\/conca\/wp-json\/wp\/v2\/media\/10512"}],"wp:attachment":[{"href":"https:\/\/serveiseducatius.xtec.cat\/conca\/wp-json\/wp\/v2\/media?parent=10509"}],"wp:term":[{"taxonomy":"category","embeddable":true,"href":"https:\/\/serveiseducatius.xtec.cat\/conca\/wp-json\/wp\/v2\/categories?post=10509"},{"taxonomy":"post_tag","embeddable":true,"href":"https:\/\/serveiseducatius.xtec.cat\/conca\/wp-json\/wp\/v2\/tags?post=10509"}],"curies":[{"name":"wp","href":"https:\/\/api.w.org\/{rel}","templated":true}]}}