{"id":10421,"date":"2020-07-02T10:03:36","date_gmt":"2020-07-02T08:03:36","guid":{"rendered":"http:\/\/serveiseducatius.xtec.cat\/conca\/?p=10421"},"modified":"2020-09-24T12:39:26","modified_gmt":"2020-09-24T10:39:26","slug":"lectures-xvii-certamen-lectura-en-veu-alta","status":"publish","type":"post","link":"https:\/\/serveiseducatius.xtec.cat\/conca\/portada\/lectures-xvii-certamen-lectura-en-veu-alta\/","title":{"rendered":"Lectures XVII Certamen Lectura en veu alta"},"content":{"rendered":"<p>Ja es disposa del llistat de llibres del XVII Certamen de Lectura en veu alta pel curs 20\/21, tot el llistat de les lectures de semis i final es troba al seu <a href=\"http:\/\/www.lecturaenveualta.cat\/llibres-del-xvii-certamen-de-lectura-en-veu-alta-curs-2020-21\/\" target=\"_blank\" rel=\"noopener noreferrer\">web, <\/a>aix\u00ed com m\u00e9s informaci\u00f3<a href=\"http:\/\/www.lecturaenveualta.cat\/llibres-del-xvii-certamen-de-lectura-en-veu-alta-curs-2020-21\/\" target=\"_blank\" rel=\"noopener noreferrer\">.<\/a><\/p>\n<p>Us llistem els llibres de <strong>semis<\/strong> de les diferents categories:<\/p>\n<table style=\"height: 173px; width: 923px;\">\n<tbody>\n<tr style=\"height: 49px;\">\n<td style=\"height: 49px; width: 451px;\">\n<p class=\"title-heading-left\">GRUMETS VERMELLS (cicle mitj\u00e0 de prim\u00e0ria)<\/p>\n<\/td>\n<td style=\"height: 49px; width: 260px;\"><em>La balada del Petit Jack<\/em><\/p>\n<p>Mikel Valverde<br \/>\n<a href=\"https:\/\/www.lagaleraeditorial.com\/\">La Galera Editorial<\/a><br \/>\nISBN:978-84-246-6751-1<\/td>\n<td style=\"height: 49px; width: 202px;\"><a href=\"https:\/\/serveiseducatius.xtec.cat\/conca\/wp-content\/uploads\/usu1131\/2020\/07\/Balada_Petit_Jack_web-600x967.jpg\"><img loading=\"lazy\" decoding=\"async\" class=\"alignnone size-medium wp-image-10423\" src=\"https:\/\/serveiseducatius.xtec.cat\/conca\/wp-content\/uploads\/usu1131\/2020\/07\/Balada_Petit_Jack_web-600x967-186x300.jpg\" alt=\"\" width=\"186\" height=\"300\" srcset=\"https:\/\/serveiseducatius.xtec.cat\/conca\/wp-content\/uploads\/usu1131\/2020\/07\/Balada_Petit_Jack_web-600x967-186x300.jpg 186w, https:\/\/serveiseducatius.xtec.cat\/conca\/wp-content\/uploads\/usu1131\/2020\/07\/Balada_Petit_Jack_web-600x967.jpg 600w\" sizes=\"auto, (max-width: 186px) 100vw, 186px\" \/><\/a><\/td>\n<\/tr>\n<tr style=\"height: 31px;\">\n<td style=\"height: 31px; width: 451px;\">\n<p class=\"title-heading-left\">GRUMETS VERDS (cicle superior de prim\u00e0ria)<\/p>\n<\/td>\n<td style=\"height: 31px; width: 260px;\"><em>Pau Casals i el noi que tocava el viol\u00ed<br \/>\n<\/em>Jordi Sierra i Fabra<br \/>\n<a href=\"https:\/\/www.lagaleraeditorial.com\/\">La Galera Editorial<\/a><br \/>\nISBN: 978-84-246-6752-8<\/td>\n<td style=\"height: 31px; width: 202px;\"><a href=\"https:\/\/serveiseducatius.xtec.cat\/conca\/wp-content\/uploads\/usu1131\/2020\/07\/GRU-Pau-Casals_web-600x964.jpg\"><img loading=\"lazy\" decoding=\"async\" class=\"alignnone size-medium wp-image-10424\" src=\"https:\/\/serveiseducatius.xtec.cat\/conca\/wp-content\/uploads\/usu1131\/2020\/07\/GRU-Pau-Casals_web-600x964-187x300.jpg\" alt=\"\" width=\"187\" height=\"300\" srcset=\"https:\/\/serveiseducatius.xtec.cat\/conca\/wp-content\/uploads\/usu1131\/2020\/07\/GRU-Pau-Casals_web-600x964-187x300.jpg 187w, https:\/\/serveiseducatius.xtec.cat\/conca\/wp-content\/uploads\/usu1131\/2020\/07\/GRU-Pau-Casals_web-600x964.jpg 600w\" sizes=\"auto, (max-width: 187px) 100vw, 187px\" \/><\/a><\/td>\n<\/tr>\n<tr style=\"height: 31px;\">\n<td style=\"height: 31px; width: 451px;\">TIMONERS (aula d\u2019acollida CS de prim\u00e0ria i 1r i 2n d\u2019ESO)<\/td>\n<td style=\"height: 31px; width: 260px;\"><em>L\u2019Anticlub\u00a0<\/em>(segell Lectura F\u00e0cil)<\/p>\n<p>\u00c0ngel Burgas. Adaptaci\u00f3 de Marta Luna<br \/>\n<a href=\"https:\/\/www.lagaleraeditorial.com\/\">La Galera Editorial<\/a><br \/>\nISBN: 978-84-246-4766-7<\/td>\n<td style=\"height: 31px; width: 202px;\"><a href=\"https:\/\/serveiseducatius.xtec.cat\/conca\/wp-content\/uploads\/usu1131\/2020\/07\/TCK-Anticlub-e1559024896919.jpg\"><img loading=\"lazy\" decoding=\"async\" class=\"alignnone size-medium wp-image-10425\" src=\"https:\/\/serveiseducatius.xtec.cat\/conca\/wp-content\/uploads\/usu1131\/2020\/07\/TCK-Anticlub-e1559024896919-185x300.jpg\" alt=\"\" width=\"185\" height=\"300\" srcset=\"https:\/\/serveiseducatius.xtec.cat\/conca\/wp-content\/uploads\/usu1131\/2020\/07\/TCK-Anticlub-e1559024896919-185x300.jpg 185w, https:\/\/serveiseducatius.xtec.cat\/conca\/wp-content\/uploads\/usu1131\/2020\/07\/TCK-Anticlub-e1559024896919.jpg 350w\" sizes=\"auto, (max-width: 185px) 100vw, 185px\" \/><\/a><\/td>\n<\/tr>\n<tr style=\"height: 31px;\">\n<td style=\"height: 31px; width: 451px;\">CORSARIS (1r i 2n d\u2019ESO)<\/td>\n<td style=\"height: 31px; width: 260px;\"><em>E.M.\u00a0<\/em><em>Nova incorporaci\u00f3 al club de la cistella<\/em><\/p>\n<p>\u00c0ngel Burgas<br \/>\n<a href=\"https:\/\/www.lagaleraeditorial.com\/\">La Galera Editorial<\/a><br \/>\nISBN: 978-84-246-6738-2<\/td>\n<td style=\"height: 31px; width: 202px;\"><a href=\"https:\/\/serveiseducatius.xtec.cat\/conca\/wp-content\/uploads\/usu1131\/2020\/07\/EM-coberta-web-600x962.jpg\"><img loading=\"lazy\" decoding=\"async\" class=\"alignnone size-medium wp-image-10426\" src=\"https:\/\/serveiseducatius.xtec.cat\/conca\/wp-content\/uploads\/usu1131\/2020\/07\/EM-coberta-web-600x962-187x300.jpg\" alt=\"\" width=\"187\" height=\"300\" srcset=\"https:\/\/serveiseducatius.xtec.cat\/conca\/wp-content\/uploads\/usu1131\/2020\/07\/EM-coberta-web-600x962-187x300.jpg 187w, https:\/\/serveiseducatius.xtec.cat\/conca\/wp-content\/uploads\/usu1131\/2020\/07\/EM-coberta-web-600x962.jpg 600w\" sizes=\"auto, (max-width: 187px) 100vw, 187px\" \/><\/a><\/td>\n<\/tr>\n<tr style=\"height: 31px;\">\n<td style=\"height: 31px; width: 451px;\">TROPA DE CORSARIS (3r i 4t d\u2019ESO)<\/td>\n<td style=\"height: 31px; width: 260px;\"><em>El club de la C.I.E.N.C.I.A.\u00a0<\/em><strong><em>El misteri de la casa encantada<\/em><\/strong><\/p>\n<p>Marcelo Mazzanti<br \/>\n<a href=\"https:\/\/www.lagaleraeditorial.com\/ca\/\">La Galera<\/a><br \/>\nISBN: 978-84-2466-619-4<\/td>\n<td style=\"height: 31px; width: 202px;\"><a href=\"https:\/\/serveiseducatius.xtec.cat\/conca\/wp-content\/uploads\/usu1131\/2020\/07\/Tropa_quarts_XVII-600x902.jpg\"><img loading=\"lazy\" decoding=\"async\" class=\"alignnone size-medium wp-image-10427\" src=\"https:\/\/serveiseducatius.xtec.cat\/conca\/wp-content\/uploads\/usu1131\/2020\/07\/Tropa_quarts_XVII-600x902-200x300.jpg\" alt=\"\" width=\"200\" height=\"300\" srcset=\"https:\/\/serveiseducatius.xtec.cat\/conca\/wp-content\/uploads\/usu1131\/2020\/07\/Tropa_quarts_XVII-600x902-200x300.jpg 200w, https:\/\/serveiseducatius.xtec.cat\/conca\/wp-content\/uploads\/usu1131\/2020\/07\/Tropa_quarts_XVII-600x902.jpg 600w\" sizes=\"auto, (max-width: 200px) 100vw, 200px\" \/><\/a><\/td>\n<\/tr>\n<\/tbody>\n<\/table>\n","protected":false},"excerpt":{"rendered":"<p>Ja es disposa del llistat de llibres del XVII Certamen de Lectura en veu alta pel curs 20\/21, tot el llistat de les lectures de semis i final es troba al seu web, aix\u00ed com m\u00e9s informaci\u00f3. Us llistem els llibres de semis de les diferents categories: GRUMETS VERMELLS (cicle mitj\u00e0 de prim\u00e0ria) La balada [&hellip;]<\/p>\n","protected":false},"author":1,"featured_media":10423,"comment_status":"open","ping_status":"closed","sticky":false,"template":"","format":"standard","meta":{"_bbp_topic_count":0,"_bbp_reply_count":0,"_bbp_total_topic_count":0,"_bbp_total_reply_count":0,"_bbp_voice_count":0,"_bbp_anonymous_reply_count":0,"_bbp_topic_count_hidden":0,"_bbp_reply_count_hidden":0,"_bbp_forum_subforum_count":0,"site-sidebar-layout":"default","site-content-layout":"","ast-site-content-layout":"","site-content-style":"default","site-sidebar-style":"default","ast-global-header-display":"","ast-banner-title-visibility":"","ast-main-header-display":"","ast-hfb-above-header-display":"","ast-hfb-below-header-display":"","ast-hfb-mobile-header-display":"","site-post-title":"","ast-breadcrumbs-content":"","ast-featured-img":"","footer-sml-layout":"","theme-transparent-header-meta":"","adv-header-id-meta":"","stick-header-meta":"","header-above-stick-meta":"","header-main-stick-meta":"","header-below-stick-meta":"","astra-migrate-meta-layouts":"default","ast-page-background-enabled":"default","ast-page-background-meta":{"desktop":{"background-color":"var(--ast-global-color-4)","background-image":"","background-repeat":"repeat","background-position":"center center","background-size":"auto","background-attachment":"scroll","background-type":"","background-media":"","overlay-type":"","overlay-color":"","overlay-opacity":"","overlay-gradient":""},"tablet":{"background-color":"","background-image":"","background-repeat":"repeat","background-position":"center center","background-size":"auto","background-attachment":"scroll","background-type":"","background-media":"","overlay-type":"","overlay-color":"","overlay-opacity":"","overlay-gradient":""},"mobile":{"background-color":"","background-image":"","background-repeat":"repeat","background-position":"center center","background-size":"auto","background-attachment":"scroll","background-type":"","background-media":"","overlay-type":"","overlay-color":"","overlay-opacity":"","overlay-gradient":""}},"ast-content-background-meta":{"desktop":{"background-color":"var(--ast-global-color-5)","background-image":"","background-repeat":"repeat","background-position":"center center","background-size":"auto","background-attachment":"scroll","background-type":"","background-media":"","overlay-type":"","overlay-color":"","overlay-opacity":"","overlay-gradient":""},"tablet":{"background-color":"var(--ast-global-color-5)","background-image":"","background-repeat":"repeat","background-position":"center center","background-size":"auto","background-attachment":"scroll","background-type":"","background-media":"","overlay-type":"","overlay-color":"","overlay-opacity":"","overlay-gradient":""},"mobile":{"background-color":"var(--ast-global-color-5)","background-image":"","background-repeat":"repeat","background-position":"center center","background-size":"auto","background-attachment":"scroll","background-type":"","background-media":"","overlay-type":"","overlay-color":"","overlay-opacity":"","overlay-gradient":""}},"footnotes":""},"categories":[81,72,29],"tags":[],"class_list":["post-10421","post","type-post","status-publish","format-standard","has-post-thumbnail","hentry","category-biblioteca-escolar","category-lectura-en-veu-alta","category-portada"],"post_mailing_queue_ids":[],"_links":{"self":[{"href":"https:\/\/serveiseducatius.xtec.cat\/conca\/wp-json\/wp\/v2\/posts\/10421","targetHints":{"allow":["GET"]}}],"collection":[{"href":"https:\/\/serveiseducatius.xtec.cat\/conca\/wp-json\/wp\/v2\/posts"}],"about":[{"href":"https:\/\/serveiseducatius.xtec.cat\/conca\/wp-json\/wp\/v2\/types\/post"}],"author":[{"embeddable":true,"href":"https:\/\/serveiseducatius.xtec.cat\/conca\/wp-json\/wp\/v2\/users\/1"}],"replies":[{"embeddable":true,"href":"https:\/\/serveiseducatius.xtec.cat\/conca\/wp-json\/wp\/v2\/comments?post=10421"}],"version-history":[{"count":3,"href":"https:\/\/serveiseducatius.xtec.cat\/conca\/wp-json\/wp\/v2\/posts\/10421\/revisions"}],"predecessor-version":[{"id":10536,"href":"https:\/\/serveiseducatius.xtec.cat\/conca\/wp-json\/wp\/v2\/posts\/10421\/revisions\/10536"}],"wp:featuredmedia":[{"embeddable":true,"href":"https:\/\/serveiseducatius.xtec.cat\/conca\/wp-json\/wp\/v2\/media\/10423"}],"wp:attachment":[{"href":"https:\/\/serveiseducatius.xtec.cat\/conca\/wp-json\/wp\/v2\/media?parent=10421"}],"wp:term":[{"taxonomy":"category","embeddable":true,"href":"https:\/\/serveiseducatius.xtec.cat\/conca\/wp-json\/wp\/v2\/categories?post=10421"},{"taxonomy":"post_tag","embeddable":true,"href":"https:\/\/serveiseducatius.xtec.cat\/conca\/wp-json\/wp\/v2\/tags?post=10421"}],"curies":[{"name":"wp","href":"https:\/\/api.w.org\/{rel}","templated":true}]}}