{"id":10321,"date":"2020-06-04T08:38:31","date_gmt":"2020-06-04T06:38:31","guid":{"rendered":"http:\/\/serveiseducatius.xtec.cat\/conca\/?p=10321"},"modified":"2020-06-02T16:58:10","modified_gmt":"2020-06-02T14:58:10","slug":"accions-formatives-divulgatives","status":"publish","type":"post","link":"https:\/\/serveiseducatius.xtec.cat\/conca\/portada\/accions-formatives-divulgatives\/","title":{"rendered":"Accions formatives\/divulgatives"},"content":{"rendered":"<p>Al <a href=\"https:\/\/blocs.xtec.cat\/afttgn\/\" target=\"_blank\" rel=\"noopener noreferrer\">bloc accions formatives\/divulgatives<\/a> es va recollint els webinars i les presentacions fetes, sin\u00f3 has pogut assistir a alguna que t&#8217;interessava pots accedir als seus materials a l&#8217;enlla\u00e7 de cada actvitat.<\/p>\n<p>Properes accions:<\/p>\n<ul>\n<li><a href=\"https:\/\/blocs.xtec.cat\/afttgn\/2020\/05\/20\/87\/\" target=\"_blank\" rel=\"noopener noreferrer\">M\u00e8tode flabiol a l&#8217;escola<\/a>: 8 de juny<\/li>\n<li><a href=\"https:\/\/blocs.xtec.cat\/afttgn\/2020\/05\/20\/trobada-final-de-la-xarxa-territorial-de-cultura-digital\/\" target=\"_blank\" rel=\"noopener noreferrer\">Trobada Xarxa territorial de cultura digital<\/a>: 11 de juny<\/li>\n<li><a href=\"https:\/\/blocs.xtec.cat\/afttgn\/2020\/06\/01\/els-laboratoris-pels-nuvols\/\" target=\"_blank\" rel=\"noopener noreferrer\">Els laboratoris pels n\u00favols:<\/a> 15 de juny<\/li>\n<li><a href=\"https:\/\/blocs.xtec.cat\/afttgn\/2020\/05\/20\/models-competencials-digitals\/\" target=\"_blank\" rel=\"noopener noreferrer\">Models competencials digitals<\/a>: 7 de juliol<\/li>\n<\/ul>\n<p>&nbsp;<\/p>\n","protected":false},"excerpt":{"rendered":"<p>Al bloc accions formatives\/divulgatives es va recollint els webinars i les presentacions fetes, sin\u00f3 has pogut assistir a alguna que t&#8217;interessava pots accedir als seus materials a l&#8217;enlla\u00e7 de cada actvitat. Properes accions: M\u00e8tode flabiol a l&#8217;escola: 8 de juny Trobada Xarxa territorial de cultura digital: 11 de juny Els laboratoris pels n\u00favols: 15 de [&hellip;]<\/p>\n","protected":false},"author":1,"featured_media":10322,"comment_status":"open","ping_status":"closed","sticky":false,"template":"","format":"standard","meta":{"_bbp_topic_count":0,"_bbp_reply_count":0,"_bbp_total_topic_count":0,"_bbp_total_reply_count":0,"_bbp_voice_count":0,"_bbp_anonymous_reply_count":0,"_bbp_topic_count_hidden":0,"_bbp_reply_count_hidden":0,"_bbp_forum_subforum_count":0,"site-sidebar-layout":"default","site-content-layout":"","ast-site-content-layout":"","site-content-style":"default","site-sidebar-style":"default","ast-global-header-display":"","ast-banner-title-visibility":"","ast-main-header-display":"","ast-hfb-above-header-display":"","ast-hfb-below-header-display":"","ast-hfb-mobile-header-display":"","site-post-title":"","ast-breadcrumbs-content":"","ast-featured-img":"","footer-sml-layout":"","theme-transparent-header-meta":"","adv-header-id-meta":"","stick-header-meta":"","header-above-stick-meta":"","header-main-stick-meta":"","header-below-stick-meta":"","astra-migrate-meta-layouts":"default","ast-page-background-enabled":"default","ast-page-background-meta":{"desktop":{"background-color":"var(--ast-global-color-4)","background-image":"","background-repeat":"repeat","background-position":"center center","background-size":"auto","background-attachment":"scroll","background-type":"","background-media":"","overlay-type":"","overlay-color":"","overlay-opacity":"","overlay-gradient":""},"tablet":{"background-color":"","background-image":"","background-repeat":"repeat","background-position":"center center","background-size":"auto","background-attachment":"scroll","background-type":"","background-media":"","overlay-type":"","overlay-color":"","overlay-opacity":"","overlay-gradient":""},"mobile":{"background-color":"","background-image":"","background-repeat":"repeat","background-position":"center center","background-size":"auto","background-attachment":"scroll","background-type":"","background-media":"","overlay-type":"","overlay-color":"","overlay-opacity":"","overlay-gradient":""}},"ast-content-background-meta":{"desktop":{"background-color":"var(--ast-global-color-5)","background-image":"","background-repeat":"repeat","background-position":"center center","background-size":"auto","background-attachment":"scroll","background-type":"","background-media":"","overlay-type":"","overlay-color":"","overlay-opacity":"","overlay-gradient":""},"tablet":{"background-color":"var(--ast-global-color-5)","background-image":"","background-repeat":"repeat","background-position":"center center","background-size":"auto","background-attachment":"scroll","background-type":"","background-media":"","overlay-type":"","overlay-color":"","overlay-opacity":"","overlay-gradient":""},"mobile":{"background-color":"var(--ast-global-color-5)","background-image":"","background-repeat":"repeat","background-position":"center center","background-size":"auto","background-attachment":"scroll","background-type":"","background-media":"","overlay-type":"","overlay-color":"","overlay-opacity":"","overlay-gradient":""}},"footnotes":""},"categories":[499,154,29],"tags":[531,172,179,520],"class_list":["post-10321","post","type-post","status-publish","format-standard","has-post-thumbnail","hentry","category-joemquedoacasa","category-formacio","category-portada","tag-centreseducatiusenlinia","tag-educacio-primaria","tag-educacio-secundaria","tag-joaprencacasa"],"post_mailing_queue_ids":[],"_links":{"self":[{"href":"https:\/\/serveiseducatius.xtec.cat\/conca\/wp-json\/wp\/v2\/posts\/10321","targetHints":{"allow":["GET"]}}],"collection":[{"href":"https:\/\/serveiseducatius.xtec.cat\/conca\/wp-json\/wp\/v2\/posts"}],"about":[{"href":"https:\/\/serveiseducatius.xtec.cat\/conca\/wp-json\/wp\/v2\/types\/post"}],"author":[{"embeddable":true,"href":"https:\/\/serveiseducatius.xtec.cat\/conca\/wp-json\/wp\/v2\/users\/1"}],"replies":[{"embeddable":true,"href":"https:\/\/serveiseducatius.xtec.cat\/conca\/wp-json\/wp\/v2\/comments?post=10321"}],"version-history":[{"count":1,"href":"https:\/\/serveiseducatius.xtec.cat\/conca\/wp-json\/wp\/v2\/posts\/10321\/revisions"}],"predecessor-version":[{"id":10323,"href":"https:\/\/serveiseducatius.xtec.cat\/conca\/wp-json\/wp\/v2\/posts\/10321\/revisions\/10323"}],"wp:featuredmedia":[{"embeddable":true,"href":"https:\/\/serveiseducatius.xtec.cat\/conca\/wp-json\/wp\/v2\/media\/10322"}],"wp:attachment":[{"href":"https:\/\/serveiseducatius.xtec.cat\/conca\/wp-json\/wp\/v2\/media?parent=10321"}],"wp:term":[{"taxonomy":"category","embeddable":true,"href":"https:\/\/serveiseducatius.xtec.cat\/conca\/wp-json\/wp\/v2\/categories?post=10321"},{"taxonomy":"post_tag","embeddable":true,"href":"https:\/\/serveiseducatius.xtec.cat\/conca\/wp-json\/wp\/v2\/tags?post=10321"}],"curies":[{"name":"wp","href":"https:\/\/api.w.org\/{rel}","templated":true}]}}