{"id":10310,"date":"2020-05-31T11:13:01","date_gmt":"2020-05-31T09:13:01","guid":{"rendered":"http:\/\/serveiseducatius.xtec.cat\/conca\/?p=10310"},"modified":"2020-05-29T14:32:54","modified_gmt":"2020-05-29T12:32:54","slug":"el-moviment-maker-steam-la-impressio-3d-i-la-fabricacio-digital-a-les-aules","status":"publish","type":"post","link":"https:\/\/serveiseducatius.xtec.cat\/conca\/portada\/el-moviment-maker-steam-la-impressio-3d-i-la-fabricacio-digital-a-les-aules\/","title":{"rendered":"El moviment maker, STEAM, la impressi\u00f3 3D i la fabricaci\u00f3 digital a les aules"},"content":{"rendered":"<p>Acci\u00f3 formativa a c\u00e0rrec de l&#8217;ambaixador STEAM de Tarragona<\/p>\n<p>DATA: 2 juny<\/p>\n<p>Hora: 17h<\/p>\n<p><span data-sheets-value=\"{&quot;1&quot;:2,&quot;2&quot;:&quot;El moviment \u201cmaker\u201d combina art i tecnologia i es basa en l\u2019aprenentatge a trav\u00e9s de l\u2019experi\u00e8ncia de fer i crear les coses per un\/a mateix\/a. Cada vegada m\u00e9s centres opten per acostar la tecnologia i la ci\u00e8ncia als seus alumnes d'una manera pr\u00e0ctica, estimulant en ells el pensament creatiu i convidant-los a la participaci\u00f3. La cultura Maker, per a molts professors, \u00e9s una forma de generar solidaritat, col\u00b7laboraci\u00f3 oberta i en xarxa (gracies a les eines digitals) i treball en equip i una via fonamental per fomentar valors com la cooperaci\u00f3, el respecte i el pensament cr\u00edtic. En aquest webinar, l\u2019Enric Bola\u00f1o, Ambaixador STEAMcat i professor de Tecnologia de l\u2019Institut El Morell, ens parlar\u00e0 d\u2019aquesta nova cultura d\u2019innovaci\u00f3, invenci\u00f3 i creaci\u00f3 que s\u2019ext\u00e9n r\u00e0pidament per tota Europa i per tot el m\u00f3n i ens mostrar\u00e0 exemples d\u2019aplicacions concretes a les aules realitzades per els i les nostres alumnes.&quot;}\" data-sheets-userformat=\"{&quot;2&quot;:4995,&quot;3&quot;:{&quot;1&quot;:0},&quot;4&quot;:{&quot;1&quot;:2,&quot;2&quot;:16775137},&quot;10&quot;:1,&quot;11&quot;:4,&quot;12&quot;:0,&quot;15&quot;:&quot;Roboto&quot;}\">El moviment \u201cmaker\u201d combina art i tecnologia i es basa en l\u2019aprenentatge a trav\u00e9s de l\u2019experi\u00e8ncia de fer i crear les coses per un\/a mateix\/a. Cada vegada m\u00e9s centres opten per acostar la tecnologia i la ci\u00e8ncia als seus alumnes d&#8217;una manera pr\u00e0ctica, estimulant en ells el pensament creatiu i convidant-los a la participaci\u00f3. La cultura Maker, per a molts professors, \u00e9s una forma de generar solidaritat, col\u00b7laboraci\u00f3 oberta i en xarxa (gracies a les eines digitals) i treball en equip i una via fonamental per fomentar valors com la cooperaci\u00f3, el respecte i el pensament cr\u00edtic. En aquest webinar, l\u2019Enric Bola\u00f1o, Ambaixador STEAMcat i professor de Tecnologia de l\u2019Institut El Morell, ens parlar\u00e0 d\u2019aquesta nova cultura d\u2019innovaci\u00f3, invenci\u00f3 i creaci\u00f3 que s\u2019ext\u00e9n r\u00e0pidament per tota Europa i per tot el m\u00f3n i ens mostrar\u00e0 exemples d\u2019aplicacions concretes a les aules realitzades per els i les nostres alumnes.<\/span><\/p>\n<p>La cultura Maker, per a molts docents, \u00e9s una forma de generar solidaritat, col\u00b7laboraci\u00f3 oberta i en xarxa (gracies a les eines digitals) i treball en equip i una via fonamental per fomentar valors com la cooperaci\u00f3, el respecte i el pensament cr\u00edtic.<\/p>\n<p>En aquest webinar, l\u2019Enric Bola\u00f1o \u2013<span class=\"css-901oao css-16my406 r-1qd0xha r-ad9z0x r-bcqeeo r-qvutc0\"><a href=\"https:\/\/twitter.com\/EnricBolano\">@EnricBolano<\/a>\u2013<\/span>, Ambaixador STEAMcat i professor de Tecnologia de l\u2019Institut El Morell, ens parlar\u00e0 d\u2019aquesta nova cultura d\u2019innovaci\u00f3, invenci\u00f3 i creaci\u00f3 que s\u2019ext\u00e9n r\u00e0pidament per tota Europa i per tot el m\u00f3n i ens mostrar\u00e0 exemples d\u2019aplicacions concretes a les aules realitzades per l\u2019alumnat.<\/p>\n<p><a href=\"https:\/\/blocs.xtec.cat\/afttgn\/2020\/05\/20\/el-moviment-maker-la-impressio-3d-i-la-fabricacio-digital-a-les-aules\/\" target=\"_blank\" rel=\"noopener noreferrer\">Inscripci\u00f3: <\/a>Al bloc d&#8217;accions formatives<\/p>\n<p><a href=\"https:\/\/unsplash.com\/photos\/L_N7BaNLC5Y\">Font imatge<\/a><\/p>\n","protected":false},"excerpt":{"rendered":"<p>Acci\u00f3 formativa a c\u00e0rrec de l&#8217;ambaixador STEAM de TarragonaDATA: 2 junyHora: 17h<\/p>\n","protected":false},"author":1,"featured_media":10311,"comment_status":"open","ping_status":"closed","sticky":false,"template":"","format":"standard","meta":{"_bbp_topic_count":0,"_bbp_reply_count":0,"_bbp_total_topic_count":0,"_bbp_total_reply_count":0,"_bbp_voice_count":0,"_bbp_anonymous_reply_count":0,"_bbp_topic_count_hidden":0,"_bbp_reply_count_hidden":0,"_bbp_forum_subforum_count":0,"site-sidebar-layout":"default","site-content-layout":"","ast-site-content-layout":"","site-content-style":"default","site-sidebar-style":"default","ast-global-header-display":"","ast-banner-title-visibility":"","ast-main-header-display":"","ast-hfb-above-header-display":"","ast-hfb-below-header-display":"","ast-hfb-mobile-header-display":"","site-post-title":"","ast-breadcrumbs-content":"","ast-featured-img":"","footer-sml-layout":"","theme-transparent-header-meta":"","adv-header-id-meta":"","stick-header-meta":"","header-above-stick-meta":"","header-main-stick-meta":"","header-below-stick-meta":"","astra-migrate-meta-layouts":"default","ast-page-background-enabled":"default","ast-page-background-meta":{"desktop":{"background-color":"var(--ast-global-color-4)","background-image":"","background-repeat":"repeat","background-position":"center center","background-size":"auto","background-attachment":"scroll","background-type":"","background-media":"","overlay-type":"","overlay-color":"","overlay-opacity":"","overlay-gradient":""},"tablet":{"background-color":"","background-image":"","background-repeat":"repeat","background-position":"center center","background-size":"auto","background-attachment":"scroll","background-type":"","background-media":"","overlay-type":"","overlay-color":"","overlay-opacity":"","overlay-gradient":""},"mobile":{"background-color":"","background-image":"","background-repeat":"repeat","background-position":"center center","background-size":"auto","background-attachment":"scroll","background-type":"","background-media":"","overlay-type":"","overlay-color":"","overlay-opacity":"","overlay-gradient":""}},"ast-content-background-meta":{"desktop":{"background-color":"var(--ast-global-color-5)","background-image":"","background-repeat":"repeat","background-position":"center center","background-size":"auto","background-attachment":"scroll","background-type":"","background-media":"","overlay-type":"","overlay-color":"","overlay-opacity":"","overlay-gradient":""},"tablet":{"background-color":"var(--ast-global-color-5)","background-image":"","background-repeat":"repeat","background-position":"center center","background-size":"auto","background-attachment":"scroll","background-type":"","background-media":"","overlay-type":"","overlay-color":"","overlay-opacity":"","overlay-gradient":""},"mobile":{"background-color":"var(--ast-global-color-5)","background-image":"","background-repeat":"repeat","background-position":"center center","background-size":"auto","background-attachment":"scroll","background-type":"","background-media":"","overlay-type":"","overlay-color":"","overlay-opacity":"","overlay-gradient":""}},"footnotes":""},"categories":[499,154,29],"tags":[533,531,520,498,534,532],"class_list":["post-10310","post","type-post","status-publish","format-standard","has-post-thumbnail","hentry","category-joemquedoacasa","category-formacio","category-portada","tag-3d","tag-centreseducatiusenlinia","tag-joaprencacasa","tag-joemquedoacasa","tag-moviment_maker","tag-steam"],"post_mailing_queue_ids":[],"_links":{"self":[{"href":"https:\/\/serveiseducatius.xtec.cat\/conca\/wp-json\/wp\/v2\/posts\/10310","targetHints":{"allow":["GET"]}}],"collection":[{"href":"https:\/\/serveiseducatius.xtec.cat\/conca\/wp-json\/wp\/v2\/posts"}],"about":[{"href":"https:\/\/serveiseducatius.xtec.cat\/conca\/wp-json\/wp\/v2\/types\/post"}],"author":[{"embeddable":true,"href":"https:\/\/serveiseducatius.xtec.cat\/conca\/wp-json\/wp\/v2\/users\/1"}],"replies":[{"embeddable":true,"href":"https:\/\/serveiseducatius.xtec.cat\/conca\/wp-json\/wp\/v2\/comments?post=10310"}],"version-history":[{"count":1,"href":"https:\/\/serveiseducatius.xtec.cat\/conca\/wp-json\/wp\/v2\/posts\/10310\/revisions"}],"predecessor-version":[{"id":10312,"href":"https:\/\/serveiseducatius.xtec.cat\/conca\/wp-json\/wp\/v2\/posts\/10310\/revisions\/10312"}],"wp:featuredmedia":[{"embeddable":true,"href":"https:\/\/serveiseducatius.xtec.cat\/conca\/wp-json\/wp\/v2\/media\/10311"}],"wp:attachment":[{"href":"https:\/\/serveiseducatius.xtec.cat\/conca\/wp-json\/wp\/v2\/media?parent=10310"}],"wp:term":[{"taxonomy":"category","embeddable":true,"href":"https:\/\/serveiseducatius.xtec.cat\/conca\/wp-json\/wp\/v2\/categories?post=10310"},{"taxonomy":"post_tag","embeddable":true,"href":"https:\/\/serveiseducatius.xtec.cat\/conca\/wp-json\/wp\/v2\/tags?post=10310"}],"curies":[{"name":"wp","href":"https:\/\/api.w.org\/{rel}","templated":true}]}}