{"id":10298,"date":"2020-05-26T17:59:38","date_gmt":"2020-05-26T15:59:38","guid":{"rendered":"http:\/\/serveiseducatius.xtec.cat\/conca\/?p=10298"},"modified":"2020-05-28T19:31:52","modified_gmt":"2020-05-28T17:31:52","slug":"objectiu-2030-nou-programa-del-club-super3","status":"publish","type":"post","link":"https:\/\/serveiseducatius.xtec.cat\/conca\/general\/objectiu-2030-nou-programa-del-club-super3\/","title":{"rendered":"Objectiu 2030, nou programa del Club Super3"},"content":{"rendered":"<h4 class=\"titol\">El Super3 estrena l&#8217;espai sobre desenvolupament sostenible &#8220;Objectiu 2030&#8221;, produ\u00eft pel Departament d&#8217;Educaci\u00f3 en col\u00b7laboraci\u00f3 amb TV3<\/h4>\n<p class=\"entradeta\">Aquest espai produ\u00eft pel Departament d&#8217;Educaci\u00f3 de la Generalitat de Catalunya amb la col\u00b7laboraci\u00f3 de TV3, que incideix en els 17 Objectius de Desenvolupament Sostenible <strong>(ODS)<\/strong> impulsats per l&#8217;ONU. Els programa est\u00e0 presentat per dos mestres de prim\u00e0ria, el Joan Cirera i la Rita Morros.<\/p>\n<p>De dilluns a dijous a les 19.45 i divendres a les 20.10.<br \/>\nI tamb\u00e9 de dilluns a divendres a les 10.20<\/p>\n<p>Enlla\u00e7:\u00a0<a href=\"https:\/\/www.ccma.cat\/tv3\/super3\/objectiu-2030\/\" target=\"_blank\" rel=\"noopener noreferrer\">https:\/\/www.ccma.cat\/tv3\/super3\/objectiu-2030\/<\/a><\/p>\n<p>L\u2019objectiu d\u2019aquest programa, adre\u00e7at a l\u2019alumnat de prim\u00e0ria, \u00e9s difondre els ODS i refor\u00e7ar, d\u2019aquesta manera, la tasca d\u2019educar en valors socials i c\u00edvics que ja es fa des de les escoles.<\/p>\n","protected":false},"excerpt":{"rendered":"<p>El Super3 estrena l&#8217;espai sobre desenvolupament sostenible &#8220;Objectiu 2030&#8221;, produ\u00eft pel Departament d&#8217;Educaci\u00f3 en col\u00b7laboraci\u00f3 amb TV3 Aquest espai produ\u00eft pel Departament d&#8217;Educaci\u00f3 de la Generalitat de Catalunya amb la col\u00b7laboraci\u00f3 de TV3, que incideix en els 17 Objectius de Desenvolupament Sostenible (ODS) impulsats per l&#8217;ONU. Els programa est\u00e0 presentat per dos mestres de prim\u00e0ria, [&hellip;]<\/p>\n","protected":false},"author":1,"featured_media":10299,"comment_status":"open","ping_status":"closed","sticky":false,"template":"","format":"standard","meta":{"_bbp_topic_count":0,"_bbp_reply_count":0,"_bbp_total_topic_count":0,"_bbp_total_reply_count":0,"_bbp_voice_count":0,"_bbp_anonymous_reply_count":0,"_bbp_topic_count_hidden":0,"_bbp_reply_count_hidden":0,"_bbp_forum_subforum_count":0,"site-sidebar-layout":"default","site-content-layout":"","ast-site-content-layout":"","site-content-style":"default","site-sidebar-style":"default","ast-global-header-display":"","ast-banner-title-visibility":"","ast-main-header-display":"","ast-hfb-above-header-display":"","ast-hfb-below-header-display":"","ast-hfb-mobile-header-display":"","site-post-title":"","ast-breadcrumbs-content":"","ast-featured-img":"","footer-sml-layout":"","theme-transparent-header-meta":"","adv-header-id-meta":"","stick-header-meta":"","header-above-stick-meta":"","header-main-stick-meta":"","header-below-stick-meta":"","astra-migrate-meta-layouts":"default","ast-page-background-enabled":"default","ast-page-background-meta":{"desktop":{"background-color":"var(--ast-global-color-4)","background-image":"","background-repeat":"repeat","background-position":"center center","background-size":"auto","background-attachment":"scroll","background-type":"","background-media":"","overlay-type":"","overlay-color":"","overlay-opacity":"","overlay-gradient":""},"tablet":{"background-color":"","background-image":"","background-repeat":"repeat","background-position":"center center","background-size":"auto","background-attachment":"scroll","background-type":"","background-media":"","overlay-type":"","overlay-color":"","overlay-opacity":"","overlay-gradient":""},"mobile":{"background-color":"","background-image":"","background-repeat":"repeat","background-position":"center center","background-size":"auto","background-attachment":"scroll","background-type":"","background-media":"","overlay-type":"","overlay-color":"","overlay-opacity":"","overlay-gradient":""}},"ast-content-background-meta":{"desktop":{"background-color":"var(--ast-global-color-5)","background-image":"","background-repeat":"repeat","background-position":"center center","background-size":"auto","background-attachment":"scroll","background-type":"","background-media":"","overlay-type":"","overlay-color":"","overlay-opacity":"","overlay-gradient":""},"tablet":{"background-color":"var(--ast-global-color-5)","background-image":"","background-repeat":"repeat","background-position":"center center","background-size":"auto","background-attachment":"scroll","background-type":"","background-media":"","overlay-type":"","overlay-color":"","overlay-opacity":"","overlay-gradient":""},"mobile":{"background-color":"var(--ast-global-color-5)","background-image":"","background-repeat":"repeat","background-position":"center center","background-size":"auto","background-attachment":"scroll","background-type":"","background-media":"","overlay-type":"","overlay-color":"","overlay-opacity":"","overlay-gradient":""}},"footnotes":""},"categories":[499,65,1,29],"tags":[520,498,493,413],"class_list":["post-10298","post","type-post","status-publish","format-standard","has-post-thumbnail","hentry","category-joemquedoacasa","category-crp","category-general","category-portada","tag-joaprencacasa","tag-joemquedoacasa","tag-ods","tag-televisio"],"post_mailing_queue_ids":[],"_links":{"self":[{"href":"https:\/\/serveiseducatius.xtec.cat\/conca\/wp-json\/wp\/v2\/posts\/10298","targetHints":{"allow":["GET"]}}],"collection":[{"href":"https:\/\/serveiseducatius.xtec.cat\/conca\/wp-json\/wp\/v2\/posts"}],"about":[{"href":"https:\/\/serveiseducatius.xtec.cat\/conca\/wp-json\/wp\/v2\/types\/post"}],"author":[{"embeddable":true,"href":"https:\/\/serveiseducatius.xtec.cat\/conca\/wp-json\/wp\/v2\/users\/1"}],"replies":[{"embeddable":true,"href":"https:\/\/serveiseducatius.xtec.cat\/conca\/wp-json\/wp\/v2\/comments?post=10298"}],"version-history":[{"count":3,"href":"https:\/\/serveiseducatius.xtec.cat\/conca\/wp-json\/wp\/v2\/posts\/10298\/revisions"}],"predecessor-version":[{"id":10308,"href":"https:\/\/serveiseducatius.xtec.cat\/conca\/wp-json\/wp\/v2\/posts\/10298\/revisions\/10308"}],"wp:featuredmedia":[{"embeddable":true,"href":"https:\/\/serveiseducatius.xtec.cat\/conca\/wp-json\/wp\/v2\/media\/10299"}],"wp:attachment":[{"href":"https:\/\/serveiseducatius.xtec.cat\/conca\/wp-json\/wp\/v2\/media?parent=10298"}],"wp:term":[{"taxonomy":"category","embeddable":true,"href":"https:\/\/serveiseducatius.xtec.cat\/conca\/wp-json\/wp\/v2\/categories?post=10298"},{"taxonomy":"post_tag","embeddable":true,"href":"https:\/\/serveiseducatius.xtec.cat\/conca\/wp-json\/wp\/v2\/tags?post=10298"}],"curies":[{"name":"wp","href":"https:\/\/api.w.org\/{rel}","templated":true}]}}