{"id":12321,"date":"2026-09-04T08:41:58","date_gmt":"2026-09-04T06:41:58","guid":{"rendered":"https:\/\/serveiseducatius.xtec.cat\/ciutatvella\/?p=12321"},"modified":"2026-09-04T12:04:23","modified_gmt":"2026-09-04T10:04:23","slug":"inscripcions-obertes-al-primer-torn-del-pla-de-formacio-de-zona","status":"publish","type":"post","link":"https:\/\/serveiseducatius.xtec.cat\/ciutatvella\/general\/inscripcions-obertes-al-primer-torn-del-pla-de-formacio-de-zona\/","title":{"rendered":"Inscripcions obertes al primer torn del Pla de Formaci\u00f3 de Zona"},"content":{"rendered":"<h3>Proposta formativa \u2014 Pla de Formaci\u00f3 de Zona 2026-2027<\/h3>\n<p>&nbsp;<\/p>\n<p>Del <strong>4 al\u00a0 20 de setembre\u00a0 es poden realitzar les inscripcions <\/strong>a les formacions del primer torn del Pla de Formaci\u00f3 de Zona de Ciutat Vella.<\/p>\n<p><strong>A partir del dia 21 de setembre<\/strong> podreu consultar la vostra assignaci\u00f3 al web de l\u2019XTEC: <a href=\"https:\/\/xtec.gencat.cat\/ca\/formacio\/la-meva-formacio\/les-meves-activitats\/\" target=\"_blank\" rel=\"noopener\">https:\/\/xtec.gencat.cat\/ca\/formacio\/la-meva-formacio\/les-meves-activitats\/<\/a><\/p>\n<p>A finals del curs passat, alguns docents vau fer demanda de formaci\u00f3 espec\u00edfica en algun \u00e0mbit concret. \u00a0Podeu accedir al <a href=\"https:\/\/xtec.gencat.cat\/ca\/formacio\/info-general\/cercador-activitats\/\" target=\"_blank\" rel=\"noopener\"><strong>cercador d&#8217;activitats del Departament d&#8217;Educaci\u00f3<\/strong><\/a> per trobar propostes formatives que s&#8217;ajustin a la vostra demanda. Podeu trobar m\u00e9s informaci\u00f3 sobre activitats formatives a <a href=\"https:\/\/xtec.gencat.cat\/ca\/formacio\/info-general\/oferta-formativa\/\" target=\"_blank\" rel=\"noopener\">https:\/\/xtec.gencat.cat\/ca\/formacio\/info-general\/oferta-formativa\/<\/a>.+<\/p>\n<h3><strong>Inscripcions<\/strong><\/h3>\n<ul>\n<li>Per poder formalitzar\u00a0 la inscripci\u00f3 heu de <strong>tenir actiu el compte XTEC<\/strong>. Si necessiteu restablir-lo heu de consultar<a href=\"https:\/\/xtec.gencat.cat\/ca\/at_usuari\/gestio\/\">\u00a0https:\/\/xtec.gencat.cat\/ca\/at_usuari\/gestio\/<\/a><\/li>\n<li>Si voleu fer una inscripci\u00f3\u00a0<strong>fora de termini<\/strong>, podeu enviar un correu electr\u00f2nic a\u00a0<strong>crp-ciutatvella@xtec.cat<\/strong>\u00a0per consultar si encara hi ha la possibilitat d\u2019afegir-vos a la formaci\u00f3.<\/li>\n<\/ul>\n<p><iframe loading=\"lazy\" src=\"https:\/\/aplicacions.gestioeducativa.gencat.cat\/pls\/soloas\/pk_for_mod_ins.p_for_cons_activitats?p_any=2026-2027&amp;p_crp=101\" width=\"250%\" height=\"400px\" data-mce-fragment=\"1\"><\/iframe><\/p>\n<div>\n<p>&nbsp;<\/p>\n<\/div>\n","protected":false},"excerpt":{"rendered":"<p>Proposta formativa \u2014 Pla de Formaci\u00f3 de Zona 2026-2027 &nbsp; Del 4 al\u00a0 20 de setembre\u00a0 es poden realitzar les inscripcions a les formacions del primer torn del Pla de Formaci\u00f3 de Zona de Ciutat Vella. A partir del dia 21 de setembre podreu consultar la vostra assignaci\u00f3 al web de l\u2019XTEC: https:\/\/xtec.gencat.cat\/ca\/formacio\/la-meva-formacio\/les-meves-activitats\/ A finals [&hellip;]<\/p>\n","protected":false},"author":1,"featured_media":10415,"comment_status":"open","ping_status":"open","sticky":true,"template":"","format":"standard","meta":{"_bbp_topic_count":0,"_bbp_reply_count":0,"_bbp_total_topic_count":0,"_bbp_total_reply_count":0,"_bbp_voice_count":0,"_bbp_anonymous_reply_count":0,"_bbp_topic_count_hidden":0,"_bbp_reply_count_hidden":0,"_bbp_forum_subforum_count":0,"site-sidebar-layout":"default","site-content-layout":"","ast-site-content-layout":"default","site-content-style":"default","site-sidebar-style":"default","ast-global-header-display":"","ast-banner-title-visibility":"","ast-main-header-display":"","ast-hfb-above-header-display":"","ast-hfb-below-header-display":"","ast-hfb-mobile-header-display":"","site-post-title":"","ast-breadcrumbs-content":"","ast-featured-img":"","footer-sml-layout":"","theme-transparent-header-meta":"default","adv-header-id-meta":"","stick-header-meta":"","header-above-stick-meta":"","header-main-stick-meta":"","header-below-stick-meta":"","astra-migrate-meta-layouts":"set","ast-page-background-enabled":"default","ast-page-background-meta":{"desktop":{"background-color":"var(--ast-global-color-4)","background-image":"","background-repeat":"repeat","background-position":"center center","background-size":"auto","background-attachment":"scroll","background-type":"","background-media":"","overlay-type":"","overlay-color":"","overlay-opacity":"","overlay-gradient":""},"tablet":{"background-color":"","background-image":"","background-repeat":"repeat","background-position":"center center","background-size":"auto","background-attachment":"scroll","background-type":"","background-media":"","overlay-type":"","overlay-color":"","overlay-opacity":"","overlay-gradient":""},"mobile":{"background-color":"","background-image":"","background-repeat":"repeat","background-position":"center center","background-size":"auto","background-attachment":"scroll","background-type":"","background-media":"","overlay-type":"","overlay-color":"","overlay-opacity":"","overlay-gradient":""}},"ast-content-background-meta":{"desktop":{"background-color":"var(--ast-global-color-5)","background-image":"","background-repeat":"repeat","background-position":"center center","background-size":"auto","background-attachment":"scroll","background-type":"","background-media":"","overlay-type":"","overlay-color":"","overlay-opacity":"","overlay-gradient":""},"tablet":{"background-color":"var(--ast-global-color-5)","background-image":"","background-repeat":"repeat","background-position":"center center","background-size":"auto","background-attachment":"scroll","background-type":"","background-media":"","overlay-type":"","overlay-color":"","overlay-opacity":"","overlay-gradient":""},"mobile":{"background-color":"var(--ast-global-color-5)","background-image":"","background-repeat":"repeat","background-position":"center center","background-size":"auto","background-attachment":"scroll","background-type":"","background-media":"","overlay-type":"","overlay-color":"","overlay-opacity":"","overlay-gradient":""}},"footnotes":""},"categories":[295,1,309],"tags":[226,225],"class_list":["post-12321","post","type-post","status-publish","format-standard","has-post-thumbnail","hentry","category-formacio-2","category-general","category-portada","tag-formacio","tag-pfz"],"post_mailing_queue_ids":[],"_links":{"self":[{"href":"https:\/\/serveiseducatius.xtec.cat\/ciutatvella\/wp-json\/wp\/v2\/posts\/12321","targetHints":{"allow":["GET"]}}],"collection":[{"href":"https:\/\/serveiseducatius.xtec.cat\/ciutatvella\/wp-json\/wp\/v2\/posts"}],"about":[{"href":"https:\/\/serveiseducatius.xtec.cat\/ciutatvella\/wp-json\/wp\/v2\/types\/post"}],"author":[{"embeddable":true,"href":"https:\/\/serveiseducatius.xtec.cat\/ciutatvella\/wp-json\/wp\/v2\/users\/1"}],"replies":[{"embeddable":true,"href":"https:\/\/serveiseducatius.xtec.cat\/ciutatvella\/wp-json\/wp\/v2\/comments?post=12321"}],"version-history":[{"count":6,"href":"https:\/\/serveiseducatius.xtec.cat\/ciutatvella\/wp-json\/wp\/v2\/posts\/12321\/revisions"}],"predecessor-version":[{"id":12331,"href":"https:\/\/serveiseducatius.xtec.cat\/ciutatvella\/wp-json\/wp\/v2\/posts\/12321\/revisions\/12331"}],"wp:featuredmedia":[{"embeddable":true,"href":"https:\/\/serveiseducatius.xtec.cat\/ciutatvella\/wp-json\/wp\/v2\/media\/10415"}],"wp:attachment":[{"href":"https:\/\/serveiseducatius.xtec.cat\/ciutatvella\/wp-json\/wp\/v2\/media?parent=12321"}],"wp:term":[{"taxonomy":"category","embeddable":true,"href":"https:\/\/serveiseducatius.xtec.cat\/ciutatvella\/wp-json\/wp\/v2\/categories?post=12321"},{"taxonomy":"post_tag","embeddable":true,"href":"https:\/\/serveiseducatius.xtec.cat\/ciutatvella\/wp-json\/wp\/v2\/tags?post=12321"}],"curies":[{"name":"wp","href":"https:\/\/api.w.org\/{rel}","templated":true}]}}