{"id":11342,"date":"2024-12-11T11:33:17","date_gmt":"2024-12-11T10:33:17","guid":{"rendered":"https:\/\/serveiseducatius.xtec.cat\/ciutatvella\/?p=11342"},"modified":"2024-12-11T11:33:17","modified_gmt":"2024-12-11T10:33:17","slug":"promocio-de-la-diversitat-cultural-amb-el-21e-certamen-literari-escolar-en-llengues-dorigen","status":"publish","type":"post","link":"https:\/\/serveiseducatius.xtec.cat\/ciutatvella\/portada\/promocio-de-la-diversitat-cultural-amb-el-21e-certamen-literari-escolar-en-llengues-dorigen\/","title":{"rendered":"Promoci\u00f3 de la diversitat cultural amb el 21\u00e8 Certamen Literari Escolar en Lleng\u00fces d\u2019Origen"},"content":{"rendered":"<p>Amb el lema \u201cL\u2019aventura de llegir\u201d, el\u00a0<strong>Certamen Literari Escolar en Lleng\u00fces d\u2019Origen 2024-2025<\/strong>\u00a0torna amb for\u00e7a per fomentar la creativitat liter\u00e0ria i art\u00edstica entre els estudiants de Catalunya. Aquesta iniciativa, oberta a totes les escoles i entitats del territori, no nom\u00e9s promou la lectura i l\u2019escriptura, sin\u00f3 que tamb\u00e9 celebra la diversitat cultural i ling\u00fc\u00edstica.<\/p>\n<h3>Qui pot participar?<\/h3>\n<p>El certamen est\u00e0 adre\u00e7at a l\u2019alumnat de\u00a0<strong>prim\u00e0ria, secund\u00e0ria, batxillerat i escoles d\u2019adults<\/strong>\u00a0de Catalunya. Tamb\u00e9 hi poden participar infants i joves vinculats a entitats que fomenten la interacci\u00f3 entre cultures. Les inscripcions estaran obertes fins al\u00a0<strong>20 de desembre de 2024<\/strong>\u00a0a trav\u00e9s del web\u00a0<a href=\"https:\/\/aubcn.cat\/\" target=\"_new\" rel=\"noopener\">aubcn.cat<\/a>.<\/p>\n<h3>Modalitats i formats<\/h3>\n<p>Els participants poden presentar els seus treballs en format de:<\/p>\n<ul>\n<li><strong>Redacci\u00f3<\/strong><\/li>\n<li><strong>Conte<\/strong><\/li>\n<li><strong>Poesia<\/strong><\/li>\n<li><strong>C\u00f2mic<\/strong><\/li>\n<li><strong>Dibuix<\/strong>\u00a0(acompanyat d\u2019un comentari literari explicatiu)<\/li>\n<\/ul>\n<p>Les obres poden estar escrites en qualsevol llengua, per\u00f2, si no s\u00f3n en catal\u00e0 o castell\u00e0, han d\u2019anar acompanyades d\u2019una traducci\u00f3 al catal\u00e0. Cada participant pot presentar un \u00fanic treball, que ha de ser in\u00e8dit i de creaci\u00f3 pr\u00f2pia.<\/p>\n<h3>Tem\u00e0tica: L\u2019aventura de llegir<\/h3>\n<p>La lectura s\u2019erigeix com a protagonista del certamen, sota la inspiradora cita de Joana Raspall:<br \/>\n<em>\u201cAmb els llibres per amics no et faltar\u00e0 companyia. Cada p\u00e0gina pot ser un estel que et fa de guia.\u201d<\/em><br \/>\nAquest tema convida a explorar el poder de la lectura com a eina per viatjar, aprendre i somiar.<\/p>\n<h3>Presentaci\u00f3 i premis<\/h3>\n<p>Els treballs han de presentar-se digitalitzats abans del\u00a0<strong>21 de febrer de 2025<\/strong>, coincidint amb el\u00a0<strong>Dia Internacional de la Llengua Materna<\/strong>. Les bases especifiquen que el format ha de ser\u00a0<strong>Word o manuscrit escanejat<\/strong>\u00a0en una cara de DIN A4, amb lletra Arial de mida 12 o equivalent.<\/p>\n<p>S\u2019atorgaran premis en diferents categories per nivells educatius i formats. A m\u00e9s, els treballs guanyadors podran ser publicats, i tots els participants rebran un diploma de participaci\u00f3.<\/p>\n<h3>Una oportunitat per a la inclusi\u00f3 i la creativitat<\/h3>\n<p>El Certamen Literari Escolar en Lleng\u00fces d\u2019Origen \u00e9s m\u00e9s que un concurs; \u00e9s una plataforma per donar veu a la diversitat i promoure l\u2019amor per la lectura i l\u2019expressi\u00f3 art\u00edstica. No perdis l\u2019oportunitat de participar i compartir el teu univers creatiu!<\/p>\n<p>Consulta les bases completes al web oficial:\u00a0<a href=\"https:\/\/aubcn.cat\/\" target=\"_new\" rel=\"noopener\">aubcn.cat<\/a>.<\/p>\n<p>&nbsp;<\/p>\n<p><img loading=\"lazy\" decoding=\"async\" class=\"alignnone wp-image-11343 size-full\" src=\"https:\/\/serveiseducatius.xtec.cat\/ciutatvella\/wp-content\/uploads\/usu1173\/2024\/12\/bases.jpg\" alt=\"\" width=\"768\" height=\"540\" srcset=\"https:\/\/serveiseducatius.xtec.cat\/ciutatvella\/wp-content\/uploads\/usu1173\/2024\/12\/bases.jpg 768w, https:\/\/serveiseducatius.xtec.cat\/ciutatvella\/wp-content\/uploads\/usu1173\/2024\/12\/bases-300x211.jpg 300w\" sizes=\"auto, (max-width: 768px) 100vw, 768px\" \/><\/p>\n<p><a href=\"https:\/\/projectes.xtec.cat\/origen\/\">Article extret del Nodes del Programa de lleng\u00fces i cultures d&#8217;origen<\/a><\/p>\n","protected":false},"excerpt":{"rendered":"<p>Amb el lema \u201cL\u2019aventura de llegir\u201d, el\u00a0Certamen Literari Escolar en Lleng\u00fces d\u2019Origen 2024-2025\u00a0torna amb for\u00e7a per fomentar la creativitat liter\u00e0ria i art\u00edstica entre els estudiants de Catalunya. Aquesta iniciativa, oberta a totes les escoles i entitats del territori, no nom\u00e9s promou la lectura i l\u2019escriptura, sin\u00f3 que tamb\u00e9 celebra la diversitat cultural i ling\u00fc\u00edstica. Qui [&hellip;]<\/p>\n","protected":false},"author":1,"featured_media":11344,"comment_status":"open","ping_status":"closed","sticky":false,"template":"","format":"standard","meta":{"_bbp_topic_count":0,"_bbp_reply_count":0,"_bbp_total_topic_count":0,"_bbp_total_reply_count":0,"_bbp_voice_count":0,"_bbp_anonymous_reply_count":0,"_bbp_topic_count_hidden":0,"_bbp_reply_count_hidden":0,"_bbp_forum_subforum_count":0,"site-sidebar-layout":"default","site-content-layout":"","ast-site-content-layout":"","site-content-style":"default","site-sidebar-style":"default","ast-global-header-display":"","ast-banner-title-visibility":"","ast-main-header-display":"","ast-hfb-above-header-display":"","ast-hfb-below-header-display":"","ast-hfb-mobile-header-display":"","site-post-title":"","ast-breadcrumbs-content":"","ast-featured-img":"","footer-sml-layout":"","theme-transparent-header-meta":"","adv-header-id-meta":"","stick-header-meta":"","header-above-stick-meta":"","header-main-stick-meta":"","header-below-stick-meta":"","astra-migrate-meta-layouts":"default","ast-page-background-enabled":"default","ast-page-background-meta":{"desktop":{"background-color":"var(--ast-global-color-4)","background-image":"","background-repeat":"repeat","background-position":"center center","background-size":"auto","background-attachment":"scroll","background-type":"","background-media":"","overlay-type":"","overlay-color":"","overlay-opacity":"","overlay-gradient":""},"tablet":{"background-color":"","background-image":"","background-repeat":"repeat","background-position":"center center","background-size":"auto","background-attachment":"scroll","background-type":"","background-media":"","overlay-type":"","overlay-color":"","overlay-opacity":"","overlay-gradient":""},"mobile":{"background-color":"","background-image":"","background-repeat":"repeat","background-position":"center center","background-size":"auto","background-attachment":"scroll","background-type":"","background-media":"","overlay-type":"","overlay-color":"","overlay-opacity":"","overlay-gradient":""}},"ast-content-background-meta":{"desktop":{"background-color":"var(--ast-global-color-5)","background-image":"","background-repeat":"repeat","background-position":"center center","background-size":"auto","background-attachment":"scroll","background-type":"","background-media":"","overlay-type":"","overlay-color":"","overlay-opacity":"","overlay-gradient":""},"tablet":{"background-color":"var(--ast-global-color-5)","background-image":"","background-repeat":"repeat","background-position":"center center","background-size":"auto","background-attachment":"scroll","background-type":"","background-media":"","overlay-type":"","overlay-color":"","overlay-opacity":"","overlay-gradient":""},"mobile":{"background-color":"var(--ast-global-color-5)","background-image":"","background-repeat":"repeat","background-position":"center center","background-size":"auto","background-attachment":"scroll","background-type":"","background-media":"","overlay-type":"","overlay-color":"","overlay-opacity":"","overlay-gradient":""}},"footnotes":""},"categories":[507,309],"tags":[169,617],"class_list":["post-11342","post","type-post","status-publish","format-standard","has-post-thumbnail","hentry","category-llengua-i-plurilinguisme","category-portada","tag-llengua","tag-llengua-i-plurilinguisme"],"post_mailing_queue_ids":[],"_links":{"self":[{"href":"https:\/\/serveiseducatius.xtec.cat\/ciutatvella\/wp-json\/wp\/v2\/posts\/11342","targetHints":{"allow":["GET"]}}],"collection":[{"href":"https:\/\/serveiseducatius.xtec.cat\/ciutatvella\/wp-json\/wp\/v2\/posts"}],"about":[{"href":"https:\/\/serveiseducatius.xtec.cat\/ciutatvella\/wp-json\/wp\/v2\/types\/post"}],"author":[{"embeddable":true,"href":"https:\/\/serveiseducatius.xtec.cat\/ciutatvella\/wp-json\/wp\/v2\/users\/1"}],"replies":[{"embeddable":true,"href":"https:\/\/serveiseducatius.xtec.cat\/ciutatvella\/wp-json\/wp\/v2\/comments?post=11342"}],"version-history":[{"count":1,"href":"https:\/\/serveiseducatius.xtec.cat\/ciutatvella\/wp-json\/wp\/v2\/posts\/11342\/revisions"}],"predecessor-version":[{"id":11345,"href":"https:\/\/serveiseducatius.xtec.cat\/ciutatvella\/wp-json\/wp\/v2\/posts\/11342\/revisions\/11345"}],"wp:featuredmedia":[{"embeddable":true,"href":"https:\/\/serveiseducatius.xtec.cat\/ciutatvella\/wp-json\/wp\/v2\/media\/11344"}],"wp:attachment":[{"href":"https:\/\/serveiseducatius.xtec.cat\/ciutatvella\/wp-json\/wp\/v2\/media?parent=11342"}],"wp:term":[{"taxonomy":"category","embeddable":true,"href":"https:\/\/serveiseducatius.xtec.cat\/ciutatvella\/wp-json\/wp\/v2\/categories?post=11342"},{"taxonomy":"post_tag","embeddable":true,"href":"https:\/\/serveiseducatius.xtec.cat\/ciutatvella\/wp-json\/wp\/v2\/tags?post=11342"}],"curies":[{"name":"wp","href":"https:\/\/api.w.org\/{rel}","templated":true}]}}