{"id":11339,"date":"2024-12-11T10:15:58","date_gmt":"2024-12-11T09:15:58","guid":{"rendered":"https:\/\/serveiseducatius.xtec.cat\/ciutatvella\/?p=11339"},"modified":"2024-12-11T10:16:22","modified_gmt":"2024-12-11T09:16:22","slug":"jornada-accessibilitat-digital-19-desembre","status":"publish","type":"post","link":"https:\/\/serveiseducatius.xtec.cat\/ciutatvella\/portada\/jornada-accessibilitat-digital-19-desembre\/","title":{"rendered":"Jornada Accessibilitat Digital 19 Desembre"},"content":{"rendered":"<p class=\"font_8 wixui-rich-text__text\"><span class=\"wixui-rich-text__text\">La tecnologia ha de ser una eina per a tothom. En aquesta jornada presencial, descobrirem reptes i oportunitats sobre\u00a0<\/span><span class=\"wixui-rich-text__text\">com podem construir un futur digital m\u00e9s inclusiu, accessible i just.\u200b<\/span><\/p>\n<p class=\"font_8 wixui-rich-text__text\"><span class=\"wixui-rich-text__text\">\u200b<\/span><span class=\"wixui-rich-text__text\">Per qu\u00e8 participar?<\/span><\/p>\n<ul class=\"font_8 wixui-rich-text__text\">\n<li class=\"wixui-rich-text__text\">\n<p class=\"font_8 wixui-rich-text__text\"><span class=\"wixui-rich-text__text\">Participa en taules rodones i xerrades amb experts en accessibilitat digital.<\/span><\/p>\n<\/li>\n<li class=\"wixui-rich-text__text\">\n<p class=\"font_8 wixui-rich-text__text\"><span class=\"wixui-rich-text__text\">Comparteix experi\u00e8ncies i bones pr\u00e0ctiques en un espai obert.<\/span><\/p>\n<\/li>\n<li class=\"wixui-rich-text__text\">\n<p class=\"font_8 wixui-rich-text__text\"><span class=\"wixui-rich-text__text\">Descobreix recursos i estrat\u00e8gies per reduir la bretxa digital en col\u00b7lectius vulnerables.<\/span><\/p>\n<\/li>\n<li class=\"wixui-rich-text__text\">\n<p class=\"font_8 wixui-rich-text__text\"><span class=\"wixui-rich-text__text\">Fes xarxa i connecta amb professionals i institucions a trav\u00e9s dels espais de networking.<\/span><\/p>\n<\/li>\n<\/ul>\n<p class=\"font_8 wixui-rich-text__text\"><br class=\"wixui-rich-text__text\" \/><span class=\"wixui-rich-text__text\">A qui va adre\u00e7at?<\/span><\/p>\n<p class=\"font_8 wixui-rich-text__text\"><span class=\"wixui-rich-text__text\">Est\u00e0 dirigit a educadors, professionals de la comunicaci\u00f3, organitzacions, entitats de l&#8217;economia <\/span><span class=\"wixui-rich-text__text\">social i organitzacions p\u00fabliques i privades, dissenyadors i\/o desenvolupadors de software, aix\u00ed com a qualsevol persona interessada a aprendre i compartir recursos i experi\u00e8ncies al voltant de la inclusi\u00f3 digital.\u200b<\/span><\/p>\n<p>Participa d\u2019aquesta jornada gratu\u00efta i descobreix reptes i oportunitats per fer la que tecnologia sigui una e\u00efna accessible per a tothom.<\/p>\n<p>&nbsp;<\/p>\n<p><strong>Quan?<\/strong> dijous 19 de desembre, 17:00 a 20:30 h.<br \/>\nHub Social, c\/Girona, 34 Baixos &#8211; Barcelona<\/p>\n<p><strong>Qu\u00e8 trobar\u00e0s a la jornada? <\/strong><\/p>\n<p>Taules rodones i experi\u00e8ncies d\u2019experts en accessibilitat digital.<\/p>\n<p>Fira de solucions i bones pr\u00e0ctiques.<\/p>\n<p>Recursos i estrat\u00e8gies per reduir la bretxa digital.<\/p>\n<p>Connexi\u00f3 amb professionals i institucions a trav\u00e9s de networking i fer xarxa.<\/p>\n<p>&nbsp;<\/p>\n<p><a href=\"https:\/\/www.eventbrite.es\/e\/entradas-jornada-accessibilitat-digital-per-a-un-futur-compartit-1100993795079?aff=oddtdtcreator\" target=\"_blank\" rel=\"noopener\"><strong>M\u00e9s informaci\u00f3 i inscripcions aqu\u00ed<\/strong><\/a><\/p>\n<p>&nbsp;<\/p>\n<p>&nbsp;<\/p>\n","protected":false},"excerpt":{"rendered":"<p>La tecnologia ha de ser una eina per a tothom. En aquesta jornada presencial, descobrirem reptes i oportunitats sobre\u00a0com podem construir un futur digital m\u00e9s inclusiu, accessible i just.\u200b \u200bPer qu\u00e8 participar? Participa en taules rodones i xerrades amb experts en accessibilitat digital. Comparteix experi\u00e8ncies i bones pr\u00e0ctiques en un espai obert. Descobreix recursos i [&hellip;]<\/p>\n","protected":false},"author":1,"featured_media":11340,"comment_status":"open","ping_status":"closed","sticky":false,"template":"","format":"standard","meta":{"_bbp_topic_count":0,"_bbp_reply_count":0,"_bbp_total_topic_count":0,"_bbp_total_reply_count":0,"_bbp_voice_count":0,"_bbp_anonymous_reply_count":0,"_bbp_topic_count_hidden":0,"_bbp_reply_count_hidden":0,"_bbp_forum_subforum_count":0,"site-sidebar-layout":"default","site-content-layout":"","ast-site-content-layout":"","site-content-style":"default","site-sidebar-style":"default","ast-global-header-display":"","ast-banner-title-visibility":"","ast-main-header-display":"","ast-hfb-above-header-display":"","ast-hfb-below-header-display":"","ast-hfb-mobile-header-display":"","site-post-title":"","ast-breadcrumbs-content":"","ast-featured-img":"","footer-sml-layout":"","theme-transparent-header-meta":"","adv-header-id-meta":"","stick-header-meta":"","header-above-stick-meta":"","header-main-stick-meta":"","header-below-stick-meta":"","astra-migrate-meta-layouts":"default","ast-page-background-enabled":"default","ast-page-background-meta":{"desktop":{"background-color":"var(--ast-global-color-4)","background-image":"","background-repeat":"repeat","background-position":"center center","background-size":"auto","background-attachment":"scroll","background-type":"","background-media":"","overlay-type":"","overlay-color":"","overlay-opacity":"","overlay-gradient":""},"tablet":{"background-color":"","background-image":"","background-repeat":"repeat","background-position":"center center","background-size":"auto","background-attachment":"scroll","background-type":"","background-media":"","overlay-type":"","overlay-color":"","overlay-opacity":"","overlay-gradient":""},"mobile":{"background-color":"","background-image":"","background-repeat":"repeat","background-position":"center center","background-size":"auto","background-attachment":"scroll","background-type":"","background-media":"","overlay-type":"","overlay-color":"","overlay-opacity":"","overlay-gradient":""}},"ast-content-background-meta":{"desktop":{"background-color":"var(--ast-global-color-5)","background-image":"","background-repeat":"repeat","background-position":"center center","background-size":"auto","background-attachment":"scroll","background-type":"","background-media":"","overlay-type":"","overlay-color":"","overlay-opacity":"","overlay-gradient":""},"tablet":{"background-color":"var(--ast-global-color-5)","background-image":"","background-repeat":"repeat","background-position":"center center","background-size":"auto","background-attachment":"scroll","background-type":"","background-media":"","overlay-type":"","overlay-color":"","overlay-opacity":"","overlay-gradient":""},"mobile":{"background-color":"var(--ast-global-color-5)","background-image":"","background-repeat":"repeat","background-position":"center center","background-size":"auto","background-attachment":"scroll","background-type":"","background-media":"","overlay-type":"","overlay-color":"","overlay-opacity":"","overlay-gradient":""}},"footnotes":""},"categories":[329,699,309],"tags":[701,317,700,702],"class_list":["post-11339","post","type-post","status-publish","format-standard","has-post-thumbnail","hentry","category-culturadigital","category-inclusio","category-portada","tag-accessibilitat","tag-inclusio","tag-inclusio-digital","tag-jornada"],"post_mailing_queue_ids":[],"_links":{"self":[{"href":"https:\/\/serveiseducatius.xtec.cat\/ciutatvella\/wp-json\/wp\/v2\/posts\/11339","targetHints":{"allow":["GET"]}}],"collection":[{"href":"https:\/\/serveiseducatius.xtec.cat\/ciutatvella\/wp-json\/wp\/v2\/posts"}],"about":[{"href":"https:\/\/serveiseducatius.xtec.cat\/ciutatvella\/wp-json\/wp\/v2\/types\/post"}],"author":[{"embeddable":true,"href":"https:\/\/serveiseducatius.xtec.cat\/ciutatvella\/wp-json\/wp\/v2\/users\/1"}],"replies":[{"embeddable":true,"href":"https:\/\/serveiseducatius.xtec.cat\/ciutatvella\/wp-json\/wp\/v2\/comments?post=11339"}],"version-history":[{"count":1,"href":"https:\/\/serveiseducatius.xtec.cat\/ciutatvella\/wp-json\/wp\/v2\/posts\/11339\/revisions"}],"predecessor-version":[{"id":11341,"href":"https:\/\/serveiseducatius.xtec.cat\/ciutatvella\/wp-json\/wp\/v2\/posts\/11339\/revisions\/11341"}],"wp:featuredmedia":[{"embeddable":true,"href":"https:\/\/serveiseducatius.xtec.cat\/ciutatvella\/wp-json\/wp\/v2\/media\/11340"}],"wp:attachment":[{"href":"https:\/\/serveiseducatius.xtec.cat\/ciutatvella\/wp-json\/wp\/v2\/media?parent=11339"}],"wp:term":[{"taxonomy":"category","embeddable":true,"href":"https:\/\/serveiseducatius.xtec.cat\/ciutatvella\/wp-json\/wp\/v2\/categories?post=11339"},{"taxonomy":"post_tag","embeddable":true,"href":"https:\/\/serveiseducatius.xtec.cat\/ciutatvella\/wp-json\/wp\/v2\/tags?post=11339"}],"curies":[{"name":"wp","href":"https:\/\/api.w.org\/{rel}","templated":true}]}}