{"id":11203,"date":"2024-10-28T18:47:03","date_gmt":"2024-10-28T17:47:03","guid":{"rendered":"https:\/\/serveiseducatius.xtec.cat\/ciutatvella\/?p=11203"},"modified":"2024-11-26T00:55:50","modified_gmt":"2024-11-25T23:55:50","slug":"sessio-genere-i-diversitat-als-contes-infantils","status":"publish","type":"post","link":"https:\/\/serveiseducatius.xtec.cat\/ciutatvella\/portada\/sessio-genere-i-diversitat-als-contes-infantils\/","title":{"rendered":"Sessi\u00f3 g\u00e8nere i diversitat als contes infantils"},"content":{"rendered":"<p><span style=\"font-weight: 400;\">&#8220;Una mirada de g\u00e8nere i diversitat als contes infantils&#8221;<\/span><\/p>\n<p><span style=\"font-weight: 400;\">Sessi\u00f3 formativa orientada al p\u00fablic general, per\u00f2 especialment pensat per a mares, pares, professorat i altres adults que treballin amb canalla. Parlarem sobre diferents conceptes com els estereotips, els rols, el sexe, la interseccionalitat, les viol\u00e8ncies &#8230; i <strong>us ajudarem a fer tries de contes amb perspectiva de g\u00e8nere i diversitat LGTBI i alternatives de narraci\u00f3 per visibilitzar i donar valor a la diversitat LGTBI.<\/strong>\u00a0<\/span><\/p>\n<p><span style=\"font-weight: 400;\">A c\u00e0rrec de L\u2019Hora Lliure \u2013 Associaci\u00f3 Espai i Lleure<\/span><\/p>\n<p>Data: Dimecres 27 de novembre (18:30-20:00 h)<\/p>\n<p><span style=\"font-weight: 400;\">Lloc: Biblioteca Bonnemaison (sala d&#8217;actes)<\/span><\/p>\n<p><span style=\"font-weight: 400;\">Entrada gratu\u00efta. <a href=\"https:\/\/s2.puntxarxa.org\/cbb\/cursos\/registre_cursos.php?curs_vigent=32349&amp;centre=2&amp;districte=&amp;enviar=\">Cal inscripci\u00f3 pr\u00e8via<\/a><\/span><\/p>\n<p>Per\u00edode d&#8217;inscripci\u00f3: del 29 d&#8217;octubre de 2024 a les 10 h. al 25 de novembre de 2024 a les 15 h.<\/p>\n","protected":false},"excerpt":{"rendered":"<p>&#8220;Una mirada de g\u00e8nere i diversitat als contes infantils&#8221; Sessi\u00f3 formativa orientada al p\u00fablic general, per\u00f2 especialment pensat per a mares, pares, professorat i altres adults que treballin amb canalla. Parlarem sobre diferents conceptes com els estereotips, els rols, el sexe, la interseccionalitat, les viol\u00e8ncies &#8230; i us ajudarem a fer tries de contes amb [&hellip;]<\/p>\n","protected":false},"author":1,"featured_media":11204,"comment_status":"open","ping_status":"closed","sticky":false,"template":"","format":"standard","meta":{"_bbp_topic_count":0,"_bbp_reply_count":0,"_bbp_total_topic_count":0,"_bbp_total_reply_count":0,"_bbp_voice_count":0,"_bbp_anonymous_reply_count":0,"_bbp_topic_count_hidden":0,"_bbp_reply_count_hidden":0,"_bbp_forum_subforum_count":0,"site-sidebar-layout":"default","site-content-layout":"","ast-site-content-layout":"","site-content-style":"default","site-sidebar-style":"default","ast-global-header-display":"","ast-banner-title-visibility":"","ast-main-header-display":"","ast-hfb-above-header-display":"","ast-hfb-below-header-display":"","ast-hfb-mobile-header-display":"","site-post-title":"","ast-breadcrumbs-content":"","ast-featured-img":"","footer-sml-layout":"","theme-transparent-header-meta":"","adv-header-id-meta":"","stick-header-meta":"","header-above-stick-meta":"","header-main-stick-meta":"","header-below-stick-meta":"","astra-migrate-meta-layouts":"default","ast-page-background-enabled":"default","ast-page-background-meta":{"desktop":{"background-color":"var(--ast-global-color-4)","background-image":"","background-repeat":"repeat","background-position":"center center","background-size":"auto","background-attachment":"scroll","background-type":"","background-media":"","overlay-type":"","overlay-color":"","overlay-opacity":"","overlay-gradient":""},"tablet":{"background-color":"","background-image":"","background-repeat":"repeat","background-position":"center center","background-size":"auto","background-attachment":"scroll","background-type":"","background-media":"","overlay-type":"","overlay-color":"","overlay-opacity":"","overlay-gradient":""},"mobile":{"background-color":"","background-image":"","background-repeat":"repeat","background-position":"center center","background-size":"auto","background-attachment":"scroll","background-type":"","background-media":"","overlay-type":"","overlay-color":"","overlay-opacity":"","overlay-gradient":""}},"ast-content-background-meta":{"desktop":{"background-color":"var(--ast-global-color-5)","background-image":"","background-repeat":"repeat","background-position":"center center","background-size":"auto","background-attachment":"scroll","background-type":"","background-media":"","overlay-type":"","overlay-color":"","overlay-opacity":"","overlay-gradient":""},"tablet":{"background-color":"var(--ast-global-color-5)","background-image":"","background-repeat":"repeat","background-position":"center center","background-size":"auto","background-attachment":"scroll","background-type":"","background-media":"","overlay-type":"","overlay-color":"","overlay-opacity":"","overlay-gradient":""},"mobile":{"background-color":"var(--ast-global-color-5)","background-image":"","background-repeat":"repeat","background-position":"center center","background-size":"auto","background-attachment":"scroll","background-type":"","background-media":"","overlay-type":"","overlay-color":"","overlay-opacity":"","overlay-gradient":""}},"footnotes":""},"categories":[507,309],"tags":[474,677,584,100,582,174,169],"class_list":["post-11203","post","type-post","status-publish","format-standard","has-post-thumbnail","hentry","category-llengua-i-plurilinguisme","category-portada","tag-lgtbi","tag-contes","tag-diversitat-sexual","tag-lectura","tag-lgtbiq","tag-literatura-infantil","tag-llengua"],"post_mailing_queue_ids":[],"_links":{"self":[{"href":"https:\/\/serveiseducatius.xtec.cat\/ciutatvella\/wp-json\/wp\/v2\/posts\/11203","targetHints":{"allow":["GET"]}}],"collection":[{"href":"https:\/\/serveiseducatius.xtec.cat\/ciutatvella\/wp-json\/wp\/v2\/posts"}],"about":[{"href":"https:\/\/serveiseducatius.xtec.cat\/ciutatvella\/wp-json\/wp\/v2\/types\/post"}],"author":[{"embeddable":true,"href":"https:\/\/serveiseducatius.xtec.cat\/ciutatvella\/wp-json\/wp\/v2\/users\/1"}],"replies":[{"embeddable":true,"href":"https:\/\/serveiseducatius.xtec.cat\/ciutatvella\/wp-json\/wp\/v2\/comments?post=11203"}],"version-history":[{"count":1,"href":"https:\/\/serveiseducatius.xtec.cat\/ciutatvella\/wp-json\/wp\/v2\/posts\/11203\/revisions"}],"predecessor-version":[{"id":11205,"href":"https:\/\/serveiseducatius.xtec.cat\/ciutatvella\/wp-json\/wp\/v2\/posts\/11203\/revisions\/11205"}],"wp:featuredmedia":[{"embeddable":true,"href":"https:\/\/serveiseducatius.xtec.cat\/ciutatvella\/wp-json\/wp\/v2\/media\/11204"}],"wp:attachment":[{"href":"https:\/\/serveiseducatius.xtec.cat\/ciutatvella\/wp-json\/wp\/v2\/media?parent=11203"}],"wp:term":[{"taxonomy":"category","embeddable":true,"href":"https:\/\/serveiseducatius.xtec.cat\/ciutatvella\/wp-json\/wp\/v2\/categories?post=11203"},{"taxonomy":"post_tag","embeddable":true,"href":"https:\/\/serveiseducatius.xtec.cat\/ciutatvella\/wp-json\/wp\/v2\/tags?post=11203"}],"curies":[{"name":"wp","href":"https:\/\/api.w.org\/{rel}","templated":true}]}}