{"id":11004,"date":"2024-04-17T17:18:25","date_gmt":"2024-04-17T15:18:25","guid":{"rendered":"https:\/\/serveiseducatius.xtec.cat\/ciutatvella\/?p=11004"},"modified":"2024-05-28T09:42:36","modified_gmt":"2024-05-28T07:42:36","slug":"convocatoria-de-programes-dinnovacio-del-departament-deducacio","status":"publish","type":"post","link":"https:\/\/serveiseducatius.xtec.cat\/ciutatvella\/crp\/convocatoria-de-programes-dinnovacio-del-departament-deducacio\/","title":{"rendered":"Convocat\u00f2ria de programes d&#8217;innovaci\u00f3 del Departament d&#8217;Educaci\u00f3"},"content":{"rendered":"<p>Des del 2 d&#8217;abril fins el 22 de maig de 2024 els centres educatius podeu fer les vostres sol\u00b7licituds de participaci\u00f3 en els programes d&#8217;innovaci\u00f3 del Departament d&#8217;Educaci\u00f3.<\/p>\n<p>Els programes d\u2019innovaci\u00f3 educativa consisteixen en plans d\u2019acci\u00f3 que el Departament d\u2019Educaci\u00f3 prioritza i impulsa, i que tenen com a finalitat millorar els resultats del sistema educatiu adequant-lo al canvi i a l\u2019evoluci\u00f3 social. Amb la mateixa finalitat tamb\u00e9 s\u2019inclouen les iniciatives d\u2019altres Departaments de la Generalitat, universitats, institucions, associacions o fundacions vinculades al m\u00f3n educatiu, amb les quals el Departament col\u00b7labora mitjan\u00e7ant acords o convenis (Annex 1-Modalitats c) d\u2019innovaci\u00f3 educativa Ordre EDU\/56\/2024).<\/p>\n<p>Programes que obren convocat\u00f2ria per ensenyaments d\u2019educaci\u00f3 infantil, prim\u00e0ria, secund\u00e0ria i\/o batxillerat. Termini de presentaci\u00f3 de sol\u00b7licituds del 2 d\u2019abril fins al 22 de maig de 2024 (ambd\u00f3s inclosos). <a href=\"https:\/\/xtec.gencat.cat\/ca\/innovacio\/programes_innovacio\/convocatoria-programes-innovacio\/\" target=\"_blank\" rel=\"noopener\">M\u00e9s informaci\u00f3 a xtec.<\/a><\/p>\n<ul>\n<li><a title=\"#aquiproubullying\" href=\"https:\/\/espai.educacio.gencat.cat\/Centres\/Innovacio-pedagogica\/Programes\/aquiproubullying\/Pagines\/default.aspx\" target=\"_blank\" rel=\"noopener\"><strong>#aquiproubullying<\/strong><\/a><\/li>\n<li><a title=\"AraArt\" href=\"https:\/\/espai.educacio.gencat.cat\/Centres\/Innovacio-pedagogica\/Programes\/AraArt\/Pagines\/default.aspx\" target=\"_blank\" rel=\"noopener\"><strong>AraArt<\/strong><\/a><\/li>\n<li><a title=\"AVANCEM: Ensenyament i Aprenentatge Integrat de les Lleng\u00fces\u00a0\" href=\"https:\/\/espai.educacio.gencat.cat\/Centres\/Innovacio-pedagogica\/Programes\/Avancem-Ensenyament-Aprenentatge-integrat\/Pagines\/default.aspx\" target=\"_blank\" rel=\"noopener\"><strong>AVANCEM: Ensenyament i Aprenentatge Integrat de les Lleng\u00fces\u00a0<\/strong><\/a><\/li>\n<li><a title=\"Comunitats d'aprenentatge\" href=\"https:\/\/espai.educacio.gencat.cat\/Centres\/Innovacio-pedagogica\/Programes\/xarxa-comunitats\/Pagines\/default.aspx\" target=\"_blank\" rel=\"noopener\"><strong>Comunitats d&#8217;aprenentatge<\/strong><\/a><\/li>\n<li><a title=\"Enfocament Restauratiu Global\" href=\"https:\/\/espai.educacio.gencat.cat\/Centres\/Innovacio-pedagogica\/Programes\/Enfocament-Restauratiu-Global\/Pagines\/default.aspx\" target=\"_blank\" rel=\"noopener\"><strong>Enfocament Restauratiu Global<\/strong><\/a><\/li>\n<li><a title=\"Escoles T\u00e0ndem\" href=\"https:\/\/espai.educacio.gencat.cat\/Centres\/Innovacio-pedagogica\/Programes\/Escoles-Tandem\/Pagines\/default.aspx\" target=\"_blank\" rel=\"noopener\"><strong>Escoles T\u00e0ndem<\/strong><\/a><\/li>\n<li><a title=\"Magnet Aliances per a l'\u00c8xit Educatiu\" href=\"https:\/\/espai.educacio.gencat.cat\/Centres\/Innovacio-pedagogica\/Programes\/magnet\/Pagines\/default.aspx\" target=\"_blank\" rel=\"noopener\"><strong>Magnet Aliances per a l&#8217;\u00c8xit Educatiu<\/strong><\/a><\/li>\n<li><a title=\"PAcTE\" href=\"https:\/\/espai.educacio.gencat.cat\/Centres\/Innovacio-pedagogica\/Programes\/acceleracio\/Pagines\/default.aspx\" target=\"_blank\" rel=\"noopener\"><strong>PAcTE<\/strong><\/a><\/li>\n<li><a title=\"STEAMcat\" href=\"https:\/\/espai.educacio.gencat.cat\/Centres\/Innovacio-pedagogica\/Programes\/Programa-STEAMcat\/Pagines\/default.aspx\" target=\"_blank\" rel=\"noopener\"><strong>STEAMcat<\/strong><\/a><\/li>\n<li><a title=\"Xarxa de Compet\u00e8ncies\" href=\"https:\/\/espai.educacio.gencat.cat\/Centres\/Innovacio-pedagogica\/Programes\/xarxa-competencies\/Pagines\/default.aspx\" target=\"_blank\" rel=\"noopener\"><strong>Xarxa de Compet\u00e8ncies<\/strong><\/a><\/li>\n<\/ul>\n<p>&nbsp;<\/p>\n<p>Programes que obren convocat\u00f2ria per a ensenyaments de formaci\u00f3 professional.\u00a0Termini de presentaci\u00f3 de sol\u00b7licituds del 2 d\u2019abril fins al 22 de maig de 2024 (ambd\u00f3s inclosos).<\/p>\n<ul>\n<li><a title=\"ActivaFP\" href=\"https:\/\/espai.educacio.gencat.cat\/Centres\/Innovacio-pedagogica\/Programes\/Innovacio-FP\/ActivaFP\/Pagines\/default.aspx\" target=\"_blank\" rel=\"noopener\"><strong>ActivaFP<\/strong><\/a><\/li>\n<li><a title=\"FP Skills\" href=\"https:\/\/espai.educacio.gencat.cat\/Centres\/Innovacio-pedagogica\/Programes\/Innovacio-FP\/Accions-entrenament-participar-campionats\/Pagines\/default.aspx\" target=\"_blank\" rel=\"noopener\"><strong>FP Skills<\/strong><\/a><\/li>\n<li><a title=\"CooperArt\" href=\"https:\/\/espai.educacio.gencat.cat\/Centres\/Innovacio-pedagogica\/Programes\/CooperArt\/Pagines\/default.aspx\" target=\"_blank\" rel=\"noopener\"><strong>CooperArt<\/strong><\/a><\/li>\n<li><a title=\"Empr\u00e8nFP\" href=\"https:\/\/espai.educacio.gencat.cat\/Centres\/Innovacio-pedagogica\/Programes\/Innovacio-FP\/Foment-suport-emprenedoria-FP\/Pagines\/default.aspx\" target=\"_blank\" rel=\"noopener\"><strong>Empr\u00e8nFP<\/strong><\/a><\/li>\n<li><a title=\"EmpresaFP\" href=\"https:\/\/espai.educacio.gencat.cat\/Centres\/Innovacio-pedagogica\/Programes\/Innovacio-FP\/Assessorament-EmpresaFP\/Pagines\/default.aspx\" target=\"_blank\" rel=\"noopener\"><strong>EmpresaFP<\/strong><\/a><\/li>\n<li><a title=\"FPDual\" href=\"https:\/\/espai.educacio.gencat.cat\/Centres\/Innovacio-pedagogica\/Programes\/Innovacio-FP\/FP-Dual\/Pagines\/default.aspx\" target=\"_blank\" rel=\"noopener\"><strong>FPDual<\/strong><\/a><\/li>\n<li><a title=\"FuturaFP\" href=\"https:\/\/espai.educacio.gencat.cat\/Centres\/Innovacio-pedagogica\/Programes\/Innovacio-FP\/FuturaFP\/Pagines\/default.aspx\" target=\"_blank\" rel=\"noopener\"><strong>FuturaFP<\/strong><\/a><\/li>\n<li><a title=\"InnovaFP\" href=\"https:\/\/espai.educacio.gencat.cat\/Centres\/Innovacio-pedagogica\/Programes\/Innovacio-FP\/InnovaFP\/Pagines\/default.aspx\" target=\"_blank\" rel=\"noopener\"><strong>InnovaFP<\/strong><\/a><\/li>\n<li><a title=\"MobilitatFP\" href=\"https:\/\/espai.educacio.gencat.cat\/Centres\/Innovacio-pedagogica\/Programes\/Innovacio-FP\/Mobilitat-formativa-FP\/Pagines\/default.aspx\" target=\"_blank\" rel=\"noopener\"><strong>MobilitatFP<\/strong><\/a><\/li>\n<li><a title=\"OrientaFP\" href=\"https:\/\/espai.educacio.gencat.cat\/Centres\/Innovacio-pedagogica\/Programes\/Innovacio-FP\/Assessorament-OrientaFP\/Pagines\/default.aspx\" target=\"_blank\" rel=\"noopener\"><strong>OrientaFP<\/strong><\/a><\/li>\n<li><a title=\"Qualitat i Millora cont\u00ednua\" href=\"https:\/\/espai.educacio.gencat.cat\/Centres\/Innovacio-pedagogica\/Programes\/Innovacio-FP\/Projecte-qualitat-millora-continua\/Pagines\/default.aspx\" target=\"_blank\" rel=\"noopener\"><strong>Qualitat i Millora cont\u00ednua<\/strong><\/a><\/li>\n<li><a title=\"Xarxa PFI\" href=\"https:\/\/espai.educacio.gencat.cat\/Centres\/Innovacio-pedagogica\/Programes\/Innovacio-FP\/xarxa-pfi\/Pagines\/default.aspx\" target=\"_blank\" rel=\"noopener\"><strong>Xarxa PFI<\/strong><\/a><\/li>\n<\/ul>\n<p><img loading=\"lazy\" decoding=\"async\" class=\"alignnone size-full wp-image-11005\" src=\"https:\/\/serveiseducatius.xtec.cat\/ciutatvella\/wp-content\/uploads\/usu1173\/2024\/04\/innovacio.png\" alt=\"\" width=\"536\" height=\"777\" srcset=\"https:\/\/serveiseducatius.xtec.cat\/ciutatvella\/wp-content\/uploads\/usu1173\/2024\/04\/innovacio.png 536w, https:\/\/serveiseducatius.xtec.cat\/ciutatvella\/wp-content\/uploads\/usu1173\/2024\/04\/innovacio-207x300.png 207w\" sizes=\"auto, (max-width: 536px) 100vw, 536px\" \/><\/p>\n<p>&nbsp;<\/p>\n","protected":false},"excerpt":{"rendered":"<p>Des del 2 d&#8217;abril fins el 22 de maig de 2024 els centres educatius podeu fer les vostres sol\u00b7licituds de participaci\u00f3 en els programes d&#8217;innovaci\u00f3 del Departament d&#8217;Educaci\u00f3. Els programes d\u2019innovaci\u00f3 educativa consisteixen en plans d\u2019acci\u00f3 que el Departament d\u2019Educaci\u00f3 prioritza i impulsa, i que tenen com a finalitat millorar els resultats del sistema educatiu [&hellip;]<\/p>\n","protected":false},"author":1,"featured_media":11006,"comment_status":"open","ping_status":"closed","sticky":false,"template":"","format":"standard","meta":{"_bbp_topic_count":0,"_bbp_reply_count":0,"_bbp_total_topic_count":0,"_bbp_total_reply_count":0,"_bbp_voice_count":0,"_bbp_anonymous_reply_count":0,"_bbp_topic_count_hidden":0,"_bbp_reply_count_hidden":0,"_bbp_forum_subforum_count":0,"site-sidebar-layout":"default","site-content-layout":"","ast-site-content-layout":"","site-content-style":"default","site-sidebar-style":"default","ast-global-header-display":"","ast-banner-title-visibility":"","ast-main-header-display":"","ast-hfb-above-header-display":"","ast-hfb-below-header-display":"","ast-hfb-mobile-header-display":"","site-post-title":"","ast-breadcrumbs-content":"","ast-featured-img":"","footer-sml-layout":"","theme-transparent-header-meta":"","adv-header-id-meta":"","stick-header-meta":"","header-above-stick-meta":"","header-main-stick-meta":"","header-below-stick-meta":"","astra-migrate-meta-layouts":"default","ast-page-background-enabled":"default","ast-page-background-meta":{"desktop":{"background-color":"var(--ast-global-color-4)","background-image":"","background-repeat":"repeat","background-position":"center center","background-size":"auto","background-attachment":"scroll","background-type":"","background-media":"","overlay-type":"","overlay-color":"","overlay-opacity":"","overlay-gradient":""},"tablet":{"background-color":"","background-image":"","background-repeat":"repeat","background-position":"center center","background-size":"auto","background-attachment":"scroll","background-type":"","background-media":"","overlay-type":"","overlay-color":"","overlay-opacity":"","overlay-gradient":""},"mobile":{"background-color":"","background-image":"","background-repeat":"repeat","background-position":"center center","background-size":"auto","background-attachment":"scroll","background-type":"","background-media":"","overlay-type":"","overlay-color":"","overlay-opacity":"","overlay-gradient":""}},"ast-content-background-meta":{"desktop":{"background-color":"var(--ast-global-color-5)","background-image":"","background-repeat":"repeat","background-position":"center center","background-size":"auto","background-attachment":"scroll","background-type":"","background-media":"","overlay-type":"","overlay-color":"","overlay-opacity":"","overlay-gradient":""},"tablet":{"background-color":"var(--ast-global-color-5)","background-image":"","background-repeat":"repeat","background-position":"center center","background-size":"auto","background-attachment":"scroll","background-type":"","background-media":"","overlay-type":"","overlay-color":"","overlay-opacity":"","overlay-gradient":""},"mobile":{"background-color":"var(--ast-global-color-5)","background-image":"","background-repeat":"repeat","background-position":"center center","background-size":"auto","background-attachment":"scroll","background-type":"","background-media":"","overlay-type":"","overlay-color":"","overlay-opacity":"","overlay-gradient":""}},"footnotes":""},"categories":[65,295,309],"tags":[485,641,466,467,642],"class_list":["post-11004","post","type-post","status-publish","format-standard","has-post-thumbnail","hentry","category-crp","category-formacio-2","category-portada","tag-departament-deducacio","tag-innovacio","tag-innovacio-pedagogica","tag-programes","tag-xarxa-de-competencies"],"post_mailing_queue_ids":[],"_links":{"self":[{"href":"https:\/\/serveiseducatius.xtec.cat\/ciutatvella\/wp-json\/wp\/v2\/posts\/11004","targetHints":{"allow":["GET"]}}],"collection":[{"href":"https:\/\/serveiseducatius.xtec.cat\/ciutatvella\/wp-json\/wp\/v2\/posts"}],"about":[{"href":"https:\/\/serveiseducatius.xtec.cat\/ciutatvella\/wp-json\/wp\/v2\/types\/post"}],"author":[{"embeddable":true,"href":"https:\/\/serveiseducatius.xtec.cat\/ciutatvella\/wp-json\/wp\/v2\/users\/1"}],"replies":[{"embeddable":true,"href":"https:\/\/serveiseducatius.xtec.cat\/ciutatvella\/wp-json\/wp\/v2\/comments?post=11004"}],"version-history":[{"count":2,"href":"https:\/\/serveiseducatius.xtec.cat\/ciutatvella\/wp-json\/wp\/v2\/posts\/11004\/revisions"}],"predecessor-version":[{"id":11008,"href":"https:\/\/serveiseducatius.xtec.cat\/ciutatvella\/wp-json\/wp\/v2\/posts\/11004\/revisions\/11008"}],"wp:featuredmedia":[{"embeddable":true,"href":"https:\/\/serveiseducatius.xtec.cat\/ciutatvella\/wp-json\/wp\/v2\/media\/11006"}],"wp:attachment":[{"href":"https:\/\/serveiseducatius.xtec.cat\/ciutatvella\/wp-json\/wp\/v2\/media?parent=11004"}],"wp:term":[{"taxonomy":"category","embeddable":true,"href":"https:\/\/serveiseducatius.xtec.cat\/ciutatvella\/wp-json\/wp\/v2\/categories?post=11004"},{"taxonomy":"post_tag","embeddable":true,"href":"https:\/\/serveiseducatius.xtec.cat\/ciutatvella\/wp-json\/wp\/v2\/tags?post=11004"}],"curies":[{"name":"wp","href":"https:\/\/api.w.org\/{rel}","templated":true}]}}