{"id":10628,"date":"2023-10-24T13:47:41","date_gmt":"2023-10-24T11:47:41","guid":{"rendered":"https:\/\/serveiseducatius.xtec.cat\/ciutatvella\/?p=10628"},"modified":"2023-10-24T13:47:41","modified_gmt":"2023-10-24T11:47:41","slug":"resolucio-de-practiques-educatives-de-referencia-dinnovacio-pedagogica","status":"publish","type":"post","link":"https:\/\/serveiseducatius.xtec.cat\/ciutatvella\/portada\/resolucio-de-practiques-educatives-de-referencia-dinnovacio-pedagogica\/","title":{"rendered":"Resoluci\u00f3 de pr\u00e0ctiques educatives de refer\u00e8ncia d\u2019innovaci\u00f3 pedag\u00f2gica"},"content":{"rendered":"<p>El Departament ha publicat la<a href=\"https:\/\/dogc.gencat.cat\/ca\/document-del-dogc\/?documentId=970395\" target=\"_blank\" rel=\"noopener\"> resoluci\u00f3<\/a> de pr\u00e0ctiques educatives de refer\u00e8ncia d&#8217;innovaci\u00f3 pedag\u00f2gica. L&#8217;Ordre ENS\/303\/2015, de 21 de setembre, sobre el reconeixement de la innovaci\u00f3 pedag\u00f2gica, determina a l&#8217;article 2 les modalitats d&#8217;innovaci\u00f3 pedag\u00f2gica i, entre d&#8217;altres, hi inclou les pr\u00e0ctiques educatives de refer\u00e8ncia, com aquelles que consisteixen en iniciatives del professorat vinculades al projecte educatiu del centre que evidencien una millora educativa, aix\u00ed com els materials i recursos educatius elaborats pel professorat, un cop implementats i sempre que aportin millores per a l&#8217;aprenentatge<\/p>\n<p><strong>Objecte<\/strong><br \/>\nRecon\u00e8ixer i certificar pr\u00e0ctiques educatives de refer\u00e8ncia d&#8217;innovaci\u00f3 pedag\u00f2gica consolidades i vinculades al projecte educatiu de centre i que evidencien una millora educativa, d&#8217;acord amb la modalitat prevista a l&#8217;article 2 de l&#8217;Ordre ENS\/303\/2015, de 21 de setembre, sobre el reconeixement de la innovaci\u00f3 pedag\u00f2gica.<\/p>\n<p><strong>Destinataris<\/strong><br \/>\nEl personal docent dels centres educatius de Catalunya sostinguts amb fons p\u00fablics, que imparteixen ensenyaments d&#8217;educaci\u00f3 infantil i prim\u00e0ria, d&#8217;educaci\u00f3 secund\u00e0ria obligat\u00f2ria, de batxillerat, de formaci\u00f3 professional inicial, d&#8217;ensenyaments de r\u00e8gim especial i\/o d&#8217;educaci\u00f3 d&#8217;adults.<\/p>\n<p><strong>Requisits de participaci\u00f3<\/strong><br \/>\na) Que la pr\u00e0ctica estigui emmarcada en un o m\u00e9s dels tres \u00e0mbits d&#8217;innovaci\u00f3 definits per l&#8217;Ordre ENS\/303\/2015, del 21 de setembre, sobre el reconeixement de la innovaci\u00f3 pedag\u00f2gica:<br \/>\n\u2022 \u00c0mbit 1: Metodologies i recursos per a la millora de l&#8217;ensenyament i aprenentatge.<br \/>\n\u2022 \u00c0mbit 2: Organitzaci\u00f3 i gesti\u00f3 educativa.<br \/>\n\u2022 \u00c0mbit 3: Relaci\u00f3 i cooperaci\u00f3 amb la comunitat<br \/>\neducativa i l&#8217;entorn.<br \/>\nb) Presentar una mem\u00f2ria de la pr\u00e0ctica educativa de refer\u00e8ncia d&#8217;innovaci\u00f3 pedag\u00f2gica amb evid\u00e8ncies concretes de les millores generades en el centre educatiu on s&#8217;ha implementat la pr\u00e0ctica educativa de refer\u00e8ncia. El model per elaborar la mem\u00f2ria es troba al Portal de centre.<br \/>\nc) Que la pr\u00e0ctica d&#8217;innovaci\u00f3 no hagi estat certificada amb anterioritat en el mateix centre.<br \/>\nd) Que la pr\u00e0ctica consolidada sigui coherent amb el projecte educatiu de centre i compti amb el vistiplau de la direcci\u00f3 de centre on s&#8217;ha implementat la pr\u00e0ctica educativa de refer\u00e8ncia d&#8217;innovaci\u00f3 pedag\u00f2gica amb evid\u00e8ncies de millora.<br \/>\ne) Haver desenvolupat la pr\u00e0ctica en un m\u00ednim de 3 cursos acad\u00e8mics en els darrers 5 cursos escolars.<br \/>\nf) Totes les pr\u00e0ctiques educatives de refer\u00e8ncia han de contemplar de forma clara i visible la llic\u00e8ncia de<\/p>\n<p>Creative commons m\u00ednima de: Reconeixement-<br \/>\nNoComercial-CompartirIgual (CC BY-NC-SA)<\/p>\n<p>Termini de sol\u00b7licitud<br \/>\n\u2192 Fins el 15 de desembre, al <a href=\"https:\/\/inici.espai.educacio.gencat.cat\/\" target=\"_blank\" rel=\"noopener\">Portal de centre.<\/a><\/p>\n","protected":false},"excerpt":{"rendered":"<p>El Departament ha publicat la resoluci\u00f3 de pr\u00e0ctiques educatives de refer\u00e8ncia d&#8217;innovaci\u00f3 pedag\u00f2gica. L&#8217;Ordre ENS\/303\/2015, de 21 de setembre, sobre el reconeixement de la innovaci\u00f3 pedag\u00f2gica, determina a l&#8217;article 2 les modalitats d&#8217;innovaci\u00f3 pedag\u00f2gica i, entre d&#8217;altres, hi inclou les pr\u00e0ctiques educatives de refer\u00e8ncia, com aquelles que consisteixen en iniciatives del professorat vinculades al projecte [&hellip;]<\/p>\n","protected":false},"author":1,"featured_media":10629,"comment_status":"open","ping_status":"closed","sticky":false,"template":"","format":"standard","meta":{"_bbp_topic_count":0,"_bbp_reply_count":0,"_bbp_total_topic_count":0,"_bbp_total_reply_count":0,"_bbp_voice_count":0,"_bbp_anonymous_reply_count":0,"_bbp_topic_count_hidden":0,"_bbp_reply_count_hidden":0,"_bbp_forum_subforum_count":0,"site-sidebar-layout":"default","site-content-layout":"","ast-site-content-layout":"","site-content-style":"default","site-sidebar-style":"default","ast-global-header-display":"","ast-banner-title-visibility":"","ast-main-header-display":"","ast-hfb-above-header-display":"","ast-hfb-below-header-display":"","ast-hfb-mobile-header-display":"","site-post-title":"","ast-breadcrumbs-content":"","ast-featured-img":"","footer-sml-layout":"","theme-transparent-header-meta":"","adv-header-id-meta":"","stick-header-meta":"","header-above-stick-meta":"","header-main-stick-meta":"","header-below-stick-meta":"","astra-migrate-meta-layouts":"default","ast-page-background-enabled":"default","ast-page-background-meta":{"desktop":{"background-color":"var(--ast-global-color-4)","background-image":"","background-repeat":"repeat","background-position":"center center","background-size":"auto","background-attachment":"scroll","background-type":"","background-media":"","overlay-type":"","overlay-color":"","overlay-opacity":"","overlay-gradient":""},"tablet":{"background-color":"","background-image":"","background-repeat":"repeat","background-position":"center center","background-size":"auto","background-attachment":"scroll","background-type":"","background-media":"","overlay-type":"","overlay-color":"","overlay-opacity":"","overlay-gradient":""},"mobile":{"background-color":"","background-image":"","background-repeat":"repeat","background-position":"center center","background-size":"auto","background-attachment":"scroll","background-type":"","background-media":"","overlay-type":"","overlay-color":"","overlay-opacity":"","overlay-gradient":""}},"ast-content-background-meta":{"desktop":{"background-color":"var(--ast-global-color-5)","background-image":"","background-repeat":"repeat","background-position":"center center","background-size":"auto","background-attachment":"scroll","background-type":"","background-media":"","overlay-type":"","overlay-color":"","overlay-opacity":"","overlay-gradient":""},"tablet":{"background-color":"var(--ast-global-color-5)","background-image":"","background-repeat":"repeat","background-position":"center center","background-size":"auto","background-attachment":"scroll","background-type":"","background-media":"","overlay-type":"","overlay-color":"","overlay-opacity":"","overlay-gradient":""},"mobile":{"background-color":"var(--ast-global-color-5)","background-image":"","background-repeat":"repeat","background-position":"center center","background-size":"auto","background-attachment":"scroll","background-type":"","background-media":"","overlay-type":"","overlay-color":"","overlay-opacity":"","overlay-gradient":""}},"footnotes":""},"categories":[512,465,309],"tags":[466,541,542],"class_list":["post-10628","post","type-post","status-publish","format-standard","has-post-thumbnail","hentry","category-departament","category-innovacio","category-portada","tag-innovacio-pedagogica","tag-practiques-educatives","tag-reconeixemnt"],"post_mailing_queue_ids":[],"_links":{"self":[{"href":"https:\/\/serveiseducatius.xtec.cat\/ciutatvella\/wp-json\/wp\/v2\/posts\/10628","targetHints":{"allow":["GET"]}}],"collection":[{"href":"https:\/\/serveiseducatius.xtec.cat\/ciutatvella\/wp-json\/wp\/v2\/posts"}],"about":[{"href":"https:\/\/serveiseducatius.xtec.cat\/ciutatvella\/wp-json\/wp\/v2\/types\/post"}],"author":[{"embeddable":true,"href":"https:\/\/serveiseducatius.xtec.cat\/ciutatvella\/wp-json\/wp\/v2\/users\/1"}],"replies":[{"embeddable":true,"href":"https:\/\/serveiseducatius.xtec.cat\/ciutatvella\/wp-json\/wp\/v2\/comments?post=10628"}],"version-history":[{"count":1,"href":"https:\/\/serveiseducatius.xtec.cat\/ciutatvella\/wp-json\/wp\/v2\/posts\/10628\/revisions"}],"predecessor-version":[{"id":10630,"href":"https:\/\/serveiseducatius.xtec.cat\/ciutatvella\/wp-json\/wp\/v2\/posts\/10628\/revisions\/10630"}],"wp:featuredmedia":[{"embeddable":true,"href":"https:\/\/serveiseducatius.xtec.cat\/ciutatvella\/wp-json\/wp\/v2\/media\/10629"}],"wp:attachment":[{"href":"https:\/\/serveiseducatius.xtec.cat\/ciutatvella\/wp-json\/wp\/v2\/media?parent=10628"}],"wp:term":[{"taxonomy":"category","embeddable":true,"href":"https:\/\/serveiseducatius.xtec.cat\/ciutatvella\/wp-json\/wp\/v2\/categories?post=10628"},{"taxonomy":"post_tag","embeddable":true,"href":"https:\/\/serveiseducatius.xtec.cat\/ciutatvella\/wp-json\/wp\/v2\/tags?post=10628"}],"curies":[{"name":"wp","href":"https:\/\/api.w.org\/{rel}","templated":true}]}}