{"id":28148,"date":"2026-09-02T21:49:13","date_gmt":"2026-09-02T19:49:13","guid":{"rendered":"https:\/\/serveiseducatius.xtec.cat\/cesire\/?p=28148"},"modified":"2026-09-02T21:49:31","modified_gmt":"2026-09-02T19:49:31","slug":"cicle-de-conferencies-guspires-matematiques-per-educacio-infantil","status":"publish","type":"post","link":"https:\/\/serveiseducatius.xtec.cat\/cesire\/cicle-de-conferencies-guspires-matematiques-per-educacio-infantil\/","title":{"rendered":"Cicle de confer\u00e8ncies Guspires matem\u00e0tiques per Educaci\u00f3 Infantil"},"content":{"rendered":"<p>Aquest curs engeguem un nou cicle de confer\u00e8ncies especialment dedicat a docents d&#8217;Educaci\u00f3 Infantil, <strong>Guspires matem\u00e0tiques.<\/strong> El cicle consta de\u00a0 <strong>do<\/strong><strong>s confer\u00e8ncies<\/strong> amb tem\u00e0tiques d\u2019actualitzaci\u00f3 cient\u00edfica i did\u00e0ctica adre\u00e7ades als docents de matem\u00e0tiques d&#8217;<strong>Educaci\u00f3 Infantil<\/strong> amb ganes de continuar aprenent.<\/p>\n<p>Les confer\u00e8ncies tindran lloc en\u00a0<strong>dijous de 18:00 a 19:30 h<\/strong>, a partir del novembre. S&#8217;emetran a trav\u00e9s del<strong>\u00a0canal de v\u00eddeo de CREAMAT<\/strong> i quedaran enregistrades per poder-les veure tamb\u00e9 m\u00e9s endavant. Pr\u00f2ximament informarem del contingut de les confer\u00e8ncies.<\/p>\n<p>La inscripci\u00f3 al cicle i completar els q\u00fcestionaris despr\u00e9s dels enregistraments dona acc\u00e9s un certificat de formaci\u00f3 de 6 h.<\/p>\n<p><a href=\"https:\/\/aplicacions.gestioeducativa.gencat.cat\/ords\/pls\/soloas\/pk_for_mod_ins.p_for_detall_activitat?p_codi=9003030532&amp;p_curs=2026-2027&amp;p_es_inscr=S\">Enlla\u00e7 a la inscripci\u00f3<\/a><\/p>\n<p>&nbsp;<\/p>\n<p><a href=\"https:\/\/serveiseducatius.xtec.cat\/cesire\/cicle-de-conferencies-mirades-matematiques-2\/logo-ministerio-pct\/\" rel=\"attachment wp-att-28143\"><img loading=\"lazy\" decoding=\"async\" class=\"alignnone wp-image-28143\" src=\"https:\/\/serveiseducatius.xtec.cat\/cesire\/wp-content\/uploads\/usu2650\/2026\/09\/Logo-Ministerio-PCT.png\" alt=\"\" width=\"411\" height=\"82\" srcset=\"https:\/\/serveiseducatius.xtec.cat\/cesire\/wp-content\/uploads\/usu2650\/2026\/09\/Logo-Ministerio-PCT.png 511w, https:\/\/serveiseducatius.xtec.cat\/cesire\/wp-content\/uploads\/usu2650\/2026\/09\/Logo-Ministerio-PCT-300x60.png 300w\" sizes=\"auto, (max-width: 411px) 100vw, 411px\" \/><\/a><\/p>\n","protected":false},"excerpt":{"rendered":"<p>Aquest curs engeguem un nou cicle de confer\u00e8ncies especialment dedicat a docents d&#8217;Educaci\u00f3 Infantil, Guspires matem\u00e0tiques. El cicle consta de\u00a0 dos confer\u00e8ncies amb tem\u00e0tiques d\u2019actualitzaci\u00f3 cient\u00edfica i did\u00e0ctica adre\u00e7ades als docents de matem\u00e0tiques d&#8217;Educaci\u00f3 Infantil amb ganes de continuar aprenent.<br \/>\nLes confer\u00e8ncies tindran lloc en\u00a0dijous de&hellip;  <a href=\"https:\/\/serveiseducatius.xtec.cat\/cesire\/cicle-de-conferencies-guspires-matematiques-per-educacio-infantil\/\" title=\"Read Cicle de confer\u00e8ncies Guspires matem\u00e0tiques per Educaci\u00f3 Infantil\">Llegeix m\u00e9s\u00bb<\/a><\/p>\n","protected":false},"author":67,"featured_media":28149,"comment_status":"closed","ping_status":"open","sticky":false,"template":"","format":"standard","meta":{"_bbp_topic_count":0,"_bbp_reply_count":0,"_bbp_total_topic_count":0,"_bbp_total_reply_count":0,"_bbp_voice_count":0,"_bbp_anonymous_reply_count":0,"_bbp_topic_count_hidden":0,"_bbp_reply_count_hidden":0,"_bbp_forum_subforum_count":0,"footnotes":""},"categories":[1,488],"tags":[],"class_list":["post-28148","post","type-post","status-publish","format-standard","has-post-thumbnail","hentry","category-general","category-matematiques"],"post_mailing_queue_ids":[],"_links":{"self":[{"href":"https:\/\/serveiseducatius.xtec.cat\/cesire\/wp-json\/wp\/v2\/posts\/28148","targetHints":{"allow":["GET"]}}],"collection":[{"href":"https:\/\/serveiseducatius.xtec.cat\/cesire\/wp-json\/wp\/v2\/posts"}],"about":[{"href":"https:\/\/serveiseducatius.xtec.cat\/cesire\/wp-json\/wp\/v2\/types\/post"}],"author":[{"embeddable":true,"href":"https:\/\/serveiseducatius.xtec.cat\/cesire\/wp-json\/wp\/v2\/users\/67"}],"replies":[{"embeddable":true,"href":"https:\/\/serveiseducatius.xtec.cat\/cesire\/wp-json\/wp\/v2\/comments?post=28148"}],"version-history":[{"count":1,"href":"https:\/\/serveiseducatius.xtec.cat\/cesire\/wp-json\/wp\/v2\/posts\/28148\/revisions"}],"predecessor-version":[{"id":28150,"href":"https:\/\/serveiseducatius.xtec.cat\/cesire\/wp-json\/wp\/v2\/posts\/28148\/revisions\/28150"}],"wp:featuredmedia":[{"embeddable":true,"href":"https:\/\/serveiseducatius.xtec.cat\/cesire\/wp-json\/wp\/v2\/media\/28149"}],"wp:attachment":[{"href":"https:\/\/serveiseducatius.xtec.cat\/cesire\/wp-json\/wp\/v2\/media?parent=28148"}],"wp:term":[{"taxonomy":"category","embeddable":true,"href":"https:\/\/serveiseducatius.xtec.cat\/cesire\/wp-json\/wp\/v2\/categories?post=28148"},{"taxonomy":"post_tag","embeddable":true,"href":"https:\/\/serveiseducatius.xtec.cat\/cesire\/wp-json\/wp\/v2\/tags?post=28148"}],"curies":[{"name":"wp","href":"https:\/\/api.w.org\/{rel}","templated":true}]}}