{"id":28139,"date":"2026-09-02T21:10:27","date_gmt":"2026-09-02T19:10:27","guid":{"rendered":"https:\/\/serveiseducatius.xtec.cat\/cesire\/?p=28139"},"modified":"2026-09-02T21:16:46","modified_gmt":"2026-09-02T19:16:46","slug":"cicle-de-conferencies-perspectives-matematiques-2026-2027","status":"publish","type":"post","link":"https:\/\/serveiseducatius.xtec.cat\/cesire\/cicle-de-conferencies-perspectives-matematiques-2026-2027\/","title":{"rendered":"Cicle de confer\u00e8ncies Perspectives Matem\u00e0tiques 2026-2027"},"content":{"rendered":"<p>Perspectives matem\u00e0tiques \u00e9s un cicle de <strong>tres confer\u00e8ncies<\/strong> amb tem\u00e0tiques d\u2019actualitzaci\u00f3 cient\u00edfica i did\u00e0ctica adre\u00e7ades al professorat de matem\u00e0tiques d\u2019<strong>Educaci\u00f3 Secund\u00e0ria<\/strong>.<\/p>\n<p><a href=\"https:\/\/serveiseducatius.xtec.cat\/cesire\/wp-content\/uploads\/usu2650\/2022\/09\/perspectiva-e1615071617899-800x400-1.jpg\"><img loading=\"lazy\" decoding=\"async\" class=\"wp-image-20974 aligncenter\" src=\"https:\/\/serveiseducatius.xtec.cat\/cesire\/wp-content\/uploads\/usu2650\/2022\/09\/perspectiva-e1615071617899-800x400-1.jpg\" sizes=\"auto, (max-width: 568px) 100vw, 568px\" srcset=\"https:\/\/serveiseducatius.xtec.cat\/cesire\/wp-content\/uploads\/usu2650\/2022\/09\/perspectiva-e1615071617899-800x400-1.jpg 600w, https:\/\/serveiseducatius.xtec.cat\/cesire\/wp-content\/uploads\/usu2650\/2022\/09\/perspectiva-e1615071617899-800x400-1-300x102.jpg 300w\" alt=\"\" width=\"568\" height=\"193\" \/><\/a><\/p>\n<p>Les confer\u00e8ncies tindran lloc en tres <strong>dijous de 18:00 a 19:30 h<\/strong>, a partir de novembre. S\u2019emetran a trav\u00e9s del<strong>\u00a0canal de v\u00eddeo de CREAMAT<\/strong> i quedaran enregistrades per poder-les veure tamb\u00e9 m\u00e9s endavant. Pr\u00f2ximament us informarem del contingut.<\/p>\n<p>La inscripci\u00f3 al cicle i completar els q\u00fcestionaris despr\u00e9s dels enregistraments dona acc\u00e9s un<strong> certificat de formaci\u00f3 de 6 h.<\/strong><\/p>\n<p><a href=\"https:\/\/aplicacions.gestioeducativa.gencat.cat\/ords\/pls\/soloas\/pk_for_mod_ins.p_for_detall_activitat?p_codi=9003050532&amp;p_curs=2026-2027&amp;p_es_inscr=S\"><strong>Inscripcions en aquest enlla\u00e7<\/strong><\/a><\/p>\n<p>&nbsp;<\/p>\n<p><a href=\"https:\/\/serveiseducatius.xtec.cat\/cesire\/?attachment_id=28143\" rel=\"attachment wp-att-28143\"><img loading=\"lazy\" decoding=\"async\" class=\"alignnone  wp-image-28143\" src=\"https:\/\/serveiseducatius.xtec.cat\/cesire\/wp-content\/uploads\/usu2650\/2026\/09\/Logo-Ministerio-PCT.png\" alt=\"\" width=\"351\" height=\"70\" srcset=\"https:\/\/serveiseducatius.xtec.cat\/cesire\/wp-content\/uploads\/usu2650\/2026\/09\/Logo-Ministerio-PCT.png 511w, https:\/\/serveiseducatius.xtec.cat\/cesire\/wp-content\/uploads\/usu2650\/2026\/09\/Logo-Ministerio-PCT-300x60.png 300w\" sizes=\"auto, (max-width: 351px) 100vw, 351px\" \/><\/a><\/p>\n","protected":false},"excerpt":{"rendered":"<p>Perspectives matem\u00e0tiques \u00e9s un cicle de tres confer\u00e8ncies amb tem\u00e0tiques d\u2019actualitzaci\u00f3 cient\u00edfica i did\u00e0ctica adre\u00e7ades al professorat de matem\u00e0tiques d\u2019Educaci\u00f3 Secund\u00e0ria.<br \/>\n<a href=\"https:\/\/serveiseducatius.xtec.cat\/cesire\/wp-content\/uploads\/usu2650\/2022\/09\/perspectiva-e1615071617899-800x400-1.jpg\"><\/a><br \/>\nLes confer\u00e8ncies tindran lloc en tres dijous de 18:00 a 19:30 h, a partir de novembre. S\u2019emetran a trav\u00e9s del\u00a0canal de v\u00eddeo de CREAMAT&hellip;  <a href=\"https:\/\/serveiseducatius.xtec.cat\/cesire\/cicle-de-conferencies-perspectives-matematiques-2026-2027\/\" title=\"Read Cicle de confer\u00e8ncies Perspectives Matem\u00e0tiques 2026-2027\">Llegeix m\u00e9s\u00bb<\/a><\/p>\n","protected":false},"author":67,"featured_media":28140,"comment_status":"closed","ping_status":"open","sticky":false,"template":"","format":"standard","meta":{"_bbp_topic_count":0,"_bbp_reply_count":0,"_bbp_total_topic_count":0,"_bbp_total_reply_count":0,"_bbp_voice_count":0,"_bbp_anonymous_reply_count":0,"_bbp_topic_count_hidden":0,"_bbp_reply_count_hidden":0,"_bbp_forum_subforum_count":0,"footnotes":""},"categories":[1,488],"tags":[],"class_list":["post-28139","post","type-post","status-publish","format-standard","has-post-thumbnail","hentry","category-general","category-matematiques"],"post_mailing_queue_ids":[],"_links":{"self":[{"href":"https:\/\/serveiseducatius.xtec.cat\/cesire\/wp-json\/wp\/v2\/posts\/28139","targetHints":{"allow":["GET"]}}],"collection":[{"href":"https:\/\/serveiseducatius.xtec.cat\/cesire\/wp-json\/wp\/v2\/posts"}],"about":[{"href":"https:\/\/serveiseducatius.xtec.cat\/cesire\/wp-json\/wp\/v2\/types\/post"}],"author":[{"embeddable":true,"href":"https:\/\/serveiseducatius.xtec.cat\/cesire\/wp-json\/wp\/v2\/users\/67"}],"replies":[{"embeddable":true,"href":"https:\/\/serveiseducatius.xtec.cat\/cesire\/wp-json\/wp\/v2\/comments?post=28139"}],"version-history":[{"count":2,"href":"https:\/\/serveiseducatius.xtec.cat\/cesire\/wp-json\/wp\/v2\/posts\/28139\/revisions"}],"predecessor-version":[{"id":28144,"href":"https:\/\/serveiseducatius.xtec.cat\/cesire\/wp-json\/wp\/v2\/posts\/28139\/revisions\/28144"}],"wp:featuredmedia":[{"embeddable":true,"href":"https:\/\/serveiseducatius.xtec.cat\/cesire\/wp-json\/wp\/v2\/media\/28140"}],"wp:attachment":[{"href":"https:\/\/serveiseducatius.xtec.cat\/cesire\/wp-json\/wp\/v2\/media?parent=28139"}],"wp:term":[{"taxonomy":"category","embeddable":true,"href":"https:\/\/serveiseducatius.xtec.cat\/cesire\/wp-json\/wp\/v2\/categories?post=28139"},{"taxonomy":"post_tag","embeddable":true,"href":"https:\/\/serveiseducatius.xtec.cat\/cesire\/wp-json\/wp\/v2\/tags?post=28139"}],"curies":[{"name":"wp","href":"https:\/\/api.w.org\/{rel}","templated":true}]}}