{"id":27901,"date":"2026-05-27T10:14:59","date_gmt":"2026-05-27T08:14:59","guid":{"rendered":"https:\/\/serveiseducatius.xtec.cat\/cesire\/?p=27901"},"modified":"2026-05-27T10:44:26","modified_gmt":"2026-05-27T08:44:26","slug":"eina-per-al-disseny-revisio-i-millora-de-les-activitats-i-fites-dun-projecte-faig","status":"publish","type":"post","link":"https:\/\/serveiseducatius.xtec.cat\/cesire\/eina-per-al-disseny-revisio-i-millora-de-les-activitats-i-fites-dun-projecte-faig\/","title":{"rendered":"Eina per al disseny, revisi\u00f3 i millora de les activitats i fites d&#8217;un projecte FAIG"},"content":{"rendered":"<h3><b>A quines preguntes dona resposta aquesta eina?<\/b><\/h3>\n<ul>\n<li style=\"font-weight: 400;\" aria-level=\"1\"><strong>Qu\u00e8 entenem per activitats i fites en un projecte d\u2019aprenentatge amb sentit?<\/strong><\/li>\n<li style=\"font-weight: 400;\" aria-level=\"1\"><strong>Quin paper tenen les activitats d\u2019aprentatge i les fites en la construcci\u00f3 del coneixement i en la resposta al desafiament plantejat?<\/strong><\/li>\n<li style=\"font-weight: 400;\" aria-level=\"1\"><strong>Com podem dissenyar seq\u00fc\u00e8ncies d\u2019activitats coherents amb les preguntes connectores i els objectius d\u2019aprenentatge?<\/strong><\/li>\n<li style=\"font-weight: 400;\" aria-level=\"1\"><strong>De quina manera podem incorporar la reflexi\u00f3, la presa de decisions i la millora cont\u00ednua en el disseny de les activitats?<\/strong><\/li>\n<li style=\"font-weight: 400;\" aria-level=\"1\"><strong>Com podem revisar i millorar, de forma col\u00b7laborativa i fonamentada, les activitats i fites del projecte?<a href=\"https:\/\/serveiseducatius.xtec.cat\/cesire\/wp-content\/uploads\/usu2650\/2026\/05\/eina-revisio-activitats.pdf\"><img loading=\"lazy\" decoding=\"async\" class=\"alignright wp-image-27921\" src=\"https:\/\/serveiseducatius.xtec.cat\/cesire\/wp-content\/uploads\/usu2650\/2026\/05\/Captura-de-pantalla-2026-05-27-a-las-10.32.19.png\" alt=\"\" width=\"625\" height=\"654\" srcset=\"https:\/\/serveiseducatius.xtec.cat\/cesire\/wp-content\/uploads\/usu2650\/2026\/05\/Captura-de-pantalla-2026-05-27-a-las-10.32.19.png 1020w, https:\/\/serveiseducatius.xtec.cat\/cesire\/wp-content\/uploads\/usu2650\/2026\/05\/Captura-de-pantalla-2026-05-27-a-las-10.32.19-287x300.png 287w, https:\/\/serveiseducatius.xtec.cat\/cesire\/wp-content\/uploads\/usu2650\/2026\/05\/Captura-de-pantalla-2026-05-27-a-las-10.32.19-978x1024.png 978w, https:\/\/serveiseducatius.xtec.cat\/cesire\/wp-content\/uploads\/usu2650\/2026\/05\/Captura-de-pantalla-2026-05-27-a-las-10.32.19-768x804.png 768w\" sizes=\"auto, (max-width: 625px) 100vw, 625px\" \/><\/a><\/strong><\/li>\n<\/ul>\n<p><span style=\"font-weight: 400;\">Aquesta eina al servei de les docents permet dissenyar, revisar i millorar les activitats i fites dels projectes amb l\u2019objectiu de construir col\u00b7lectivament els coneixements necessaris per comprendre el problema que dona lloc al projecte, posicionar-se i donar-li resposta a trav\u00e9s d&#8217;una acci\u00f3 transformadora.<\/span><\/p>\n<p><span style=\"font-weight: 400;\">\u00a0A partir d\u2019un seguit de criteris clau, l\u2019eina permet a\u00a0 les docents reflexionar de manera fonamentada sobre les intencions pedag\u00f2giques que justifiquen i orienten el disseny d\u2019aquest component del projecte, assegurant-ne la coher\u00e8ncia i el rigor pedag\u00f2gic.<\/span><\/p>\n<p><span style=\"font-weight: 400;\">Aquesta eina explicita\u00a0 com les activitats s\u2019organitzen en seq\u00fc\u00e8ncies que culminen en fites, i cada una d\u2019aquestes seq\u00fc\u00e8ncies es vincula a una pregunta connectora i, com a m\u00ednim, a un objectiu d\u2019aprenentatge.<\/span><\/p>\n<p><span style=\"font-weight: 400;\">Les fites constitueixen evid\u00e8ncies de l\u2019aprenentatge, ja que mostren el grau d&#8217;assoliment dels objectius d&#8217;aprenentatge per part de l&#8217;alumnat.<\/span><\/p>\n<p><span style=\"font-weight: 400;\">. Alhora, el disseny de les activitats respon a les diferents fases del cicle d\u2019aprenentatge i incorpora moments de reflexi\u00f3, conversa i regulaci\u00f3 del proc\u00e9s.<\/span><\/p>\n<h3><b>Per qu\u00e8 ens pot ser \u00fatil aquesta eina?<\/b><\/h3>\n<ul>\n<li style=\"font-weight: 400;\" aria-level=\"1\"><b>Per dissenyar<\/b><span style=\"font-weight: 400;\"> seq\u00fc\u00e8ncies d\u2019activitats coherents amb el prop\u00f2sit del projecte que permetin a l\u2019alumnat construir coneixement de manera progressiva, profunda\u00a0 i significativa.<\/span><\/li>\n<li style=\"font-weight: 400;\" aria-level=\"1\"><b>Per garantir <\/b><span style=\"font-weight: 400;\">la coher\u00e8ncia entre el prop\u00f2sit, les preguntes connectores, els objectius i activitats d&#8217;aprenentatge del projecte.<\/span><\/li>\n<li style=\"font-weight: 400;\" aria-level=\"1\"><b>Per incorporar el cicle de l\u2019aprenentatge <\/b><span style=\"font-weight: 400;\">en el disseny did\u00e0ctic, afavorint processos d\u2019exploraci\u00f3, construcci\u00f3, s\u00edntesi i aplicaci\u00f3.<\/span><\/li>\n<li style=\"font-weight: 400;\" aria-level=\"1\"><b>Per integrar<\/b><span style=\"font-weight: 400;\"> din\u00e0miques de treball col\u00b7laboratiu de l\u2019alumnat,\u00a0 conversa i aprenentatge entre iguals com a motor de construcci\u00f3 del coneixement.<\/span><\/li>\n<li style=\"font-weight: 400;\" aria-level=\"1\"><b>Per revisar i millorar de manera col\u00b7laborativa<\/b><span style=\"font-weight: 400;\"> les activitats i fites dels projectes, contribuint a la millora cont\u00ednua de la pr\u00e0ctica docent.<\/span><\/li>\n<\/ul>\n<p>&nbsp;<\/p>\n<p>Descarrega l&#8217;eina per al disseny, revisi\u00f3 i millora de les activitats i fites <a href=\"https:\/\/serveiseducatius.xtec.cat\/cesire\/wp-content\/uploads\/usu2650\/2026\/05\/eina-revisio-activitats.pdf\">AQU\u00cd<\/a><\/p>\n","protected":false},"excerpt":{"rendered":"<p>Aquesta eina al servei de les docents permet dissenyar, revisar i millorar les activitats i fites dels projectes amb l\u2019objectiu de construir col\u00b7lectivament els coneixements necessaris per comprendre el problema que dona lloc al projecte, posicionar-se i donar-li resposta a trav\u00e9s d&#8217;una acci\u00f3 transformadora.<br \/>\n&hellip;  <a href=\"https:\/\/serveiseducatius.xtec.cat\/cesire\/eina-per-al-disseny-revisio-i-millora-de-les-activitats-i-fites-dun-projecte-faig\/\" title=\"Read Eina per al disseny, revisi\u00f3 i millora de les activitats i fites d&#8217;un projecte FAIG\">Llegeix m\u00e9s\u00bb<\/a><\/p>\n","protected":false},"author":72,"featured_media":27896,"comment_status":"closed","ping_status":"open","sticky":false,"template":"","format":"standard","meta":{"_bbp_topic_count":0,"_bbp_reply_count":0,"_bbp_total_topic_count":0,"_bbp_total_reply_count":0,"_bbp_voice_count":0,"_bbp_anonymous_reply_count":0,"_bbp_topic_count_hidden":0,"_bbp_reply_count_hidden":0,"_bbp_forum_subforum_count":0,"footnotes":""},"categories":[580],"tags":[],"class_list":["post-27901","post","type-post","status-publish","format-standard","has-post-thumbnail","hentry","category-einesfaig"],"post_mailing_queue_ids":[],"_links":{"self":[{"href":"https:\/\/serveiseducatius.xtec.cat\/cesire\/wp-json\/wp\/v2\/posts\/27901","targetHints":{"allow":["GET"]}}],"collection":[{"href":"https:\/\/serveiseducatius.xtec.cat\/cesire\/wp-json\/wp\/v2\/posts"}],"about":[{"href":"https:\/\/serveiseducatius.xtec.cat\/cesire\/wp-json\/wp\/v2\/types\/post"}],"author":[{"embeddable":true,"href":"https:\/\/serveiseducatius.xtec.cat\/cesire\/wp-json\/wp\/v2\/users\/72"}],"replies":[{"embeddable":true,"href":"https:\/\/serveiseducatius.xtec.cat\/cesire\/wp-json\/wp\/v2\/comments?post=27901"}],"version-history":[{"count":4,"href":"https:\/\/serveiseducatius.xtec.cat\/cesire\/wp-json\/wp\/v2\/posts\/27901\/revisions"}],"predecessor-version":[{"id":27919,"href":"https:\/\/serveiseducatius.xtec.cat\/cesire\/wp-json\/wp\/v2\/posts\/27901\/revisions\/27919"}],"wp:featuredmedia":[{"embeddable":true,"href":"https:\/\/serveiseducatius.xtec.cat\/cesire\/wp-json\/wp\/v2\/media\/27896"}],"wp:attachment":[{"href":"https:\/\/serveiseducatius.xtec.cat\/cesire\/wp-json\/wp\/v2\/media?parent=27901"}],"wp:term":[{"taxonomy":"category","embeddable":true,"href":"https:\/\/serveiseducatius.xtec.cat\/cesire\/wp-json\/wp\/v2\/categories?post=27901"},{"taxonomy":"post_tag","embeddable":true,"href":"https:\/\/serveiseducatius.xtec.cat\/cesire\/wp-json\/wp\/v2\/tags?post=27901"}],"curies":[{"name":"wp","href":"https:\/\/api.w.org\/{rel}","templated":true}]}}