{"id":27842,"date":"2025-11-05T17:10:48","date_gmt":"2025-11-05T16:10:48","guid":{"rendered":"https:\/\/serveiseducatius.xtec.cat\/cesire\/?p=27842"},"modified":"2026-04-20T14:23:48","modified_gmt":"2026-04-20T12:23:48","slug":"capsula-com-possibilitem-la-creacio-de-productes-dalta-qualitat-amb-impacte-en-les-nostres-comunitats","status":"publish","type":"post","link":"https:\/\/serveiseducatius.xtec.cat\/cesire\/capsula-com-possibilitem-la-creacio-de-productes-dalta-qualitat-amb-impacte-en-les-nostres-comunitats\/","title":{"rendered":"C\u00e0psula: Com possibilitem la creaci\u00f3 de productes d\u2019alta qualitat amb impacte en les nostres comunitats?"},"content":{"rendered":"<p><iframe loading=\"lazy\" title=\"YouTube video player\" src=\"\/\/www.youtube.com\/embed\/rmUhhSiWEm4?si=lhGuSviEzBxywnri\" width=\"560\" height=\"315\" frameborder=\"0\" allowfullscreen=\"allowfullscreen\"><\/iframe><\/p>\n<p><span style=\"font-weight: 400;\">En aquesta c\u00e0psula formativa del programa FAIG aprofundim en com possibilitar la creaci\u00f3 de productes d\u2019alta qualitat amb impacte real en les nostres comunitats.<\/span><\/p>\n<p><span style=\"font-weight: 400;\">A partir del marc de refer\u00e8ncia de l\u2019aprenentatge amb sentit, reflexionem sobre el valor de generar obres significatives que connectin amb el m\u00f3n real. Explorem com dissenyar projectes educatius en qu\u00e8 l\u2019alumnat sigui protagonista del proc\u00e9s creatiu, desenvolupant propostes genu\u00efnes, rellevants i de qualitat, des d\u2019una mirada aut\u00f2noma i reflexiva.<\/span><\/p>\n<p><span style=\"font-weight: 400;\">Analitzem tamb\u00e9 com aquests processos contribueixen a donar profunditat als aprenentatges i a generar un impacte m\u00e9s enll\u00e0 de l\u2019aula, refor\u00e7ant el vincle entre escola i comunitat.<\/span><\/p>\n<p><span style=\"font-weight: 400;\">La c\u00e0psula inclou l\u2019experi\u00e8ncia de l\u2019escola Parc del Saladar, que comparteix com integra el proc\u00e9s creatiu en els seus projectes per fer possibles obres amb impacte.<\/span><\/p>\n<p><span style=\"font-weight: 400;\">Una invitaci\u00f3 a repensar com acompanyem l\u2019alumnat en la creaci\u00f3 de productes amb sentit, qualitat i capacitat transformadora.<\/span><\/p>\n","protected":false},"excerpt":{"rendered":"<p>En aquesta c\u00e0psula formativa del programa FAIG aprofundim en com possibilitar la creaci\u00f3 de productes d\u2019alta qualitat amb impacte real en les nostres comunitats.<br \/>\nA partir del marc de refer\u00e8ncia de l\u2019aprenentatge amb sentit, reflexionem sobre el valor de generar obres significatives que connectin amb el&hellip;  <a href=\"https:\/\/serveiseducatius.xtec.cat\/cesire\/capsula-com-possibilitem-la-creacio-de-productes-dalta-qualitat-amb-impacte-en-les-nostres-comunitats\/\" title=\"Read C\u00e0psula: Com possibilitem la creaci\u00f3 de productes d\u2019alta qualitat amb impacte en les nostres comunitats?\">Llegeix m\u00e9s\u00bb<\/a><\/p>\n","protected":false},"author":72,"featured_media":27843,"comment_status":"closed","ping_status":"open","sticky":false,"template":"","format":"standard","meta":{"_bbp_topic_count":0,"_bbp_reply_count":0,"_bbp_total_topic_count":0,"_bbp_total_reply_count":0,"_bbp_voice_count":0,"_bbp_anonymous_reply_count":0,"_bbp_topic_count_hidden":0,"_bbp_reply_count_hidden":0,"_bbp_forum_subforum_count":0,"footnotes":""},"categories":[581],"tags":[],"class_list":["post-27842","post","type-post","status-publish","format-standard","has-post-thumbnail","hentry","category-recursosfaig"],"post_mailing_queue_ids":[],"_links":{"self":[{"href":"https:\/\/serveiseducatius.xtec.cat\/cesire\/wp-json\/wp\/v2\/posts\/27842","targetHints":{"allow":["GET"]}}],"collection":[{"href":"https:\/\/serveiseducatius.xtec.cat\/cesire\/wp-json\/wp\/v2\/posts"}],"about":[{"href":"https:\/\/serveiseducatius.xtec.cat\/cesire\/wp-json\/wp\/v2\/types\/post"}],"author":[{"embeddable":true,"href":"https:\/\/serveiseducatius.xtec.cat\/cesire\/wp-json\/wp\/v2\/users\/72"}],"replies":[{"embeddable":true,"href":"https:\/\/serveiseducatius.xtec.cat\/cesire\/wp-json\/wp\/v2\/comments?post=27842"}],"version-history":[{"count":3,"href":"https:\/\/serveiseducatius.xtec.cat\/cesire\/wp-json\/wp\/v2\/posts\/27842\/revisions"}],"predecessor-version":[{"id":27861,"href":"https:\/\/serveiseducatius.xtec.cat\/cesire\/wp-json\/wp\/v2\/posts\/27842\/revisions\/27861"}],"wp:featuredmedia":[{"embeddable":true,"href":"https:\/\/serveiseducatius.xtec.cat\/cesire\/wp-json\/wp\/v2\/media\/27843"}],"wp:attachment":[{"href":"https:\/\/serveiseducatius.xtec.cat\/cesire\/wp-json\/wp\/v2\/media?parent=27842"}],"wp:term":[{"taxonomy":"category","embeddable":true,"href":"https:\/\/serveiseducatius.xtec.cat\/cesire\/wp-json\/wp\/v2\/categories?post=27842"},{"taxonomy":"post_tag","embeddable":true,"href":"https:\/\/serveiseducatius.xtec.cat\/cesire\/wp-json\/wp\/v2\/tags?post=27842"}],"curies":[{"name":"wp","href":"https:\/\/api.w.org\/{rel}","templated":true}]}}