{"id":27838,"date":"2025-11-02T17:06:22","date_gmt":"2025-11-02T16:06:22","guid":{"rendered":"https:\/\/serveiseducatius.xtec.cat\/cesire\/?p=27838"},"modified":"2026-04-20T12:36:48","modified_gmt":"2026-04-20T10:36:48","slug":"capsula-com-compartim-el-relat-dels-nostres-projectes-i-en-rebem-retroalimentacio","status":"publish","type":"post","link":"https:\/\/serveiseducatius.xtec.cat\/cesire\/capsula-com-compartim-el-relat-dels-nostres-projectes-i-en-rebem-retroalimentacio\/","title":{"rendered":"C\u00e0psula: Com compartim el relat dels nostres projectes i en rebem retroalimentaci\u00f3?"},"content":{"rendered":"<p><iframe loading=\"lazy\" title=\"YouTube video player\" src=\"\/\/www.youtube.com\/embed\/2Yz1YvOAMJs?si=kD-7VBiLNe9bb-PR\" width=\"560\" height=\"315\" frameborder=\"0\" allowfullscreen=\"allowfullscreen\"><\/iframe><\/p>\n<p><span style=\"font-weight: 400;\">En aquesta c\u00e0psula formativa del programa FAIG explorem com compartir el relat dels projectes educatius i com generar espais de retroalimentaci\u00f3 significativa.<\/span><\/p>\n<p><span style=\"font-weight: 400;\">A partir del marc de refer\u00e8ncia de l\u2019aprenentatge amb sentit, aprofundim en el paper de les exhibicions de projectes protagonitzades per l\u2019alumnat com a oportunitats per donar visibilitat als aprenentatges i connectar-los amb la comunitat. Reflexionem sobre com aquestes experi\u00e8ncies afavoreixen la comunicaci\u00f3, la valoraci\u00f3 del proc\u00e9s i la construcci\u00f3 de significat.<\/span><\/p>\n<p><span style=\"font-weight: 400;\">La c\u00e0psula recull l\u2019experi\u00e8ncia de l\u2019Escola Sant Ll\u00e0tzer i de l\u2019Institut Marta Estrada, que comparteixen com organitzen exhibicions p\u00fabliques dels seus projectes i quin impacte tenen en l\u2019alumnat i en la comunitat educativa.<\/span><\/p>\n<p><span style=\"font-weight: 400;\">Tamb\u00e9 coneixem diferents eines, estrat\u00e8gies i recursos del programa FAIG que faciliten la difusi\u00f3 dels projectes i la recollida de retroalimentaci\u00f3 de qualitat.<\/span><\/p>\n<p><span style=\"font-weight: 400;\">Una invitaci\u00f3 a repensar com expliquem all\u00f2 que aprenem i com la mirada dels altres ens ajuda a continuar creixent.<\/span><\/p>\n","protected":false},"excerpt":{"rendered":"<p>En aquesta c\u00e0psula formativa del programa FAIG explorem com compartir el relat dels projectes educatius i com generar espais de retroalimentaci\u00f3 significativa.<\/p>\n<p>A partir del marc de refer\u00e8ncia de l\u2019aprenentatge amb sentit, aprofundim en el paper de les exhibicions de projectes protagonitzades per l\u2019alumnat com a oportunitats per donar visibilitat als aprenentatges i connectar-los amb la comunitat. Reflexionem sobre com aquestes experi\u00e8ncies afavoreixen la comunicaci\u00f3, la valoraci\u00f3 del proc\u00e9s i la construcci\u00f3 de significat.&hellip;  <a href=\"https:\/\/serveiseducatius.xtec.cat\/cesire\/capsula-com-compartim-el-relat-dels-nostres-projectes-i-en-rebem-retroalimentacio\/\" title=\"Read C\u00e0psula: Com compartim el relat dels nostres projectes i en rebem retroalimentaci\u00f3?\">Llegeix m\u00e9s\u00bb<\/a><\/p>\n","protected":false},"author":72,"featured_media":27839,"comment_status":"closed","ping_status":"open","sticky":false,"template":"","format":"standard","meta":{"_bbp_topic_count":0,"_bbp_reply_count":0,"_bbp_total_topic_count":0,"_bbp_total_reply_count":0,"_bbp_voice_count":0,"_bbp_anonymous_reply_count":0,"_bbp_topic_count_hidden":0,"_bbp_reply_count_hidden":0,"_bbp_forum_subforum_count":0,"footnotes":""},"categories":[581],"tags":[],"class_list":["post-27838","post","type-post","status-publish","format-standard","has-post-thumbnail","hentry","category-recursosfaig"],"post_mailing_queue_ids":[],"_links":{"self":[{"href":"https:\/\/serveiseducatius.xtec.cat\/cesire\/wp-json\/wp\/v2\/posts\/27838","targetHints":{"allow":["GET"]}}],"collection":[{"href":"https:\/\/serveiseducatius.xtec.cat\/cesire\/wp-json\/wp\/v2\/posts"}],"about":[{"href":"https:\/\/serveiseducatius.xtec.cat\/cesire\/wp-json\/wp\/v2\/types\/post"}],"author":[{"embeddable":true,"href":"https:\/\/serveiseducatius.xtec.cat\/cesire\/wp-json\/wp\/v2\/users\/72"}],"replies":[{"embeddable":true,"href":"https:\/\/serveiseducatius.xtec.cat\/cesire\/wp-json\/wp\/v2\/comments?post=27838"}],"version-history":[{"count":1,"href":"https:\/\/serveiseducatius.xtec.cat\/cesire\/wp-json\/wp\/v2\/posts\/27838\/revisions"}],"predecessor-version":[{"id":27840,"href":"https:\/\/serveiseducatius.xtec.cat\/cesire\/wp-json\/wp\/v2\/posts\/27838\/revisions\/27840"}],"wp:featuredmedia":[{"embeddable":true,"href":"https:\/\/serveiseducatius.xtec.cat\/cesire\/wp-json\/wp\/v2\/media\/27839"}],"wp:attachment":[{"href":"https:\/\/serveiseducatius.xtec.cat\/cesire\/wp-json\/wp\/v2\/media?parent=27838"}],"wp:term":[{"taxonomy":"category","embeddable":true,"href":"https:\/\/serveiseducatius.xtec.cat\/cesire\/wp-json\/wp\/v2\/categories?post=27838"},{"taxonomy":"post_tag","embeddable":true,"href":"https:\/\/serveiseducatius.xtec.cat\/cesire\/wp-json\/wp\/v2\/tags?post=27838"}],"curies":[{"name":"wp","href":"https:\/\/api.w.org\/{rel}","templated":true}]}}