{"id":27829,"date":"2025-10-31T13:26:16","date_gmt":"2025-10-31T12:26:16","guid":{"rendered":"https:\/\/serveiseducatius.xtec.cat\/cesire\/?p=27829"},"modified":"2026-04-17T14:00:32","modified_gmt":"2026-04-17T12:00:32","slug":"capsula-com-impulsem-laprenentatge-amb-sentit-a-traves-de-les-bones-preguntes","status":"publish","type":"post","link":"https:\/\/serveiseducatius.xtec.cat\/cesire\/capsula-com-impulsem-laprenentatge-amb-sentit-a-traves-de-les-bones-preguntes\/","title":{"rendered":"C\u00e0psula: Com impulsem l\u2019aprenentatge amb sentit a trav\u00e9s de les bones preguntes?"},"content":{"rendered":"<p><iframe loading=\"lazy\" title=\"YouTube video player\" src=\"\/\/www.youtube.com\/embed\/dylDdn9nk44?si=2ODvXhQw0ViFJuJp\" width=\"560\" height=\"315\" frameborder=\"0\" allowfullscreen=\"allowfullscreen\"><\/iframe><\/p>\n<p><span style=\"font-weight: 400;\">En aquesta c\u00e0psula formativa del programa FAIG aprofundim en el poder de les bones preguntes com a motor de l\u2019aprenentatge amb sentit.<\/span><\/p>\n<p><span style=\"font-weight: 400;\">A partir del marc de refer\u00e8ncia de l\u2019aprenentatge amb sentit, explorem el paper fonamental de les preguntes dins dels projectes educatius, posant el focus en la pregunta essencial i les preguntes connectores. Analitzem com aquestes orienten el proc\u00e9s d\u2019aprenentatge, desperten la curiositat i ajuden l\u2019alumnat a construir significats i establir connexions rellevants.<\/span><\/p>\n<p><span style=\"font-weight: 400;\">La c\u00e0psula inclou l\u2019experi\u00e8ncia de l\u2019Institut Escola Els 30 passos, que comparteix com integra les bones preguntes en el disseny i desenvolupament dels seus projectes.<\/span><\/p>\n<p><span style=\"font-weight: 400;\">Tamb\u00e9 coneixem diferents eines i recursos del programa FAIG que faciliten la creaci\u00f3 de preguntes potents i significatives per impulsar projectes amb profunditat i coher\u00e8ncia.<\/span><\/p>\n<p><span style=\"font-weight: 400;\">Una invitaci\u00f3 a repensar com les preguntes poden transformar l\u2019aprenentatge i esdevenir el punt de partida de processos educatius m\u00e9s significatius.<\/span><\/p>\n","protected":false},"excerpt":{"rendered":"<p>En aquesta c\u00e0psula formativa del programa FAIG aprofundim en el poder de les bones preguntes com a motor de l\u2019aprenentatge amb sentit.<br \/>\nLa c\u00e0psula inclou l\u2019experi\u00e8ncia de l\u2019Institut Escola Els 30 passos, que comparteix com integra les bones preguntes en el disseny i desenvolupament dels seus projectes.&hellip;  <a href=\"https:\/\/serveiseducatius.xtec.cat\/cesire\/capsula-com-impulsem-laprenentatge-amb-sentit-a-traves-de-les-bones-preguntes\/\" title=\"Read C\u00e0psula: Com impulsem l\u2019aprenentatge amb sentit a trav\u00e9s de les bones preguntes?\">Llegeix m\u00e9s\u00bb<\/a><\/p>\n","protected":false},"author":72,"featured_media":27830,"comment_status":"closed","ping_status":"open","sticky":false,"template":"","format":"standard","meta":{"_bbp_topic_count":0,"_bbp_reply_count":0,"_bbp_total_topic_count":0,"_bbp_total_reply_count":0,"_bbp_voice_count":0,"_bbp_anonymous_reply_count":0,"_bbp_topic_count_hidden":0,"_bbp_reply_count_hidden":0,"_bbp_forum_subforum_count":0,"footnotes":""},"categories":[581],"tags":[],"class_list":["post-27829","post","type-post","status-publish","format-standard","has-post-thumbnail","hentry","category-recursosfaig"],"post_mailing_queue_ids":[],"_links":{"self":[{"href":"https:\/\/serveiseducatius.xtec.cat\/cesire\/wp-json\/wp\/v2\/posts\/27829","targetHints":{"allow":["GET"]}}],"collection":[{"href":"https:\/\/serveiseducatius.xtec.cat\/cesire\/wp-json\/wp\/v2\/posts"}],"about":[{"href":"https:\/\/serveiseducatius.xtec.cat\/cesire\/wp-json\/wp\/v2\/types\/post"}],"author":[{"embeddable":true,"href":"https:\/\/serveiseducatius.xtec.cat\/cesire\/wp-json\/wp\/v2\/users\/72"}],"replies":[{"embeddable":true,"href":"https:\/\/serveiseducatius.xtec.cat\/cesire\/wp-json\/wp\/v2\/comments?post=27829"}],"version-history":[{"count":3,"href":"https:\/\/serveiseducatius.xtec.cat\/cesire\/wp-json\/wp\/v2\/posts\/27829\/revisions"}],"predecessor-version":[{"id":27832,"href":"https:\/\/serveiseducatius.xtec.cat\/cesire\/wp-json\/wp\/v2\/posts\/27829\/revisions\/27832"}],"wp:featuredmedia":[{"embeddable":true,"href":"https:\/\/serveiseducatius.xtec.cat\/cesire\/wp-json\/wp\/v2\/media\/27830"}],"wp:attachment":[{"href":"https:\/\/serveiseducatius.xtec.cat\/cesire\/wp-json\/wp\/v2\/media?parent=27829"}],"wp:term":[{"taxonomy":"category","embeddable":true,"href":"https:\/\/serveiseducatius.xtec.cat\/cesire\/wp-json\/wp\/v2\/categories?post=27829"},{"taxonomy":"post_tag","embeddable":true,"href":"https:\/\/serveiseducatius.xtec.cat\/cesire\/wp-json\/wp\/v2\/tags?post=27829"}],"curies":[{"name":"wp","href":"https:\/\/api.w.org\/{rel}","templated":true}]}}