{"id":27289,"date":"2025-11-19T11:58:39","date_gmt":"2025-11-19T10:58:39","guid":{"rendered":"https:\/\/serveiseducatius.xtec.cat\/cesire\/?p=27289"},"modified":"2025-11-19T11:58:39","modified_gmt":"2025-11-19T10:58:39","slug":"xix-sessio-oberta-del-cercle-de-mestres-abeam-els-mestres-fem-matematiques-fm-26","status":"publish","type":"post","link":"https:\/\/serveiseducatius.xtec.cat\/cesire\/xix-sessio-oberta-del-cercle-de-mestres-abeam-els-mestres-fem-matematiques-fm-26\/","title":{"rendered":"XIX sessi\u00f3 oberta del Cercle de mestres ABEAM: Els mestres fem matem\u00e0tiques. FM 26"},"content":{"rendered":"<p dir=\"ltr\">Sessi\u00f3 trobada presencial:\u00a0<strong>ELS MESTRES FEM MATEM\u00c0TIQUES. FM26<\/strong> (des de 5\u00e8 a 1r ESO)<\/p>\n<ul>\n<li dir=\"ltr\"><strong>Dia:<\/strong> Dimecres 26 de novembre del 2025<\/li>\n<li dir=\"ltr\"><strong>Hora:<\/strong> 17:45 a 19:30<\/li>\n<li dir=\"ltr\"><strong>Lloc:<\/strong> Aula 003 (planta baixa) de la FME de la UPC C\/Pau Gargallo 14, Barcelona.<\/li>\n<\/ul>\n<p dir=\"ltr\">El Cercle de mestres d\u2019ABEAM obre les portes a tots els mestres a fer problemes del FEM MATEM\u00c0TIQUES. Perqu\u00e8 quan els mestres fem matem\u00e0tiques, la probabilitat que els infants facin matem\u00e0tiques creix.<\/p>\n<p dir=\"ltr\"><strong>Objectius:<\/strong><\/p>\n<ul>\n<li dir=\"ltr\">Fer problemes del <a href=\"https:\/\/fm.feemcat.org\/feemcat\/\" target=\"_blank\" rel=\"noopener\" data-saferedirecturl=\"https:\/\/www.google.com\/url?q=https:\/\/fm.feemcat.org\/feemcat\/&amp;source=gmail&amp;ust=1763453042891000&amp;usg=AOvVaw3lJd-llmwfsbxuvG5royoV\">FEM MATEM\u00c0TIQUES<\/a>.<\/li>\n<li dir=\"ltr\">Analitzar diferents resolucions, raonaments, representacions, connexions que generen els problemes presentats; aix\u00ed com els sabers que hi ha impl\u00edcits.<\/li>\n<li dir=\"ltr\">Discutir sobre la gesti\u00f3 d\u2019aula en la resoluci\u00f3 de problemes: experimentaci\u00f3, conversa, treball en grup, informe escrit\u2026<\/li>\n<li dir=\"ltr\">Relacionar la resoluci\u00f3 de problemes de FEM MATEM\u00c0TIQUES amb el fer quotidi\u00e0 a classe de matem\u00e0tiques.<\/li>\n<\/ul>\n<p dir=\"ltr\">Us animem a tots aquells que estigueu interessats a portar a l&#8217;aula problemes rics i competencials que construeixen coneixement i vulguin introduint-se en el concurs i\u00a0tamb\u00e9, la recomanem a tots aquells docents que estiguin interessats en la did\u00e0ctica de les matem\u00e0tiques o en ser impulsors de les matem\u00e0tiques en els seus centres.<\/p>\n<p dir=\"ltr\">La sessi\u00f3 \u00e9s <strong>gratu\u00efta i oberta a tothom<\/strong>, per\u00f2 cal inscripci\u00f3 pr\u00e8via per q\u00fcestions organitzatives.<\/p>\n<p dir=\"ltr\"><strong>Formulari d&#8217;inscripci\u00f3:\u00a0<\/strong><a href=\"https:\/\/forms.gle\/dtGpWXZ44VxpcCwB9\" target=\"_blank\" rel=\"noopener\" data-saferedirecturl=\"https:\/\/www.google.com\/url?q=https:\/\/forms.gle\/dtGpWXZ44VxpcCwB9&amp;source=gmail&amp;ust=1763453042891000&amp;usg=AOvVaw1JoCWrQdCTd1i4hqVEPJyL\">Inscripci\u00f3 a la XIX sessi\u00f3 Cercle de mestres ABEAM<\/a><\/p>\n","protected":false},"excerpt":{"rendered":"<p>Sessi\u00f3 trobada presencial:\u00a0ELS MESTRES FEM MATEM\u00c0TIQUES. FM26 (des de 5\u00e8 a 1r ESO)<\/p>\n<ul>\n<li dir=\"ltr\">Dia: Dimecres 26 de novembre del 2025<\/li>\n<li dir=\"ltr\">Hora: 17:45 a 19:30<\/li>\n<li dir=\"ltr\">Lloc: Aula 003 (planta baixa) de la FME de la UPC C\/Pau Gargallo 14, Barcelona.<\/li>\n<\/ul>\n<p>El Cercle de mestres d\u2019ABEAM obre les&hellip;  <a href=\"https:\/\/serveiseducatius.xtec.cat\/cesire\/xix-sessio-oberta-del-cercle-de-mestres-abeam-els-mestres-fem-matematiques-fm-26\/\" title=\"Read XIX sessi\u00f3 oberta del Cercle de mestres ABEAM: Els mestres fem matem\u00e0tiques. FM 26\">Llegeix m\u00e9s\u00bb<\/a><\/p>\n","protected":false},"author":67,"featured_media":26552,"comment_status":"closed","ping_status":"open","sticky":false,"template":"","format":"standard","meta":{"_bbp_topic_count":0,"_bbp_reply_count":0,"_bbp_total_topic_count":0,"_bbp_total_reply_count":0,"_bbp_voice_count":0,"_bbp_anonymous_reply_count":0,"_bbp_topic_count_hidden":0,"_bbp_reply_count_hidden":0,"_bbp_forum_subforum_count":0,"footnotes":""},"categories":[1,488],"tags":[],"class_list":["post-27289","post","type-post","status-publish","format-standard","has-post-thumbnail","hentry","category-general","category-matematiques"],"post_mailing_queue_ids":[],"_links":{"self":[{"href":"https:\/\/serveiseducatius.xtec.cat\/cesire\/wp-json\/wp\/v2\/posts\/27289","targetHints":{"allow":["GET"]}}],"collection":[{"href":"https:\/\/serveiseducatius.xtec.cat\/cesire\/wp-json\/wp\/v2\/posts"}],"about":[{"href":"https:\/\/serveiseducatius.xtec.cat\/cesire\/wp-json\/wp\/v2\/types\/post"}],"author":[{"embeddable":true,"href":"https:\/\/serveiseducatius.xtec.cat\/cesire\/wp-json\/wp\/v2\/users\/67"}],"replies":[{"embeddable":true,"href":"https:\/\/serveiseducatius.xtec.cat\/cesire\/wp-json\/wp\/v2\/comments?post=27289"}],"version-history":[{"count":1,"href":"https:\/\/serveiseducatius.xtec.cat\/cesire\/wp-json\/wp\/v2\/posts\/27289\/revisions"}],"predecessor-version":[{"id":27290,"href":"https:\/\/serveiseducatius.xtec.cat\/cesire\/wp-json\/wp\/v2\/posts\/27289\/revisions\/27290"}],"wp:featuredmedia":[{"embeddable":true,"href":"https:\/\/serveiseducatius.xtec.cat\/cesire\/wp-json\/wp\/v2\/media\/26552"}],"wp:attachment":[{"href":"https:\/\/serveiseducatius.xtec.cat\/cesire\/wp-json\/wp\/v2\/media?parent=27289"}],"wp:term":[{"taxonomy":"category","embeddable":true,"href":"https:\/\/serveiseducatius.xtec.cat\/cesire\/wp-json\/wp\/v2\/categories?post=27289"},{"taxonomy":"post_tag","embeddable":true,"href":"https:\/\/serveiseducatius.xtec.cat\/cesire\/wp-json\/wp\/v2\/tags?post=27289"}],"curies":[{"name":"wp","href":"https:\/\/api.w.org\/{rel}","templated":true}]}}