{"id":26631,"date":"2025-04-10T11:14:38","date_gmt":"2025-04-10T09:14:38","guid":{"rendered":"https:\/\/serveiseducatius.xtec.cat\/cesire\/?p=26631"},"modified":"2025-04-11T11:09:11","modified_gmt":"2025-04-11T09:09:11","slug":"orientacions-curriculars-de-matematiques","status":"publish","type":"post","link":"https:\/\/serveiseducatius.xtec.cat\/cesire\/orientacions-curriculars-de-matematiques\/","title":{"rendered":"Orientacions curriculars de matem\u00e0tiques"},"content":{"rendered":"<p><a href=\"https:\/\/projectes.xtec.cat\/nou-curriculum\/\" target=\"_blank\" rel=\"noopener\"><img loading=\"lazy\" decoding=\"async\" class=\"aligncenter wp-image-26634\" src=\"https:\/\/serveiseducatius.xtec.cat\/cesire\/wp-content\/uploads\/usu2650\/2025\/04\/mates-llengua.jpg\" alt=\"\" width=\"527\" height=\"242\" srcset=\"https:\/\/serveiseducatius.xtec.cat\/cesire\/wp-content\/uploads\/usu2650\/2025\/04\/mates-llengua.jpg 695w, https:\/\/serveiseducatius.xtec.cat\/cesire\/wp-content\/uploads\/usu2650\/2025\/04\/mates-llengua-300x138.jpg 300w\" sizes=\"auto, (max-width: 527px) 100vw, 527px\" \/><\/a><\/p>\n<p>Ja estan disponibles les <strong>orientacions curriculars<\/strong> de matem\u00e0tiques i llengua de l&#8217;educaci\u00f3 b\u00e0sica. Es tracta d&#8217;<span style=\"font-weight: 400;\">una <strong>proposta de concreci\u00f3 i seq\u00fcenciaci\u00f3 dels sabers<\/strong> d\u2019aquestes dues \u00e0rees presentats per cicles a l\u2019<strong>educaci\u00f3 prim\u00e0ria<\/strong> i per cursos a l\u2019<strong>educaci\u00f3 secund\u00e0ria,<\/strong> aix\u00ed com recomanacions, recursos did\u00e0ctics i activitats que poden servir de modelatge de l&#8217;actuaci\u00f3 a l&#8217;aula. <\/span><\/p>\n<p><span style=\"font-weight: 400;\">Trobareu tota la informaci\u00f3 i les orientacions a la web de <a href=\"https:\/\/projectes.xtec.cat\/nou-curriculum\/\" target=\"_blank\" rel=\"noopener\">Nou curr\u00edculum.\u00a0<\/a><\/span><\/p>\n<p>&nbsp;<\/p>\n<p>&nbsp;<\/p>\n<p>&nbsp;<\/p>\n<p>.<\/p>\n","protected":false},"excerpt":{"rendered":"<p><a href=\"https:\/\/projectes.xtec.cat\/nou-curriculum\/\" target=\"_blank\" rel=\"noopener\"><\/a><br \/>\nJa estan disponibles les orientacions curriculars de matem\u00e0tiques i llengua de l&#8217;educaci\u00f3 b\u00e0sica. Es tracta d&#8217;una proposta de concreci\u00f3 i seq\u00fcenciaci\u00f3 dels sabers d\u2019aquestes dues \u00e0rees presentats per cicles a l\u2019educaci\u00f3 prim\u00e0ria i per cursos a l\u2019educaci\u00f3 secund\u00e0ria, aix\u00ed com recomanacions, recursos&hellip;  <a href=\"https:\/\/serveiseducatius.xtec.cat\/cesire\/orientacions-curriculars-de-matematiques\/\" title=\"Read Orientacions curriculars de matem\u00e0tiques\">Llegeix m\u00e9s\u00bb<\/a><\/p>\n","protected":false},"author":67,"featured_media":26638,"comment_status":"closed","ping_status":"closed","sticky":false,"template":"","format":"standard","meta":{"_bbp_topic_count":0,"_bbp_reply_count":0,"_bbp_total_topic_count":0,"_bbp_total_reply_count":0,"_bbp_voice_count":0,"_bbp_anonymous_reply_count":0,"_bbp_topic_count_hidden":0,"_bbp_reply_count_hidden":0,"_bbp_forum_subforum_count":0,"footnotes":""},"categories":[488,29],"tags":[41],"class_list":["post-26631","post","type-post","status-publish","format-standard","has-post-thumbnail","hentry","category-matematiques","category-portada","tag-matematiques"],"post_mailing_queue_ids":[],"_links":{"self":[{"href":"https:\/\/serveiseducatius.xtec.cat\/cesire\/wp-json\/wp\/v2\/posts\/26631","targetHints":{"allow":["GET"]}}],"collection":[{"href":"https:\/\/serveiseducatius.xtec.cat\/cesire\/wp-json\/wp\/v2\/posts"}],"about":[{"href":"https:\/\/serveiseducatius.xtec.cat\/cesire\/wp-json\/wp\/v2\/types\/post"}],"author":[{"embeddable":true,"href":"https:\/\/serveiseducatius.xtec.cat\/cesire\/wp-json\/wp\/v2\/users\/67"}],"replies":[{"embeddable":true,"href":"https:\/\/serveiseducatius.xtec.cat\/cesire\/wp-json\/wp\/v2\/comments?post=26631"}],"version-history":[{"count":4,"href":"https:\/\/serveiseducatius.xtec.cat\/cesire\/wp-json\/wp\/v2\/posts\/26631\/revisions"}],"predecessor-version":[{"id":26651,"href":"https:\/\/serveiseducatius.xtec.cat\/cesire\/wp-json\/wp\/v2\/posts\/26631\/revisions\/26651"}],"wp:featuredmedia":[{"embeddable":true,"href":"https:\/\/serveiseducatius.xtec.cat\/cesire\/wp-json\/wp\/v2\/media\/26638"}],"wp:attachment":[{"href":"https:\/\/serveiseducatius.xtec.cat\/cesire\/wp-json\/wp\/v2\/media?parent=26631"}],"wp:term":[{"taxonomy":"category","embeddable":true,"href":"https:\/\/serveiseducatius.xtec.cat\/cesire\/wp-json\/wp\/v2\/categories?post=26631"},{"taxonomy":"post_tag","embeddable":true,"href":"https:\/\/serveiseducatius.xtec.cat\/cesire\/wp-json\/wp\/v2\/tags?post=26631"}],"curies":[{"name":"wp","href":"https:\/\/api.w.org\/{rel}","templated":true}]}}