{"id":25700,"date":"2024-03-14T19:22:25","date_gmt":"2024-03-14T18:22:25","guid":{"rendered":"https:\/\/serveiseducatius.xtec.cat\/cesire\/?p=25700"},"modified":"2024-06-05T12:53:57","modified_gmt":"2024-06-05T10:53:57","slug":"butlleti-del-creamat-marc-2024","status":"publish","type":"post","link":"https:\/\/serveiseducatius.xtec.cat\/cesire\/butlleti-del-creamat-marc-2024\/","title":{"rendered":"Butllet\u00ed del CREAMAT. Mar\u00e7 2024"},"content":{"rendered":"<div class=\"moz-text-html\" lang=\"x-unicode\">\n<div>\n<div style=\"background: #FFFFFF; background-color: #ffffff; margin: 0px auto; max-width: 800px;\">\n<table style=\"background: #FFFFFF; background-color: #ffffff; width: 100%;\" role=\"presentation\" border=\"0\" cellspacing=\"0\" cellpadding=\"0\" align=\"center\">\n<tbody>\n<tr>\n<td style=\"direction: ltr; font-size: 0px; padding: 20px 0; text-align: center;\"><!-- [if mso | IE]>\n\n\n<table role=\"presentation\" border=\"0\" cellpadding=\"0\" cellspacing=\"0\">\n\n\n<tr>\n\n\n<td class=\"\" style=\"vertical-align:top;width:800px;\" ><![endif]--><\/p>\n<div class=\"mj-column-per-100 mj-outlook-group-fix\" style=\"font-size: 0px; text-align: left; direction: ltr; display: inline-block; vertical-align: top; width: 100%;\">\n<table style=\"vertical-align: top;\" role=\"presentation\" border=\"0\" width=\"100%\" cellspacing=\"0\" cellpadding=\"0\">\n<tbody>\n<tr>\n<td style=\"font-size: 0px; padding: 10px 25px; word-break: break-word;\" align=\"center\">\n<table style=\"border-collapse: collapse; border-spacing: 0px;\" role=\"presentation\" border=\"0\" cellspacing=\"0\" cellpadding=\"0\">\n<tbody>\n<tr>\n<td style=\"width: 750px;\"><img decoding=\"async\" style=\"border: 0; display: block; outline: none; text-decoration: none; height: auto; width: 100%; font-size: 13px;\" src=\"https:\/\/serveiseducatius.xtec.cat\/cesire\/wp-content\/uploads\/usu2650\/2023\/12\/CreaMat_Butlleti_800.jpg\" width=\"750\" height=\"auto\" \/><\/td>\n<\/tr>\n<\/tbody>\n<\/table>\n<\/td>\n<\/tr>\n<\/tbody>\n<\/table>\n<\/div>\n<p><!-- [if mso | IE]><\/td>\n\n\n<\/tr>\n\n\n<\/table>\n\n\n<![endif]--><\/td>\n<\/tr>\n<\/tbody>\n<\/table>\n<\/div>\n<p><!-- [if mso | IE]><\/td>\n\n\n<\/tr>\n\n\n<\/table>\n\n\n\n\n<table align=\"center\" border=\"0\" cellpadding=\"0\" cellspacing=\"0\" class=\"\" role=\"presentation\" style=\"width:800px;\" width=\"800\" bgcolor=\"#FFFFFF\" >\n\n\n<tr>\n\n\n<td style=\"line-height:0px;font-size:0px;mso-line-height-rule:exactly;\"><![endif]--><\/p>\n<div style=\"background: #FFFFFF; background-color: #ffffff; margin: 0px auto; max-width: 800px;\">\n<table style=\"background: #FFFFFF; background-color: #ffffff; width: 100%;\" role=\"presentation\" border=\"0\" cellspacing=\"0\" cellpadding=\"0\" align=\"center\">\n<tbody>\n<tr>\n<td style=\"direction: ltr; font-size: 0px; padding: 20px 0; text-align: center;\"><!-- [if mso | IE]>\n\n\n<table role=\"presentation\" border=\"0\" cellpadding=\"0\" cellspacing=\"0\">\n\n\n<tr>\n\n\n<td class=\"\" style=\"vertical-align:top;width:800px;\" ><![endif]--><\/p>\n<div class=\"mj-column-per-100 mj-outlook-group-fix\" style=\"font-size: 0px; text-align: left; direction: ltr; display: inline-block; vertical-align: top; width: 100%;\">\n<table style=\"vertical-align: top;\" role=\"presentation\" border=\"0\" width=\"100%\" cellspacing=\"0\" cellpadding=\"0\">\n<tbody>\n<tr>\n<td style=\"font-size: 0px; padding: 10px 25px; word-break: break-word;\" align=\"left\">\n<div style=\"font-family: Ubuntu, Helvetica, Arial, sans-serif; font-size: 15px; line-height: 26px; text-align: left; color: #000000;\">Salut ,<br \/>\nPer contribuir a la millora de l\u2019Educaci\u00f3 Matem\u00e0tica, el Departament d\u2019Educaci\u00f3 oferir\u00e0 a partir del curs vinent un <b>paquet de mesures<\/b> que s\u2019aniran concretant els propers mesos.<br \/>\nDe moment us podem avan\u00e7ar que des del <b>CREAMAT<\/b> i la <b>SG d&#8217;Ordenaci\u00f3 Curricular<\/b> s\u2019est\u00e0 treballant en la creaci\u00f3 d&#8217;itineraris de propostes competencials. Tamb\u00e9 es posaran a l\u2019abast dels docents de matem\u00e0tiques guies did\u00e0ctiques i material de suport. Properament es preveu una presentaci\u00f3 p\u00fablica del programa. Tan bon punt sigui possible us enviarem m\u00e9s informaci\u00f3.<\/div>\n<\/td>\n<\/tr>\n<\/tbody>\n<\/table>\n<\/div>\n<p><!-- [if mso | IE]><\/td>\n\n\n<\/tr>\n\n\n<\/table>\n\n\n<![endif]--><\/td>\n<\/tr>\n<\/tbody>\n<\/table>\n<\/div>\n<p><!-- [if mso | IE]><\/td>\n\n\n<\/tr>\n\n\n<\/table>\n\n\n\n\n<table align=\"center\" border=\"0\" cellpadding=\"0\" cellspacing=\"0\" class=\"\" role=\"presentation\" style=\"width:800px;\" width=\"800\" bgcolor=\"#fe8e76\" >\n\n\n<tr>\n\n\n<td style=\"line-height:0px;font-size:0px;mso-line-height-rule:exactly;\"><![endif]--><\/p>\n<div style=\"background: #fe8e76; background-color: #fe8e76; margin: 0px auto; max-width: 800px;\">\n<table style=\"background: #fe8e76; background-color: #fe8e76; width: 100%;\" role=\"presentation\" border=\"0\" cellspacing=\"0\" cellpadding=\"0\" align=\"center\">\n<tbody>\n<tr>\n<td style=\"direction: ltr; font-size: 0px; padding: 20px 0; text-align: center;\"><!-- [if mso | IE]>\n\n\n<table role=\"presentation\" border=\"0\" cellpadding=\"0\" cellspacing=\"0\">\n\n\n<tr>\n\n\n<td class=\"\" style=\"vertical-align:top;width:400px;\" ><![endif]--><\/p>\n<div class=\"mj-column-per-50 mj-outlook-group-fix\" style=\"font-size: 0px; text-align: left; direction: ltr; display: inline-block; vertical-align: top; width: 100%;\">\n<table style=\"vertical-align: top;\" role=\"presentation\" border=\"0\" width=\"100%\" cellspacing=\"0\" cellpadding=\"0\">\n<tbody>\n<tr>\n<td style=\"font-size: 0px; padding: 10px 25px; word-break: break-word;\" align=\"left\">\n<div style=\"font-family: Ubuntu, Helvetica, Arial, sans-serif; font-size: 15px; line-height: 26px; text-align: left; color: #000000;\">\n<div><span style=\"font-size: x-large;\"><b>MAGMA\u00a0<\/b><\/span><\/div>\n<div><span style=\"font-size: x-large;\"><b>(M\u00c0Gia i MAtem\u00e0tiques)<\/b><\/span><\/div>\n<div><\/div>\n<div>Si vau assistir el curs passat al MAMBO, MAtem\u00e0tiques aMb BOmbolles, no us voldreu perdre aquest any el <b>MAGMA, M\u00c0Gia i MAtem\u00e0tiques<\/b>. Aquest any la jornada pret\u00e9n explorar les possibilitats que ofereix la m\u00e0gia en el m\u00f3n de l\u2019educaci\u00f3 matem\u00e0tica i la seva divulgaci\u00f3.<\/div>\n<\/div>\n<\/td>\n<\/tr>\n<\/tbody>\n<\/table>\n<\/div>\n<p><!-- [if mso | IE]><\/td>\n\n\n\n\n<td class=\"\" style=\"vertical-align:top;width:400px;\" ><![endif]--><\/p>\n<div class=\"mj-column-per-50 mj-outlook-group-fix\" style=\"font-size: 0px; text-align: left; direction: ltr; display: inline-block; vertical-align: top; width: 100%;\">\n<table style=\"vertical-align: top;\" role=\"presentation\" border=\"0\" width=\"100%\" cellspacing=\"0\" cellpadding=\"0\">\n<tbody>\n<tr>\n<td style=\"font-size: 0px; padding: 10px 25px; word-break: break-word;\" align=\"center\">\n<table style=\"border-collapse: collapse; border-spacing: 0px;\" role=\"presentation\" border=\"0\" cellspacing=\"0\" cellpadding=\"0\">\n<tbody>\n<tr>\n<td style=\"width: 225px;\"><a href=\"http:\/\/magma.feemcat.org\" target=\"_blank\" rel=\"noopener\"> <img decoding=\"async\" style=\"border: 0; display: block; outline: none; text-decoration: none; height: auto; width: 100%; font-size: 13px;\" src=\"https:\/\/serveiseducatius.xtec.cat\/cesire\/wp-content\/uploads\/usu2650\/2023\/12\/logo_magma-e1702545138308.jpeg\" width=\"225\" height=\"auto\" \/> <\/a><\/td>\n<\/tr>\n<\/tbody>\n<\/table>\n<\/td>\n<\/tr>\n<\/tbody>\n<\/table>\n<\/div>\n<p><!-- [if mso | IE]><\/td>\n\n\n\n\n<td class=\"\" style=\"vertical-align:top;width:800px;\" ><![endif]--><\/p>\n<div class=\"mj-column-per-100 mj-outlook-group-fix\" style=\"font-size: 0px; text-align: left; direction: ltr; display: inline-block; vertical-align: top; width: 100%;\">\n<table style=\"vertical-align: top;\" role=\"presentation\" border=\"0\" width=\"100%\" cellspacing=\"0\" cellpadding=\"0\">\n<tbody>\n<tr>\n<td style=\"font-size: 0px; padding: 10px 25px; word-break: break-word;\" align=\"left\">\n<div style=\"font-family: Ubuntu, Helvetica, Arial, sans-serif; font-size: 15px; line-height: 26px; text-align: left; color: #000000;\">* Data: 27 d\u2019Abril, de 9 a 19 h.<br \/>\n* Lloc: CESIRE. Avda Drassanes, 10. 08001 Barcelona<br \/>\n* Organitza: CREAMAT i FEEMCAT<br \/>\n* Inscripcions. A partir del dia 22 de Mar\u00e7<br \/>\n<b>Nota:<\/b> La inscripci\u00f3 es tancar\u00e0 en el moment en que s\u2019arribi a 100 inscrits.<\/p>\n<p>Hi trobareu <b>confer\u00e8ncies plen\u00e0ries<\/b>, diversos <b>espectacles de m\u00e0gia matem\u00e0tica<\/b>, <b>tallers simultanis<\/b> i una <b>taula rodona<\/b>.<br \/>\nEns agradaria comptar amb la vostra participaci\u00f3 activa a un espai informal que hem anomenat el \u201c<b>Caf\u00e8 M\u00e0gic<\/b>\u201d. Reserveu la vostra pla\u00e7a al MAGMA apuntant-vos <a class=\"link\" href=\"https:\/\/forms.gle\/ntNvxcWKkHnNeGUv9\">a trav\u00e9s del formulari<\/a> a mostrar un efecte m\u00e0gic que hagueu portat a l\u2019aula, un divertiment de m\u00e0gia i matem\u00e0tiques o un petit truc que vulgueu compartir amb altres docents.<br \/>\nM\u00e9s informaci\u00f3 a <a class=\"link\" href=\"https:\/\/magma.feemcat.org\" target=\"_blank\" rel=\"noopener\">magma.feemcat.org<\/a><\/div>\n<\/td>\n<\/tr>\n<\/tbody>\n<\/table>\n<\/div>\n<p><!-- [if mso | IE]><\/td>\n\n\n<\/tr>\n\n\n<\/table>\n\n\n<![endif]--><\/td>\n<\/tr>\n<\/tbody>\n<\/table>\n<\/div>\n<p><!-- [if mso | IE]><\/td>\n\n\n<\/tr>\n\n\n<\/table>\n\n\n\n\n<table align=\"center\" border=\"0\" cellpadding=\"0\" cellspacing=\"0\" class=\"\" role=\"presentation\" style=\"width:800px;\" width=\"800\" bgcolor=\"#FFFFFF\" >\n\n\n<tr>\n\n\n<td style=\"line-height:0px;font-size:0px;mso-line-height-rule:exactly;\"><![endif]--><\/p>\n<div style=\"background: #FFFFFF; background-color: #ffffff; margin: 0px auto; max-width: 800px;\">\n<table style=\"background: #FFFFFF; background-color: #ffffff; width: 100%;\" role=\"presentation\" border=\"0\" cellspacing=\"0\" cellpadding=\"0\" align=\"center\">\n<tbody>\n<tr>\n<td style=\"direction: ltr; font-size: 0px; padding: 20px 0; text-align: center;\"><!-- [if mso | IE]>\n\n\n<table role=\"presentation\" border=\"0\" cellpadding=\"0\" cellspacing=\"0\">\n\n\n<tr>\n\n\n<td class=\"\" style=\"vertical-align:top;width:800px;\" ><![endif]--><\/p>\n<div class=\"mj-column-per-100 mj-outlook-group-fix\" style=\"font-size: 0px; text-align: left; direction: ltr; display: inline-block; vertical-align: top; width: 100%;\">\n<table style=\"vertical-align: top;\" role=\"presentation\" border=\"0\" width=\"100%\" cellspacing=\"0\" cellpadding=\"0\">\n<tbody>\n<tr>\n<td style=\"font-size: 0px; padding: 10px 25px; word-break: break-word;\" align=\"left\">\n<div style=\"font-family: Ubuntu, Helvetica, Arial, sans-serif; font-size: 13px; line-height: 26px; text-align: left; color: #000000;\">\n<h1 id=\"imov6i\"><span id=\"iwyzxg\" style=\"font-size: x-large;\">Celebraci\u00f3 del Dia Internacional de les Matem\u00e0tiques. IDM\u00a0<\/span><\/h1>\n<div id=\"iag78n\"><span style=\"font-size: medium;\">Us fem arribar les diverses propostes vinculades a la celebraci\u00f3 del dia Pi (14 de mar\u00e7, 3\/14 en notaci\u00f3 anglosaxona).<\/span><\/div>\n<\/div>\n<\/td>\n<\/tr>\n<tr>\n<td style=\"font-size: 0px; padding: 10px 25px; word-break: break-word;\" align=\"center\">\n<table style=\"border-collapse: collapse; border-spacing: 0px;\" role=\"presentation\" border=\"0\" cellspacing=\"0\" cellpadding=\"0\">\n<tbody>\n<tr>\n<td style=\"width: 750px;\"><img decoding=\"async\" style=\"border: 0; display: block; outline: none; text-decoration: none; height: auto; width: 100%; font-size: 13px;\" src=\"https:\/\/serveiseducatius.xtec.cat\/cesire\/wp-content\/uploads\/usu2650\/2024\/03\/Captura-de-pantalla-2024-03-10-a-les-13.58.49.png\" width=\"750\" height=\"auto\" \/><\/td>\n<\/tr>\n<\/tbody>\n<\/table>\n<\/td>\n<\/tr>\n<tr>\n<td style=\"font-size: 0px; padding: 10px 25px; word-break: break-word;\" align=\"left\">\n<div style=\"font-family: Ubuntu, Helvetica, Arial, sans-serif; font-size: 15px; line-height: 26px; text-align: left; color: #000000;\">\n<div>\n<h1><span style=\"font-size: large;\">Jornada de matem\u00e0tica de la SCM<\/span><\/h1>\n<div>\n<div>Des de la Societat Catalana de Matem\u00e0tiques ens conviden a la IV Jornada SCM IDM per celebrar el Dia Internacional de les Matem\u00e0tiques 2024 tot compartint matem\u00e0tiques.<\/div>\n<div>* Data: Dissabte 16 de mar\u00e7 de 9.30 a 14.30<\/div>\n<div>* Lloc: Sala d\u2019actes de la Facultat de Ci\u00e8ncies de la UAB<\/div>\n<div>*<a class=\"link gjs-selected\" href=\"https:\/\/aplicacions.gestioeducativa.gencat.cat\/pls\/soloas\/pk_for_mod_ins.p_for_detall_activitat?p_codi=9001280012&amp;p_curs=2023-2024&amp;p_es_inscr=S\"> Inscripcions i certificat<\/a> de 6 h de formaci\u00f3 a GTAF.<\/div>\n<\/div>\n<\/div>\n<\/div>\n<\/td>\n<\/tr>\n<tr>\n<td style=\"font-size: 0px; padding: 10px 25px; word-break: break-word;\" align=\"center\">\n<table style=\"border-collapse: collapse; border-spacing: 0px;\" role=\"presentation\" border=\"0\" cellspacing=\"0\" cellpadding=\"0\">\n<tbody>\n<tr>\n<td style=\"width: 750px;\"><a href=\"https:\/\/aplicacions.gestioeducativa.gencat.cat\/pls\/soloas\/pk_for_mod_ins.p_for_detall_activitat?p_codi=9001280012&amp;p_curs=2023-2024&amp;p_es_inscr=S\" target=\"_blank\" rel=\"noopener\"> <img decoding=\"async\" style=\"border: 0; display: block; outline: none; text-decoration: none; height: auto; width: 100%; font-size: 13px;\" src=\"https:\/\/serveiseducatius.xtec.cat\/cesire\/wp-content\/uploads\/usu2650\/2024\/03\/IDM_BCN.png\" width=\"750\" height=\"auto\" \/> <\/a><\/td>\n<\/tr>\n<\/tbody>\n<\/table>\n<\/td>\n<\/tr>\n<tr>\n<td style=\"font-size: 0px; padding: 10px 25px; word-break: break-word;\" align=\"left\">\n<div style=\"font-family: Ubuntu, Helvetica, Arial, sans-serif; font-size: 15px; line-height: 26px; text-align: left; color: #000000;\">\n<div>\n<h1><span style=\"font-size: large;\">L&#8217;ajuntament de Barcelona tamb\u00e9 celebra l&#8217;IDM<\/span><\/h1>\n<div>\n<div>L\u2019Ajuntament de Barcelona celebrar\u00e0, per primer cop, el Dia Internacional de les Matem\u00e0tiques el pr\u00f2xim 14 de mar\u00e7.<\/div>\n<div>Es tracta d\u2019una acci\u00f3 divulgativa que vol arribar al conjunt de la ciutadania i que implica a cinc instituts de Ciutat Vella, que faran tallers matem\u00e0tics a diverses places del barri; una acci\u00f3 simb\u00f2lica a la pla\u00e7a del Pi, i un acte institucional al Sal\u00f3 de Cent, al qual assistiran representants de les principals institucions i entitats relacionades amb les matem\u00e0tiques de Catalunya. Ha comptat amb la col\u00b7laboraci\u00f3 de la SCM i l\u2019associaci\u00f3 ABEAM de FEEMCAT. <a class=\"link gjs-selected\" href=\"https:\/\/www.barcelona.cat\/barcelonaciencia\/ca\/actualitat\/noticies\/lajuntament-suneix-a-la-celebracio-del-dia-internacional-de-les-matematiques-1377726\" target=\"_blank\" rel=\"noopener\">Enlla\u00e7 a la not\u00edcia<\/a><\/div>\n<\/div>\n<\/div>\n<\/div>\n<\/td>\n<\/tr>\n<\/tbody>\n<\/table>\n<\/div>\n<p><!-- [if mso | IE]><\/td>\n\n\n<\/tr>\n\n\n<\/table>\n\n\n<![endif]--><\/td>\n<\/tr>\n<\/tbody>\n<\/table>\n<\/div>\n<p><!-- [if mso | IE]><\/td>\n\n\n<\/tr>\n\n\n<\/table>\n\n\n\n\n<table align=\"center\" border=\"0\" cellpadding=\"0\" cellspacing=\"0\" class=\"\" role=\"presentation\" style=\"width:800px;\" width=\"800\" bgcolor=\"#fe8e76\" >\n\n\n<tr>\n\n\n<td style=\"line-height:0px;font-size:0px;mso-line-height-rule:exactly;\"><![endif]--><\/p>\n<div style=\"background: #fe8e76; background-color: #fe8e76; margin: 0px auto; max-width: 800px;\">\n<table style=\"background: #fe8e76; background-color: #fe8e76; width: 100%;\" role=\"presentation\" border=\"0\" cellspacing=\"0\" cellpadding=\"0\" align=\"center\">\n<tbody>\n<tr>\n<td style=\"direction: ltr; font-size: 0px; padding: 20px 0; text-align: center;\"><!-- [if mso | IE]>\n\n\n<table role=\"presentation\" border=\"0\" cellpadding=\"0\" cellspacing=\"0\">\n\n\n<tr>\n\n\n<td class=\"\" style=\"vertical-align:top;width:400px;\" ><![endif]--><\/p>\n<div class=\"mj-column-per-50 mj-outlook-group-fix\" style=\"font-size: 0px; text-align: left; direction: ltr; display: inline-block; vertical-align: top; width: 100%;\">\n<table style=\"vertical-align: top;\" role=\"presentation\" border=\"0\" width=\"100%\" cellspacing=\"0\" cellpadding=\"0\">\n<tbody>\n<tr>\n<td style=\"font-size: 0px; padding: 10px 25px; word-break: break-word;\" align=\"center\">\n<table style=\"border-collapse: collapse; border-spacing: 0px;\" role=\"presentation\" border=\"0\" cellspacing=\"0\" cellpadding=\"0\">\n<tbody>\n<tr>\n<td style=\"width: 350px;\"><a href=\"https:\/\/mmaca.cat\/activitats-2\/dia-pi-2024\/\" target=\"_blank\" rel=\"noopener\"> <img decoding=\"async\" style=\"border: 0; display: block; outline: none; text-decoration: none; height: auto; width: 100%; font-size: 13px;\" src=\"https:\/\/serveiseducatius.xtec.cat\/cesire\/wp-content\/uploads\/usu2650\/2024\/03\/diapi2024-1536x1536-1.jpeg\" width=\"350\" height=\"auto\" \/> <\/a><\/td>\n<\/tr>\n<\/tbody>\n<\/table>\n<\/td>\n<\/tr>\n<\/tbody>\n<\/table>\n<\/div>\n<p><!-- [if mso | IE]><\/td>\n\n\n\n\n<td class=\"\" style=\"vertical-align:top;width:400px;\" ><![endif]--><\/p>\n<div class=\"mj-column-per-50 mj-outlook-group-fix\" style=\"font-size: 0px; text-align: left; direction: ltr; display: inline-block; vertical-align: top; width: 100%;\">\n<table style=\"vertical-align: top;\" role=\"presentation\" border=\"0\" width=\"100%\" cellspacing=\"0\" cellpadding=\"0\">\n<tbody>\n<tr>\n<td style=\"font-size: 0px; padding: 10px 25px; word-break: break-word;\" align=\"left\">\n<div style=\"font-family: Ubuntu, Helvetica, Arial, sans-serif; font-size: 15px; line-height: 26px; text-align: left; color: #000000;\">\n<p><span style=\"font-size: large;\"><b>Celebrem el dia Pi al MMACA<\/b><\/span><\/p>\n<div><span id=\"inkf79\">\u00a0<\/span><\/div>\n<div><span id=\"iez0o7\" style=\"color: #000000;\">Com \u00e9s habitual,<strong>\u00a0el diumenge m\u00e9s proper a la data al mmaca <\/strong>fan\u00a0activitats a l&#8217;aire lliure per a totes les edats<\/span><span id=\"iy8mbp\"><\/span><strong id=\"ijymta\">.<\/strong><\/div>\n<div><span id=\"ihc436\">* Data: Diumenge 17 de mar\u00e7 de 2024, de 10 a 14<\/span><\/div>\n<div><span id=\"ilu4zw\">* Parc de Can Mercader. Cornell\u00e0 de Llobregat<\/span><span id=\"iwtqmm\"><br \/>\n<\/span><a id=\"i4s3ok\" href=\"https:\/\/mmaca.cat\/activitats-2\/dia-pi-2024\/\"><span id=\"iueo5l\">M\u00e9s informaci\u00f3<\/span><\/a><span id=\"ixqd7k\">.<\/span><\/div>\n<\/div>\n<\/td>\n<\/tr>\n<\/tbody>\n<\/table>\n<\/div>\n<p><!-- [if mso | IE]><\/td>\n\n\n<\/tr>\n\n\n<\/table>\n\n\n<![endif]--><\/td>\n<\/tr>\n<\/tbody>\n<\/table>\n<\/div>\n<p><!-- [if mso | IE]><\/td>\n\n\n<\/tr>\n\n\n<\/table>\n\n\n\n\n<table align=\"center\" border=\"0\" cellpadding=\"0\" cellspacing=\"0\" class=\"\" role=\"presentation\" style=\"width:800px;\" width=\"800\" bgcolor=\"#FFFFFF\" >\n\n\n<tr>\n\n\n<td style=\"line-height:0px;font-size:0px;mso-line-height-rule:exactly;\"><![endif]--><\/p>\n<div style=\"background: #FFFFFF; background-color: #ffffff; margin: 0px auto; max-width: 800px;\">\n<table style=\"background: #FFFFFF; background-color: #ffffff; width: 100%;\" role=\"presentation\" border=\"0\" cellspacing=\"0\" cellpadding=\"0\" align=\"center\">\n<tbody>\n<tr>\n<td style=\"direction: ltr; font-size: 0px; padding: 20px 0; text-align: center;\"><!-- [if mso | IE]>\n\n\n<table role=\"presentation\" border=\"0\" cellpadding=\"0\" cellspacing=\"0\">\n\n\n<tr>\n\n\n<td class=\"\" style=\"vertical-align:top;width:400px;\" ><![endif]--><\/p>\n<div class=\"mj-column-per-50 mj-outlook-group-fix\" style=\"font-size: 0px; text-align: left; direction: ltr; display: inline-block; vertical-align: top; width: 100%;\">\n<table style=\"vertical-align: top;\" role=\"presentation\" border=\"0\" width=\"100%\" cellspacing=\"0\" cellpadding=\"0\">\n<tbody>\n<tr>\n<td style=\"font-size: 0px; padding: 10px 25px; word-break: break-word;\" align=\"center\">\n<table style=\"border-collapse: collapse; border-spacing: 0px;\" role=\"presentation\" border=\"0\" cellspacing=\"0\" cellpadding=\"0\">\n<tbody>\n<tr>\n<td style=\"width: 350px;\"><a href=\"https:\/\/www.faea.es\/\" target=\"_blank\" rel=\"noopener\"> <img decoding=\"async\" style=\"border: 0; display: block; outline: none; text-decoration: none; height: auto; width: 100%; font-size: 13px;\" src=\"https:\/\/serveiseducatius.xtec.cat\/cesire\/wp-content\/uploads\/usu2650\/2024\/03\/adults_1.jpg\" width=\"350\" height=\"auto\" \/> <\/a><\/td>\n<\/tr>\n<\/tbody>\n<\/table>\n<\/td>\n<\/tr>\n<\/tbody>\n<\/table>\n<\/div>\n<p><!-- [if mso | IE]><\/td>\n\n\n\n\n<td class=\"\" style=\"vertical-align:top;width:400px;\" ><![endif]--><\/p>\n<div class=\"mj-column-per-50 mj-outlook-group-fix\" style=\"font-size: 0px; text-align: left; direction: ltr; display: inline-block; vertical-align: top; width: 100%;\">\n<table style=\"vertical-align: top;\" role=\"presentation\" border=\"0\" width=\"100%\" cellspacing=\"0\" cellpadding=\"0\">\n<tbody>\n<tr>\n<td style=\"font-size: 0px; padding: 10px 25px; word-break: break-word;\" align=\"left\">\n<div style=\"font-family: Ubuntu, Helvetica, Arial, sans-serif; font-size: 15px; line-height: 26px; text-align: left; color: #000000;\">\n<p><span style=\"font-size: large;\"><b>l&#8217;IDM a la formaci\u00f3 de persones adultes<\/b><\/span><\/p>\n<div><span id=\"inojnj\">\u00a0<\/span><\/div>\n<div><span style=\"font-family: Helvetica;\">La <a class=\"link gjs-selected\" href=\"https:\/\/www.faea.es\/\" target=\"_blank\" rel=\"noopener\"><b>FAEA<\/b><\/a>, Asociaci\u00f3n de entidades de educaci\u00f3n de personas adultas, dedica el seu butllet\u00ed mensual a les matem\u00e0tiques. Hi trobareu texts per comentar i propostes per a l&#8217;aula.<\/span><\/div>\n<div><a id=\"ibxfsv\" class=\"link\" href=\"https:\/\/serveiseducatius.xtec.cat\/cesire\/wp-content\/uploads\/usu2650\/2024\/03\/Boletin-de-noticias-de-EPA_marzo24.pdf\" target=\"_blank\" rel=\"noopener\">Enlla\u00e7<\/a><\/div>\n<div><\/div>\n<\/div>\n<\/td>\n<\/tr>\n<\/tbody>\n<\/table>\n<\/div>\n<p><!-- [if mso | IE]><\/td>\n\n\n<\/tr>\n\n\n<\/table>\n\n\n<![endif]--><\/td>\n<\/tr>\n<\/tbody>\n<\/table>\n<\/div>\n<p><!-- [if mso | IE]><\/td>\n\n\n<\/tr>\n\n\n<\/table>\n\n\n\n\n<table align=\"center\" border=\"0\" cellpadding=\"0\" cellspacing=\"0\" class=\"\" role=\"presentation\" style=\"width:800px;\" width=\"800\" bgcolor=\"#fe8e76\" >\n\n\n<tr>\n\n\n<td style=\"line-height:0px;font-size:0px;mso-line-height-rule:exactly;\"><![endif]--><\/p>\n<div style=\"background: #fe8e76; background-color: #fe8e76; margin: 0px auto; max-width: 800px;\">\n<table style=\"background: #fe8e76; background-color: #fe8e76; width: 100%;\" role=\"presentation\" border=\"0\" cellspacing=\"0\" cellpadding=\"0\" align=\"center\">\n<tbody>\n<tr>\n<td style=\"direction: ltr; font-size: 0px; padding: 20px 0; text-align: center;\"><!-- [if mso | IE]>\n\n\n<table role=\"presentation\" border=\"0\" cellpadding=\"0\" cellspacing=\"0\">\n\n\n<tr>\n\n\n<td class=\"\" style=\"vertical-align:top;width:800px;\" ><![endif]--><\/p>\n<div class=\"mj-column-per-100 mj-outlook-group-fix\" style=\"font-size: 0px; text-align: left; direction: ltr; display: inline-block; vertical-align: top; width: 100%;\">\n<table style=\"vertical-align: top;\" role=\"presentation\" border=\"0\" width=\"100%\" cellspacing=\"0\" cellpadding=\"0\">\n<tbody>\n<tr>\n<td style=\"font-size: 0px; padding: 10px 25px; word-break: break-word;\" align=\"left\">\n<div style=\"font-family: Ubuntu, Helvetica, Arial, sans-serif; font-size: 15px; line-height: 26px; text-align: left; color: #000000;\">\n<div><span style=\"font-size: x-large;\"><b>L\u2019agenda de la FEEMCAT<\/b><\/span><\/div>\n<div><\/div>\n<\/div>\n<\/td>\n<\/tr>\n<tr>\n<td style=\"font-size: 0px; padding: 10px 25px; word-break: break-word;\" align=\"center\">\n<table style=\"border-collapse: collapse; border-spacing: 0px;\" role=\"presentation\" border=\"0\" cellspacing=\"0\" cellpadding=\"0\">\n<tbody>\n<tr>\n<td style=\"width: 300px;\"><img decoding=\"async\" style=\"border: 0; display: block; outline: none; text-decoration: none; height: auto; width: 100%; font-size: 13px;\" src=\"https:\/\/serveiseducatius.xtec.cat\/cesire\/wp-content\/uploads\/usu2650\/2023\/12\/LogoFeemcat.png\" width=\"300\" height=\"auto\" \/><\/td>\n<\/tr>\n<\/tbody>\n<\/table>\n<\/td>\n<\/tr>\n<tr>\n<td style=\"font-size: 0px; padding: 10px 25px; word-break: break-word;\" align=\"left\">\n<div style=\"font-family: Ubuntu, Helvetica, Arial, sans-serif; font-size: 15px; line-height: 26px; text-align: left; color: #000000;\">Des de feemcat ens recorden les activitats programades pels propers mesos:<\/div>\n<\/td>\n<\/tr>\n<tr>\n<td style=\"font-size: 0px; padding: 10px 25px; word-break: break-word;\" align=\"left\">\n<div style=\"font-family: Ubuntu, Helvetica, Arial, sans-serif; font-size: 15px; line-height: 26px; text-align: left; color: #000000;\">\n<p><b><span style=\"font-size: large;\">V\u00eddeoMAT. Matem\u00e0tiques per respondre preguntes <\/span><\/b><br \/>\n* Inscripcions del 13 de Novembre al 18 de Mar\u00e7 de 2024<br \/>\n* Lliurament de treballs: Del 17 de gener al 2 d\u2019Abril de 2024<\/p>\n<div>* M\u00e9s informaci\u00f3 a <a class=\"link\" href=\"http:\/\/videomat.cat\">videomat.cat<\/a><\/div>\n<div><\/div>\n<\/div>\n<\/td>\n<\/tr>\n<tr>\n<td style=\"font-size: 0px; padding: 10px 25px; word-break: break-word;\" align=\"center\">\n<table style=\"border-collapse: collapse; border-spacing: 0px;\" role=\"presentation\" border=\"0\" cellspacing=\"0\" cellpadding=\"0\">\n<tbody>\n<tr>\n<td style=\"width: 750px;\"><a href=\"http:\/\/ademgi.feemcat.org\" target=\"_blank\" rel=\"noopener\"> <img decoding=\"async\" style=\"border: 0; display: block; outline: none; text-decoration: none; height: auto; width: 100%; font-size: 13px;\" src=\"https:\/\/serveiseducatius.xtec.cat\/cesire\/wp-content\/uploads\/usu2650\/2024\/02\/parlem-i-compartim-2024-1-1536x479-1.png\" width=\"750\" height=\"auto\" \/> <\/a><\/td>\n<\/tr>\n<\/tbody>\n<\/table>\n<\/td>\n<\/tr>\n<tr>\n<td style=\"font-size: 0px; padding: 10px 25px; word-break: break-word;\" align=\"left\">\n<div style=\"font-family: Ubuntu, Helvetica, Arial, sans-serif; font-size: 15px; line-height: 26px; text-align: left; color: #000000;\">\n<p><b><span style=\"font-size: large;\">Jornada a Girona. <\/span><\/b><br \/>\nL\u2019Associaci\u00f3 d\u2019Ensenyants de Matem\u00e0tiques de les comarques Gironines (ADEMGI), el Grup Per\u00edmetre i la C\u00e0tedra de did\u00e0ctica de la matem\u00e0tica Maria Ant\u00f2nia Canals celebren la jornada anual amb el tema: <b>Parlem i compartim. Dels sabers a les compet\u00e8ncies.\u00a0<\/b><\/p>\n<div>\n<p><b>\u00a0<\/b><\/p>\n<div><\/div>\n<div>\n<div>* 16 de mar\u00e7 de 2024, de 8.45 a 18.45 h.<\/div>\n<div>* Facultat de Ci\u00e8ncies de la Universitat de Girona<\/div>\n<div>* Certificaci\u00f3 de 10 h de formaci\u00f3.<\/div>\n<div>* M\u00e9s informaci\u00f3 i Inscripcions a <a class=\"link\" href=\"http:\/\/ademgi.feemcat.org\">ademgi.feemcat.org<\/a> (\u00faltimes places)<\/div>\n<\/div>\n<\/div>\n<\/div>\n<\/td>\n<\/tr>\n<\/tbody>\n<\/table>\n<\/div>\n<p><!-- [if mso | IE]><\/td>\n\n\n<\/tr>\n\n\n<\/table>\n\n\n<![endif]--><\/td>\n<\/tr>\n<\/tbody>\n<\/table>\n<\/div>\n<p><!-- [if mso | IE]><\/td>\n\n\n<\/tr>\n\n\n<\/table>\n\n\n\n\n<table align=\"center\" border=\"0\" cellpadding=\"0\" cellspacing=\"0\" class=\"\" role=\"presentation\" style=\"width:800px;\" width=\"800\" bgcolor=\"#FFFFFF\" >\n\n\n<tr>\n\n\n<td style=\"line-height:0px;font-size:0px;mso-line-height-rule:exactly;\"><![endif]--><\/p>\n<div style=\"background: #FFFFFF; background-color: #ffffff; margin: 0px auto; max-width: 800px;\">\n<table style=\"background: #FFFFFF; background-color: #ffffff; width: 100%;\" role=\"presentation\" border=\"0\" cellspacing=\"0\" cellpadding=\"0\" align=\"center\">\n<tbody>\n<tr>\n<td style=\"direction: ltr; font-size: 0px; padding: 20px 0; text-align: center;\"><!-- [if mso | IE]>\n\n\n<table role=\"presentation\" border=\"0\" cellpadding=\"0\" cellspacing=\"0\">\n\n\n<tr>\n\n\n<td class=\"\" style=\"vertical-align:top;width:800px;\" ><![endif]--><\/p>\n<div class=\"mj-column-per-100 mj-outlook-group-fix\" style=\"font-size: 0px; text-align: left; direction: ltr; display: inline-block; vertical-align: top; width: 100%;\">\n<table style=\"background-color: #ffffff; vertical-align: top;\" role=\"presentation\" border=\"0\" width=\"100%\" cellspacing=\"0\" cellpadding=\"0\">\n<tbody>\n<tr>\n<td style=\"font-size: 0px; padding: 10px 25px; word-break: break-word;\" align=\"left\">\n<div style=\"font-family: Ubuntu, Helvetica, Arial, sans-serif; font-size: 13px; line-height: 26px; text-align: left; color: #000000;\"><span style=\"font-size: x-large;\"><b>Cicles de confer\u00e8ncies 2023\/24<\/b><\/span><\/div>\n<\/td>\n<\/tr>\n<tr>\n<td style=\"font-size: 0px; padding: 10px 25px; word-break: break-word;\" align=\"center\">\n<table style=\"border-collapse: collapse; border-spacing: 0px;\" role=\"presentation\" border=\"0\" cellspacing=\"0\" cellpadding=\"0\">\n<tbody>\n<tr>\n<td style=\"width: 750px;\"><img decoding=\"async\" style=\"border: 0; display: block; outline: none; text-decoration: none; height: auto; width: 100%; font-size: 13px;\" src=\"https:\/\/serveiseducatius.xtec.cat\/cesire\/wp-content\/uploads\/usu2650\/2022\/09\/perspectiva-e1615071617899-800x400-1.jpg\" width=\"750\" height=\"auto\" \/><\/td>\n<\/tr>\n<\/tbody>\n<\/table>\n<\/td>\n<\/tr>\n<tr>\n<td style=\"font-size: 0px; padding: 10px 25px; word-break: break-word;\" align=\"left\">\n<div style=\"font-family: Ubuntu, Helvetica, Arial, sans-serif; font-size: 15px; line-height: 26px; text-align: left; color: #000000;\">\n<p>Continuen els cicles de confer\u00e8ncies. Encara podeu seguir les properes emissions en directe, o recuperar les anteriors a trav\u00e9s del canal de v\u00eddeo del CREAMAT:<\/p>\n<div>\n<p>&nbsp;<\/p>\n<div>\n<p><span style=\"font-size: large;\"><b>Perspectives matem\u00e0tiques.\u00a0<\/b><\/span>Adre\u00e7at a professorat de matem\u00e0tiques de secund\u00e0ria<br \/>\n<b>14 de febrer de 2024: Uso de la herramienta GeoGebra en el aula de matem\u00e1ticas.<\/b>\u00a0Pablo Trivi\u00f1o, ambaixador GeoGebra, professor de secund\u00e0ria en el IES Carmen Conde de Las Rozas, Madrid. Usuari GeoGebra, canal mediateca d\u2019EducaMadrid.<\/p>\n<div><b>Properament:\u00a0<\/b><br \/>\n<b>* Tratamiento de las fracciones, un ejemplo de cambio.<\/b>\u00a0Jose Manuel Vidal Gonz\u00e1lez, coordinador del Proyecto Newton de la Consejeria de Educaci\u00f3n de les Illes Can\u00e0ries.<br \/>\n<b>* Modelitzant matem\u00e0ticament el m\u00f3n que ens envolta a trav\u00e9s del Pensament Computacional.<\/b>\u00a0Juan Miguel Ribera. Universitat Illes Balears.<\/div>\n<\/div>\n<div>\n<p><span style=\"font-size: large;\"><b>Mirades matem\u00e0tiques.<\/b><\/span> Adre\u00e7at a professorat d\u2019infantil i prim\u00e0ria.<br \/>\n<b>* \u00bfQu\u00e9? \u00bfPara qu\u00e9? \u00bfC\u00f3mo? Ideas para la ense\u00f1anza-aprendizaje de las matem\u00e1ticas en la Educaci\u00f3n Primaria<\/b>. Maria Nila P\u00e9rez, coordinadora del Proyecto Newton de la Consejeria de Educaci\u00f3n de les Illes Can\u00e0ries.<br \/>\n<b>* Representar per entendre les matem\u00e0tiques.<\/b> Laura Gris, Carme Burgu\u00e9s i Tana Serra, docents i formadores de matem\u00e0tiques a Catalunya.<\/p>\n<div>\n<b>Inscripcions i m\u00e9s informaci\u00f3<\/b>: <a class=\"link\" href=\"https:\/\/serveiseducatius.xtec.cat\/cesire\/cicle-de-conferencies-mirades-matematiques-2023-24\/\">Mirades Matem\u00e0tiques<\/a> i <a class=\"link\" href=\"https:\/\/serveiseducatius.xtec.cat\/cesire\/cicle-de-conferencies-perspectives-matematiques-2023-24\/\">Perspectives Matem\u00e0tiques<\/a>.<\/div>\n<\/div>\n<\/div>\n<\/div>\n<\/td>\n<\/tr>\n<\/tbody>\n<\/table>\n<\/div>\n<p><!-- [if mso | IE]><\/td>\n\n\n<\/tr>\n\n\n<\/table>\n\n\n<![endif]--><\/td>\n<\/tr>\n<\/tbody>\n<\/table>\n<\/div>\n<p><!-- [if mso | IE]><\/td>\n\n\n<\/tr>\n\n\n<\/table>\n\n\n\n\n<table align=\"center\" border=\"0\" cellpadding=\"0\" cellspacing=\"0\" class=\"\" role=\"presentation\" style=\"width:800px;\" width=\"800\" bgcolor=\"#fe8e76\" >\n\n\n<tr>\n\n\n<td style=\"line-height:0px;font-size:0px;mso-line-height-rule:exactly;\"><![endif]--><\/p>\n<div style=\"background: #fe8e76; background-color: #fe8e76; margin: 0px auto; max-width: 800px;\">\n<table style=\"background: #fe8e76; background-color: #fe8e76; width: 100%;\" role=\"presentation\" border=\"0\" cellspacing=\"0\" cellpadding=\"0\" align=\"center\">\n<tbody>\n<tr>\n<td style=\"direction: ltr; font-size: 0px; padding: 20px 0; text-align: center;\"><!-- [if mso | IE]>\n\n\n<table role=\"presentation\" border=\"0\" cellpadding=\"0\" cellspacing=\"0\">\n\n\n<tr>\n\n\n<td class=\"\" style=\"vertical-align:top;width:400px;\" ><![endif]--><\/p>\n<div class=\"mj-column-per-50 mj-outlook-group-fix\" style=\"font-size: 0px; text-align: left; direction: ltr; display: inline-block; vertical-align: top; width: 100%;\">\n<table style=\"vertical-align: top;\" role=\"presentation\" border=\"0\" width=\"100%\" cellspacing=\"0\" cellpadding=\"0\">\n<tbody>\n<tr>\n<td style=\"font-size: 0px; padding: 10px 25px; word-break: break-word;\" align=\"center\">\n<table style=\"border-collapse: collapse; border-spacing: 0px;\" role=\"presentation\" border=\"0\" cellspacing=\"0\" cellpadding=\"0\">\n<tbody>\n<tr>\n<td style=\"width: 350px;\"><a href=\"https:\/\/21.jaem.es\" target=\"_blank\" rel=\"noopener\"> <img decoding=\"async\" style=\"border: 0; display: block; outline: none; text-decoration: none; height: auto; width: 100%; font-size: 13px;\" src=\"https:\/\/serveiseducatius.xtec.cat\/cesire\/wp-content\/uploads\/usu2650\/2024\/03\/21jaem.jpeg\" width=\"350\" height=\"auto\" \/> <\/a><\/td>\n<\/tr>\n<\/tbody>\n<\/table>\n<\/td>\n<\/tr>\n<\/tbody>\n<\/table>\n<\/div>\n<p><!-- [if mso | IE]><\/td>\n\n\n\n\n<td class=\"\" style=\"vertical-align:top;width:400px;\" ><![endif]--><\/p>\n<div class=\"mj-column-per-50 mj-outlook-group-fix\" style=\"font-size: 0px; text-align: left; direction: ltr; display: inline-block; vertical-align: top; width: 100%;\">\n<table style=\"vertical-align: top;\" role=\"presentation\" border=\"0\" width=\"100%\" cellspacing=\"0\" cellpadding=\"0\">\n<tbody>\n<tr>\n<td style=\"font-size: 0px; padding: 10px 25px; word-break: break-word;\" align=\"left\">\n<div style=\"font-family: Ubuntu, Helvetica, Arial, sans-serif; font-size: 15px; line-height: 26px; text-align: left; color: #000000;\">\n<p><span style=\"font-size: x-large;\"><b>Participeu a les JAEM<\/b><\/span><\/p>\n<p>Del 30 de juny al 3 de Juliol de 2024 es celebren les <b>21 Jornadas para el Aprendizaje y la Ense\u00f1anza de las Matem\u00e1ticas<\/b>, a Santander. Es convoquen cada dos anys per la <a class=\"link\" href=\"https:\/\/fespm.es\/\" target=\"_blank\" rel=\"noopener\">Federaci\u00f3n Espa\u00f1ola de Sociedades de Profesores de Matem\u00e1ticas<\/a>, i s\u00f3n una bona ocasi\u00f3 per compartir i aprendre.<\/p>\n<div>M\u00e9s informaci\u00f3 a <a class=\"link gjs-selected\" href=\"https:\/\/21.jaem.es\">https:\/\/21.jaem.es\/<\/a><\/div>\n<\/div>\n<\/td>\n<\/tr>\n<\/tbody>\n<\/table>\n<\/div>\n<p><!-- [if mso | IE]><\/td>\n\n\n<\/tr>\n\n\n<\/table>\n\n\n<![endif]--><\/td>\n<\/tr>\n<\/tbody>\n<\/table>\n<\/div>\n<p><!-- [if mso | IE]><\/td>\n\n\n<\/tr>\n\n\n<\/table>\n\n\n\n\n<table align=\"center\" border=\"0\" cellpadding=\"0\" cellspacing=\"0\" class=\"\" role=\"presentation\" style=\"width:800px;\" width=\"800\" bgcolor=\"#ffffff\" >\n\n\n<tr>\n\n\n<td style=\"line-height:0px;font-size:0px;mso-line-height-rule:exactly;\"><![endif]--><\/p>\n<div style=\"background: #ffffff; background-color: #ffffff; margin: 0px auto; max-width: 800px;\">\n<table style=\"background: #ffffff; background-color: #ffffff; width: 100%;\" role=\"presentation\" border=\"0\" cellspacing=\"0\" cellpadding=\"0\" align=\"center\">\n<tbody>\n<tr>\n<td style=\"direction: ltr; font-size: 0px; padding: 20px 0; text-align: center;\"><!-- [if mso | IE]>\n\n\n<table role=\"presentation\" border=\"0\" cellpadding=\"0\" cellspacing=\"0\">\n\n\n<tr>\n\n\n<td class=\"\" style=\"vertical-align:top;width:400px;\" ><![endif]--><\/p>\n<div class=\"mj-column-per-50 mj-outlook-group-fix\" style=\"font-size: 0px; text-align: left; direction: ltr; display: inline-block; vertical-align: top; width: 100%;\">\n<table style=\"vertical-align: top;\" role=\"presentation\" border=\"0\" width=\"100%\" cellspacing=\"0\" cellpadding=\"0\">\n<tbody>\n<tr>\n<td style=\"font-size: 0px; padding: 10px 25px; word-break: break-word;\" align=\"left\">\n<div style=\"font-family: Ubuntu, Helvetica, Arial, sans-serif; font-size: 15px; line-height: 26px; text-align: left; color: #000000;\">\n<div><b><a class=\"link\" href=\"https:\/\/ateneu.xtec.cat\/wikiform\/wikiexport\/materials\/csre\/matprj\/llista\/polibricks\"><span style=\"font-size: large;\">Projecte Polibricks <\/span><\/a><\/b><\/div>\n<div>De la campanya <a class=\"link\" href=\"http:\/\/ja.cat\/matprojectes\">MatProjectes<\/a> us mostrem un projecte de com construir pol\u00ededres amb tetrabricks a l&#8217;aula.<\/div>\n<\/div>\n<\/td>\n<\/tr>\n<tr>\n<td style=\"font-size: 0px; padding: 10px 25px; word-break: break-word;\" align=\"center\">\n<table style=\"border-collapse: collapse; border-spacing: 0px;\" role=\"presentation\" border=\"0\" cellspacing=\"0\" cellpadding=\"0\">\n<tbody>\n<tr>\n<td style=\"width: 350px;\"><a href=\"https:\/\/ateneu.xtec.cat\/wikiform\/wikiexport\/materials\/csre\/matprj\/llista\/polibricks\" target=\"_blank\" rel=\"noopener\"> <img decoding=\"async\" style=\"border: 0; display: block; outline: none; text-decoration: none; height: auto; width: 100%; font-size: 13px;\" src=\"https:\/\/serveiseducatius.xtec.cat\/cesire\/wp-content\/uploads\/usu2650\/2024\/03\/polibricks.jpg\" width=\"350\" height=\"auto\" \/> <\/a><\/td>\n<\/tr>\n<\/tbody>\n<\/table>\n<\/td>\n<\/tr>\n<\/tbody>\n<\/table>\n<\/div>\n<p><!-- [if mso | IE]><\/td>\n\n\n\n\n<td class=\"\" style=\"vertical-align:top;width:400px;\" ><![endif]--><\/p>\n<div class=\"mj-column-per-50 mj-outlook-group-fix\" style=\"font-size: 0px; text-align: left; direction: ltr; display: inline-block; vertical-align: top; width: 100%;\">\n<table style=\"vertical-align: top;\" role=\"presentation\" border=\"0\" width=\"100%\" cellspacing=\"0\" cellpadding=\"0\">\n<tbody>\n<tr>\n<td style=\"font-size: 0px; padding: 10px 25px; word-break: break-word;\" align=\"left\">\n<div style=\"font-family: Ubuntu, Helvetica, Arial, sans-serif; font-size: 15px; line-height: 26px; text-align: left; color: #000000;\">\n<div><span style=\"font-size: large;\"><a class=\"link\" href=\"https:\/\/apliense.xtec.cat\/arc\/node\/31248\"><b>L&#8217;Atzar de Joan Brossa<\/b><\/a><\/span><\/div>\n<div>Element que podeu trobar a l&#8217;<a class=\"link\" href=\"http:\/\/apliense.xtec.cat\/arc\">ARC<\/a> que ens proposa relacionar diferents obres de Joan Brossa amb l&#8217;atzar.<\/div>\n<\/div>\n<\/td>\n<\/tr>\n<tr>\n<td style=\"font-size: 0px; padding: 10px 25px; word-break: break-word;\" align=\"center\">\n<table style=\"border-collapse: collapse; border-spacing: 0px;\" role=\"presentation\" border=\"0\" cellspacing=\"0\" cellpadding=\"0\">\n<tbody>\n<tr>\n<td style=\"width: 350px;\"><a href=\"https:\/\/apliense.xtec.cat\/arc\/node\/31248\" target=\"_blank\" rel=\"noopener\"> <img decoding=\"async\" style=\"border: 0; display: block; outline: none; text-decoration: none; height: auto; width: 100%; font-size: 13px;\" src=\"https:\/\/serveiseducatius.xtec.cat\/cesire\/wp-content\/uploads\/usu2650\/2024\/03\/Jaume_Maymo._-Joan_Brossa_a_la_2a_Fira_de_Teatre_al_carrer_de_Tarrega-_1983.jpg\" width=\"350\" height=\"auto\" \/> <\/a><\/td>\n<\/tr>\n<\/tbody>\n<\/table>\n<\/td>\n<\/tr>\n<\/tbody>\n<\/table>\n<\/div>\n<p><!-- [if mso | IE]><\/td>\n\n\n<\/tr>\n\n\n<\/table>\n\n\n<![endif]--><\/td>\n<\/tr>\n<\/tbody>\n<\/table>\n<\/div>\n<p><!-- [if mso | IE]><\/td>\n\n\n<\/tr>\n\n\n<\/table>\n\n\n\n\n<table align=\"center\" border=\"0\" cellpadding=\"0\" cellspacing=\"0\" class=\"\" role=\"presentation\" style=\"width:800px;\" width=\"800\" bgcolor=\"#fe8e76\" >\n\n\n<tr>\n\n\n<td style=\"line-height:0px;font-size:0px;mso-line-height-rule:exactly;\"><![endif]--><\/p>\n<div style=\"background: #fe8e76; background-color: #fe8e76; margin: 0px auto; max-width: 800px;\">\n<table style=\"background: #fe8e76; background-color: #fe8e76; width: 100%;\" role=\"presentation\" border=\"0\" cellspacing=\"0\" cellpadding=\"0\" align=\"center\">\n<tbody>\n<tr>\n<td style=\"direction: ltr; font-size: 0px; padding: 20px 0; text-align: center;\"><!-- [if mso | IE]>\n\n\n<table role=\"presentation\" border=\"0\" cellpadding=\"0\" cellspacing=\"0\">\n\n\n<tr>\n\n\n<td class=\"\" style=\"vertical-align:top;width:400px;\" ><![endif]--><\/p>\n<div class=\"mj-column-per-50 mj-outlook-group-fix\" style=\"font-size: 0px; text-align: left; direction: ltr; display: inline-block; vertical-align: top; width: 100%;\">\n<table style=\"vertical-align: top;\" role=\"presentation\" border=\"0\" width=\"100%\" cellspacing=\"0\" cellpadding=\"0\">\n<tbody>\n<tr>\n<td style=\"font-size: 0px; padding: 10px 25px; word-break: break-word;\" align=\"left\">\n<div style=\"font-family: Ubuntu, Helvetica, Arial, sans-serif; font-size: 15px; line-height: 26px; text-align: left; color: #000000;\"><b><span style=\"font-size: large;\">HEM LLEGIT\u2026.<\/span><\/b><\/div>\n<\/td>\n<\/tr>\n<tr>\n<td style=\"font-size: 0px; padding: 10px 25px; word-break: break-word;\" align=\"center\">\n<table style=\"border-collapse: collapse; border-spacing: 0px;\" role=\"presentation\" border=\"0\" cellspacing=\"0\" cellpadding=\"0\">\n<tbody>\n<tr>\n<td style=\"width: 350px;\"><img decoding=\"async\" style=\"border: 0; display: block; outline: none; text-decoration: none; height: auto; width: 100%; font-size: 13px;\" src=\"https:\/\/serveiseducatius.xtec.cat\/cesire\/wp-content\/uploads\/usu2650\/2024\/03\/animat1.png\" width=\"350\" height=\"auto\" \/><\/td>\n<\/tr>\n<\/tbody>\n<\/table>\n<\/td>\n<\/tr>\n<tr>\n<td style=\"font-size: 0px; padding: 10px 25px; word-break: break-word;\" align=\"left\">\n<div style=\"font-family: Ubuntu, Helvetica, Arial, sans-serif; font-size: 15px; line-height: 26px; text-align: left; color: #000000;\">\n<h1><span id=\"ioyfzg\"><span style=\"font-size: medium;\">Escrit per en Claudi Alsina, l&#8217;Anton Aubanell i la Carme Burgu\u00e9s, publicat per Rosa Sensat.<\/span><\/span><\/h1>\n<\/div>\n<\/td>\n<\/tr>\n<\/tbody>\n<\/table>\n<\/div>\n<p><!-- [if mso | IE]><\/td>\n\n\n\n\n<td class=\"\" style=\"vertical-align:top;width:400px;\" ><![endif]--><\/p>\n<div class=\"mj-column-per-50 mj-outlook-group-fix\" style=\"font-size: 0px; text-align: left; direction: ltr; display: inline-block; vertical-align: top; width: 100%;\">\n<table style=\"vertical-align: top;\" role=\"presentation\" border=\"0\" width=\"100%\" cellspacing=\"0\" cellpadding=\"0\">\n<tbody>\n<tr>\n<td style=\"font-size: 0px; padding: 10px 25px; word-break: break-word;\" align=\"left\">\n<div style=\"font-family: Ubuntu, Helvetica, Arial, sans-serif; font-size: 15px; line-height: 26px; text-align: left; color: #000000;\">El llibre centra l\u2019atenci\u00f3 en com provocar l\u2019inter\u00e8s <span style=\"font-size: medium;\">per aprendre matem\u00e0tiques a partir de l\u2019experimentaci\u00f3, a trav\u00e9s de la participaci\u00f3 activa, la resoluci\u00f3 de reptes i problemes, els jocs, les narratives i les hist\u00f2ries, les aplicacions i les sorpreses, i les bones preguntes. Es proposen tota mena d\u2019activitats i recursos que poden ser \u00fatils tant a mestres de prim\u00e0ria com a professorat de secund\u00e0ria.<\/span><\/div>\n<\/td>\n<\/tr>\n<\/tbody>\n<\/table>\n<\/div>\n<p><!-- [if mso | IE]><\/td>\n\n\n<\/tr>\n\n\n<\/table>\n\n\n<![endif]--><\/td>\n<\/tr>\n<\/tbody>\n<\/table>\n<\/div>\n<p><!-- [if mso | IE]><\/td>\n\n\n<\/tr>\n\n\n<\/table>\n\n\n\n\n<table align=\"center\" border=\"0\" cellpadding=\"0\" cellspacing=\"0\" class=\"\" role=\"presentation\" style=\"width:800px;\" width=\"800\" bgcolor=\"#FFFFFF\" >\n\n\n<tr>\n\n\n<td style=\"line-height:0px;font-size:0px;mso-line-height-rule:exactly;\"><![endif]--><\/p>\n<div style=\"background: #FFFFFF; background-color: #ffffff; margin: 0px auto; max-width: 800px;\">\n<table style=\"background: #FFFFFF; background-color: #ffffff; width: 100%;\" role=\"presentation\" border=\"0\" cellspacing=\"0\" cellpadding=\"0\" align=\"center\">\n<tbody>\n<tr>\n<td style=\"direction: ltr; font-size: 0px; padding: 20px 0; text-align: center;\"><!-- [if mso | IE]>\n\n\n<table role=\"presentation\" border=\"0\" cellpadding=\"0\" cellspacing=\"0\">\n\n\n<tr>\n\n\n<td class=\"\" style=\"vertical-align:top;width:800px;\" ><![endif]--><\/p>\n<div class=\"mj-column-per-100 mj-outlook-group-fix\" style=\"font-size: 0px; text-align: left; direction: ltr; display: inline-block; vertical-align: top; width: 100%;\">\n<table style=\"vertical-align: top;\" role=\"presentation\" border=\"0\" width=\"100%\" cellspacing=\"0\" cellpadding=\"0\">\n<tbody>\n<tr>\n<td style=\"background: #ffffff; font-size: 0px; padding: 10px 25px; word-break: break-word;\" align=\"left\">\n<div style=\"font-family: Ubuntu, Helvetica, Arial, sans-serif; font-size: 15px; line-height: 26px; text-align: left; color: #000000;\">Us recordem que tamb\u00e9 ens podeu seguir per Twitter (<a class=\"link\" href=\"http:\/\/twitter.com\/creamat1\">@creamat1<\/a>)<br \/>\nSi no heu rebut aquest butllet\u00ed a la vostra b\u00fastia de correu i el voleu rebre, us podeu apuntar al <a class=\"link\" href=\"https:\/\/serveiseducatius.xtec.cat\/cesire\/subscripcio-butlleti-deducacio-matematica\/\">seg\u00fcent enlla\u00e7<\/a>.<\/p>\n<p>L\u2019equip del CREAMAT<\/p><\/div>\n<\/td>\n<\/tr>\n<\/tbody>\n<\/table>\n<\/div>\n<p><!-- [if mso | IE]><\/td>\n\n\n<\/tr>\n\n\n<\/table>\n\n\n<![endif]--><\/td>\n<\/tr>\n<\/tbody>\n<\/table>\n<\/div>\n<p><!-- [if mso | IE]><\/td>\n\n\n<\/tr>\n\n\n<\/table>\n\n\n\n\n<table align=\"center\" border=\"0\" cellpadding=\"0\" cellspacing=\"0\" class=\"\" role=\"presentation\" style=\"width:800px;\" width=\"800\" bgcolor=\"#f3f3f3\" >\n\n\n<tr>\n\n\n<td style=\"line-height:0px;font-size:0px;mso-line-height-rule:exactly;\"><![endif]--><\/p>\n<div style=\"background: #f3f3f3; background-color: #f3f3f3; margin: 0px auto; max-width: 800px;\">\n<table style=\"background: #f3f3f3; background-color: #f3f3f3; width: 100%;\" role=\"presentation\" border=\"0\" cellspacing=\"0\" cellpadding=\"0\" align=\"center\">\n<tbody>\n<tr>\n<td style=\"direction: ltr; font-size: 0px; padding: 20px 0; text-align: center;\"><!-- [if mso | IE]>\n\n\n<table role=\"presentation\" border=\"0\" cellpadding=\"0\" cellspacing=\"0\">\n\n\n<tr>\n\n\n<td class=\"\" style=\"vertical-align:top;width:800px;\" ><![endif]--><\/p>\n<div class=\"mj-column-per-100 mj-outlook-group-fix\" style=\"font-size: 0px; text-align: left; direction: ltr; display: inline-block; vertical-align: top; width: 100%;\">\n<table style=\"vertical-align: top;\" role=\"presentation\" border=\"0\" width=\"100%\" cellspacing=\"0\" cellpadding=\"0\">\n<tbody>\n<tr>\n<td style=\"font-size: 0px; padding: 10px 25px; word-break: break-word;\" align=\"center\">\n<div style=\"font-family: Ubuntu, Helvetica, Arial, sans-serif; font-size: 13px; line-height: 26px; text-align: center; color: #000000;\">Si no vols rebre aquest butllet\u00ed, et pots desubscriure clicant <a href=\"https:\/\/serveiseducatius.xtec.cat\/cesire\/?es=unsubscribe&amp;hash=eyJtZXNzYWdlX2lkIjoiMzI3IiwiY2FtcGFpZ25faWQiOiI2NSIsImNvbnRhY3RfaWQiOiIzNTgwIiwiZW1haWwiOiJzb3BhZGVwZWRyZXNAZGlzcm9vdC5vcmciLCJndWlkIjoiYnZsZWN4LWR4Z21qeS1vbmthYnQteHZsd3pwLWN0aHJmYiIsImxpc3RfaWRzIjoiIiwiYWN0aW9uIjoidW5zdWJzY3JpYmUifQ\">aqu\u00ed <\/a><\/div>\n<\/td>\n<\/tr>\n<\/tbody>\n<\/table>\n<\/div>\n<p><!-- [if mso | IE]><\/td>\n\n\n<\/tr>\n\n\n<\/table>\n\n\n<![endif]--><\/td>\n<\/tr>\n<\/tbody>\n<\/table>\n<\/div>\n<p><!-- [if mso | IE]><\/td>\n\n\n<\/tr>\n\n\n<\/table>\n\n\n<![endif]--><\/p>\n<\/div>\n<p><img loading=\"lazy\" decoding=\"async\" src=\"https:\/\/serveiseducatius.xtec.cat\/cesire\/?es=open&amp;hash=eyJtZXNzYWdlX2lkIjoiMzI3IiwiY2FtcGFpZ25faWQiOiI2NSIsImNvbnRhY3RfaWQiOiIzNTgwIiwiZW1haWwiOiJzb3BhZGVwZWRyZXNAZGlzcm9vdC5vcmciLCJndWlkIjoiYnZsZWN4LWR4Z21qeS1vbmthYnQteHZsd3pwLWN0aHJmYiIsImxpc3RfaWRzIjoiIiwiYWN0aW9uIjoib3BlbiJ9\" alt=\"\" width=\"1\" height=\"1\" \/><\/p>\n<\/div>\n<p>&nbsp;<\/p>\n","protected":false},"excerpt":{"rendered":"<p>Salut ,<br \/>\nPer contribuir a la millora de l\u2019Educaci\u00f3 Matem\u00e0tica, el Departament d\u2019Educaci\u00f3 oferir\u00e0 a partir del curs vinent un paquet de mesures que s\u2019aniran concretant els propers mesos.<br \/>\nDe moment us podem avan\u00e7ar que des del CREAMAT i la SG d&#8217;Ordenaci\u00f3 Curricular s\u2019est\u00e0 treballant en la&hellip;  <a href=\"https:\/\/serveiseducatius.xtec.cat\/cesire\/butlleti-del-creamat-marc-2024\/\" title=\"Read Butllet\u00ed del CREAMAT. Mar\u00e7 2024\">Llegeix m\u00e9s\u00bb<\/a><\/p>\n","protected":false},"author":10,"featured_media":23829,"comment_status":"closed","ping_status":"closed","sticky":false,"template":"","format":"standard","meta":{"_bbp_topic_count":0,"_bbp_reply_count":0,"_bbp_total_topic_count":0,"_bbp_total_reply_count":0,"_bbp_voice_count":0,"_bbp_anonymous_reply_count":0,"_bbp_topic_count_hidden":0,"_bbp_reply_count_hidden":0,"_bbp_forum_subforum_count":0,"footnotes":""},"categories":[488],"tags":[],"class_list":["post-25700","post","type-post","status-publish","format-standard","has-post-thumbnail","hentry","category-matematiques"],"post_mailing_queue_ids":[],"_links":{"self":[{"href":"https:\/\/serveiseducatius.xtec.cat\/cesire\/wp-json\/wp\/v2\/posts\/25700","targetHints":{"allow":["GET"]}}],"collection":[{"href":"https:\/\/serveiseducatius.xtec.cat\/cesire\/wp-json\/wp\/v2\/posts"}],"about":[{"href":"https:\/\/serveiseducatius.xtec.cat\/cesire\/wp-json\/wp\/v2\/types\/post"}],"author":[{"embeddable":true,"href":"https:\/\/serveiseducatius.xtec.cat\/cesire\/wp-json\/wp\/v2\/users\/10"}],"replies":[{"embeddable":true,"href":"https:\/\/serveiseducatius.xtec.cat\/cesire\/wp-json\/wp\/v2\/comments?post=25700"}],"version-history":[{"count":6,"href":"https:\/\/serveiseducatius.xtec.cat\/cesire\/wp-json\/wp\/v2\/posts\/25700\/revisions"}],"predecessor-version":[{"id":25832,"href":"https:\/\/serveiseducatius.xtec.cat\/cesire\/wp-json\/wp\/v2\/posts\/25700\/revisions\/25832"}],"wp:featuredmedia":[{"embeddable":true,"href":"https:\/\/serveiseducatius.xtec.cat\/cesire\/wp-json\/wp\/v2\/media\/23829"}],"wp:attachment":[{"href":"https:\/\/serveiseducatius.xtec.cat\/cesire\/wp-json\/wp\/v2\/media?parent=25700"}],"wp:term":[{"taxonomy":"category","embeddable":true,"href":"https:\/\/serveiseducatius.xtec.cat\/cesire\/wp-json\/wp\/v2\/categories?post=25700"},{"taxonomy":"post_tag","embeddable":true,"href":"https:\/\/serveiseducatius.xtec.cat\/cesire\/wp-json\/wp\/v2\/tags?post=25700"}],"curies":[{"name":"wp","href":"https:\/\/api.w.org\/{rel}","templated":true}]}}