{"id":25687,"date":"2024-05-13T09:00:06","date_gmt":"2024-05-13T07:00:06","guid":{"rendered":"https:\/\/serveiseducatius.xtec.cat\/cesire\/?p=25687"},"modified":"2024-05-13T09:00:06","modified_gmt":"2024-05-13T07:00:06","slug":"reptes-actuals-de-la-biologia-i-la-geologia-informacio-i-imatges-amb-sig-2","status":"publish","type":"post","link":"https:\/\/serveiseducatius.xtec.cat\/cesire\/reptes-actuals-de-la-biologia-i-la-geologia-informacio-i-imatges-amb-sig-2\/","title":{"rendered":"Reptes actuals de la biologia i la geologia: Informaci\u00f3 i imatges amb SIG"},"content":{"rendered":"<p><a href=\"https:\/\/serveiseducatius.xtec.cat\/cesire\/wp-content\/uploads\/usu2650\/2024\/05\/Banner-SIG.jpg\"><img loading=\"lazy\" decoding=\"async\" class=\"size-large wp-image-25689 aligncenter\" src=\"https:\/\/serveiseducatius.xtec.cat\/cesire\/wp-content\/uploads\/usu2650\/2024\/05\/Banner-SIG-1024x341.jpg\" alt=\"\" width=\"1024\" height=\"341\" srcset=\"https:\/\/serveiseducatius.xtec.cat\/cesire\/wp-content\/uploads\/usu2650\/2024\/05\/Banner-SIG-1024x341.jpg 1024w, https:\/\/serveiseducatius.xtec.cat\/cesire\/wp-content\/uploads\/usu2650\/2024\/05\/Banner-SIG-300x100.jpg 300w, https:\/\/serveiseducatius.xtec.cat\/cesire\/wp-content\/uploads\/usu2650\/2024\/05\/Banner-SIG-768x256.jpg 768w, https:\/\/serveiseducatius.xtec.cat\/cesire\/wp-content\/uploads\/usu2650\/2024\/05\/Banner-SIG.jpg 1500w\" sizes=\"auto, (max-width: 1024px) 100vw, 1024px\" \/><\/a><\/p>\n<p>En <a href=\"https:\/\/serveiseducatius.xtec.cat\/cesire\/recurs-eco2\/mapes-geologics-i-sistemes-dinformacio-geografica\/\" target=\"_blank\" rel=\"noopener\">aquesta adre\u00e7a<\/a> de la p\u00e0gina web del Cesire trobareu els materials que la Marta Ferrater va presentar en la sessi\u00f3 de divendres,10 de maig, sobre la situaci\u00f3 d&#8217;aprenentatge en qu\u00e8 es treballa amb Sistemes d&#8217;Informaci\u00f3 Geogr\u00e0fica.<\/p>\n","protected":false},"excerpt":{"rendered":"<p><a href=\"https:\/\/serveiseducatius.xtec.cat\/cesire\/wp-content\/uploads\/usu2650\/2024\/05\/Banner-SIG.jpg\"><\/a><br \/>\nEn <a href=\"https:\/\/serveiseducatius.xtec.cat\/cesire\/recurs-eco2\/mapes-geologics-i-sistemes-dinformacio-geografica\/\" target=\"_blank\" rel=\"noopener\">aquesta adre\u00e7a<\/a> de la p\u00e0gina web del Cesire trobareu els materials que la Marta Ferrater va presentar en la sessi\u00f3 de divendres,10 de maig, sobre la situaci\u00f3 d&#8217;aprenentatge en qu\u00e8 es treballa amb Sistemes d&#8217;Informaci\u00f3 Geogr\u00e0fica.<\/p>\n","protected":false},"author":21,"featured_media":0,"comment_status":"closed","ping_status":"closed","sticky":false,"template":"","format":"standard","meta":{"_bbp_topic_count":0,"_bbp_reply_count":0,"_bbp_total_topic_count":0,"_bbp_total_reply_count":0,"_bbp_voice_count":0,"_bbp_anonymous_reply_count":0,"_bbp_topic_count_hidden":0,"_bbp_reply_count_hidden":0,"_bbp_forum_subforum_count":0,"footnotes":""},"categories":[495,491,154,1,29],"tags":[],"class_list":["post-25687","post","type-post","status-publish","format-standard","hentry","category-ciencia","category-terracel","category-formacio","category-general","category-portada"],"post_mailing_queue_ids":[],"_links":{"self":[{"href":"https:\/\/serveiseducatius.xtec.cat\/cesire\/wp-json\/wp\/v2\/posts\/25687","targetHints":{"allow":["GET"]}}],"collection":[{"href":"https:\/\/serveiseducatius.xtec.cat\/cesire\/wp-json\/wp\/v2\/posts"}],"about":[{"href":"https:\/\/serveiseducatius.xtec.cat\/cesire\/wp-json\/wp\/v2\/types\/post"}],"author":[{"embeddable":true,"href":"https:\/\/serveiseducatius.xtec.cat\/cesire\/wp-json\/wp\/v2\/users\/21"}],"replies":[{"embeddable":true,"href":"https:\/\/serveiseducatius.xtec.cat\/cesire\/wp-json\/wp\/v2\/comments?post=25687"}],"version-history":[{"count":2,"href":"https:\/\/serveiseducatius.xtec.cat\/cesire\/wp-json\/wp\/v2\/posts\/25687\/revisions"}],"predecessor-version":[{"id":25690,"href":"https:\/\/serveiseducatius.xtec.cat\/cesire\/wp-json\/wp\/v2\/posts\/25687\/revisions\/25690"}],"wp:attachment":[{"href":"https:\/\/serveiseducatius.xtec.cat\/cesire\/wp-json\/wp\/v2\/media?parent=25687"}],"wp:term":[{"taxonomy":"category","embeddable":true,"href":"https:\/\/serveiseducatius.xtec.cat\/cesire\/wp-json\/wp\/v2\/categories?post=25687"},{"taxonomy":"post_tag","embeddable":true,"href":"https:\/\/serveiseducatius.xtec.cat\/cesire\/wp-json\/wp\/v2\/tags?post=25687"}],"curies":[{"name":"wp","href":"https:\/\/api.w.org\/{rel}","templated":true}]}}