{"id":25676,"date":"2024-05-07T18:50:40","date_gmt":"2024-05-07T16:50:40","guid":{"rendered":"https:\/\/serveiseducatius.xtec.cat\/cesire\/?p=25676"},"modified":"2024-05-07T18:50:40","modified_gmt":"2024-05-07T16:50:40","slug":"reptes-actuals-de-la-biologia-i-la-geologia-informacio-i-imatges-amb-sig","status":"publish","type":"post","link":"https:\/\/serveiseducatius.xtec.cat\/cesire\/reptes-actuals-de-la-biologia-i-la-geologia-informacio-i-imatges-amb-sig\/","title":{"rendered":"Reptes actuals de la biologia i la geologia: Informaci\u00f3 i imatges amb SIG"},"content":{"rendered":"<p><a href=\"https:\/\/serveiseducatius.xtec.cat\/cesire\/wp-content\/uploads\/usu2650\/2024\/04\/Geologia_mapes-e1712738463489.jpg\"><img loading=\"lazy\" decoding=\"async\" class=\"size-large wp-image-25617 aligncenter\" src=\"https:\/\/serveiseducatius.xtec.cat\/cesire\/wp-content\/uploads\/usu2650\/2024\/04\/Geologia_mapes-e1712738463489-1024x342.jpg\" alt=\"\" width=\"1024\" height=\"342\" srcset=\"https:\/\/serveiseducatius.xtec.cat\/cesire\/wp-content\/uploads\/usu2650\/2024\/04\/Geologia_mapes-e1712738463489-1024x342.jpg 1024w, https:\/\/serveiseducatius.xtec.cat\/cesire\/wp-content\/uploads\/usu2650\/2024\/04\/Geologia_mapes-e1712738463489-300x100.jpg 300w, https:\/\/serveiseducatius.xtec.cat\/cesire\/wp-content\/uploads\/usu2650\/2024\/04\/Geologia_mapes-e1712738463489-768x257.jpg 768w, https:\/\/serveiseducatius.xtec.cat\/cesire\/wp-content\/uploads\/usu2650\/2024\/04\/Geologia_mapes-e1712738463489.jpg 1280w\" sizes=\"auto, (max-width: 1024px) 100vw, 1024px\" \/><\/a><\/p>\n<p>El divendres 10 de maig a les 16:00, tindr\u00e0 lloc la quarta i \u00faltima sessi\u00f3 de la formaci\u00f3 &#8220;Reptes actuals de la biologia i la geologia&#8221;. Aquesta vegada, Marta Ferrater, professora de l&#8217;INS Manuel de Cabanes ens mostrar\u00e0 una situaci\u00f3 d&#8217;aprenentatge que ha dissenyat per la mat\u00e8ria &#8220;Reptes en Biologia i Geologia&#8221;.<\/p>\n<p>Per poder fer un bon seguiment de la sessi\u00f3, cal que descarregueu al vostre ordinador el programa QGIS. En <a href=\"https:\/\/serveiseducatius.xtec.cat\/cesire\/recurs-eco2\/mapes-geologics-i-sistemes-dinformacio-geografica\/\" target=\"_blank\" rel=\"noopener\">aquesta p\u00e0gina<\/a> trobareu l&#8217;enlla\u00e7 del YouTube i un tutorial per descarregar el programa en els ordinadors del Departament.<\/p>\n","protected":false},"excerpt":{"rendered":"<p>El divendres 10 de maig a les 16:00, tindr\u00e0 lloc la quarta i \u00faltima sessi\u00f3 de la formaci\u00f3 &#8220;Reptes actuals de la biologia i la geologia&#8221;. Aquesta vegada, Marta Ferrater, professora de l&#8217;INS Manuel de Cabanes ens mostrar\u00e0 una situaci\u00f3 d&#8217;aprenentatge que ha dissenyat per la mat\u00e8ria &#8220;Reptes en Biologia i Geologia&#8221;.&hellip;  <a href=\"https:\/\/serveiseducatius.xtec.cat\/cesire\/reptes-actuals-de-la-biologia-i-la-geologia-informacio-i-imatges-amb-sig\/\" title=\"Read Reptes actuals de la biologia i la geologia: Informaci\u00f3 i imatges amb SIG\">Llegeix m\u00e9s\u00bb<\/a><\/p>\n","protected":false},"author":21,"featured_media":25617,"comment_status":"closed","ping_status":"closed","sticky":false,"template":"","format":"standard","meta":{"_bbp_topic_count":0,"_bbp_reply_count":0,"_bbp_total_topic_count":0,"_bbp_total_reply_count":0,"_bbp_voice_count":0,"_bbp_anonymous_reply_count":0,"_bbp_topic_count_hidden":0,"_bbp_reply_count_hidden":0,"_bbp_forum_subforum_count":0,"footnotes":""},"categories":[495,154,1,29],"tags":[],"class_list":["post-25676","post","type-post","status-publish","format-standard","has-post-thumbnail","hentry","category-ciencia","category-formacio","category-general","category-portada"],"post_mailing_queue_ids":[],"_links":{"self":[{"href":"https:\/\/serveiseducatius.xtec.cat\/cesire\/wp-json\/wp\/v2\/posts\/25676","targetHints":{"allow":["GET"]}}],"collection":[{"href":"https:\/\/serveiseducatius.xtec.cat\/cesire\/wp-json\/wp\/v2\/posts"}],"about":[{"href":"https:\/\/serveiseducatius.xtec.cat\/cesire\/wp-json\/wp\/v2\/types\/post"}],"author":[{"embeddable":true,"href":"https:\/\/serveiseducatius.xtec.cat\/cesire\/wp-json\/wp\/v2\/users\/21"}],"replies":[{"embeddable":true,"href":"https:\/\/serveiseducatius.xtec.cat\/cesire\/wp-json\/wp\/v2\/comments?post=25676"}],"version-history":[{"count":2,"href":"https:\/\/serveiseducatius.xtec.cat\/cesire\/wp-json\/wp\/v2\/posts\/25676\/revisions"}],"predecessor-version":[{"id":25678,"href":"https:\/\/serveiseducatius.xtec.cat\/cesire\/wp-json\/wp\/v2\/posts\/25676\/revisions\/25678"}],"wp:featuredmedia":[{"embeddable":true,"href":"https:\/\/serveiseducatius.xtec.cat\/cesire\/wp-json\/wp\/v2\/media\/25617"}],"wp:attachment":[{"href":"https:\/\/serveiseducatius.xtec.cat\/cesire\/wp-json\/wp\/v2\/media?parent=25676"}],"wp:term":[{"taxonomy":"category","embeddable":true,"href":"https:\/\/serveiseducatius.xtec.cat\/cesire\/wp-json\/wp\/v2\/categories?post=25676"},{"taxonomy":"post_tag","embeddable":true,"href":"https:\/\/serveiseducatius.xtec.cat\/cesire\/wp-json\/wp\/v2\/tags?post=25676"}],"curies":[{"name":"wp","href":"https:\/\/api.w.org\/{rel}","templated":true}]}}