{"id":22876,"date":"2023-03-31T12:54:18","date_gmt":"2023-03-31T10:54:18","guid":{"rendered":"https:\/\/serveiseducatius.xtec.cat\/cesire\/?p=22876"},"modified":"2023-03-31T12:56:18","modified_gmt":"2023-03-31T10:56:18","slug":"conferencia-agenda-2030-un-bon-context-per-a-treballar-les-ccss-en-el-marc-els-ods-un-bon-context-per-dissenyar-situacions-daprenentatge","status":"publish","type":"post","link":"https:\/\/serveiseducatius.xtec.cat\/cesire\/conferencia-agenda-2030-un-bon-context-per-a-treballar-les-ccss-en-el-marc-els-ods-un-bon-context-per-dissenyar-situacions-daprenentatge\/","title":{"rendered":"Confer\u00e8ncia Agenda 2030, un bon context per a treballar les CCSS en el marc &#8220;Els ODS: un bon context per dissenyar situacions d&#8217;aprenentatge&#8221;"},"content":{"rendered":"<p>Dimecres 12 d&#8217;abril de 17:30 a 19:30, podeu participar en aquesta sessi\u00f3 a trav\u00e9s del\u00a0canal <strong><a href=\"https:\/\/www.youtube.com\/watch?v=93gAr5T4Lmc\" target=\"_blank\" rel=\"noopener\">YouTube del Cesire<\/a><\/strong>.\u00a0Aquesta confer\u00e8ncia anir\u00e0 a c\u00e0rrec de Toni Ferrer Gay, t\u00e8cnic en afers multilaterals al departament d&#8217;Acci\u00f3 Exterior de la Generalitat, professor sobre Agenda 2030 i drets humans a l&#8217;Associaci\u00f3 Catalana per la Pau, i Jordi Royo Climent, professor de Ci\u00e8ncies Socials a l&#8217;Institut Marta Estrada de Granollers.<\/p>\n<p>Si voleu inscriure-us a tot el cicle de confer\u00e8ncies, encara hi sou a temps. Envieu un correu a cesire<span class=\"atwho-query\">@xtec.cat<\/span><\/p>\n<p><a href=\"https:\/\/serveiseducatius.xtec.cat\/cesire\/wp-content\/uploads\/usu2650\/2023\/02\/Copia-de-Blue-Simple-World-Environment-Day-Instagram-Story.png\"><img loading=\"lazy\" decoding=\"async\" class=\"size-large wp-image-21983 aligncenter\" src=\"https:\/\/serveiseducatius.xtec.cat\/cesire\/wp-content\/uploads\/usu2650\/2023\/02\/Copia-de-Blue-Simple-World-Environment-Day-Instagram-Story-576x1024.png\" alt=\"\" width=\"576\" height=\"1024\" srcset=\"https:\/\/serveiseducatius.xtec.cat\/cesire\/wp-content\/uploads\/usu2650\/2023\/02\/Copia-de-Blue-Simple-World-Environment-Day-Instagram-Story-576x1024.png 576w, https:\/\/serveiseducatius.xtec.cat\/cesire\/wp-content\/uploads\/usu2650\/2023\/02\/Copia-de-Blue-Simple-World-Environment-Day-Instagram-Story-169x300.png 169w, https:\/\/serveiseducatius.xtec.cat\/cesire\/wp-content\/uploads\/usu2650\/2023\/02\/Copia-de-Blue-Simple-World-Environment-Day-Instagram-Story-768x1365.png 768w, https:\/\/serveiseducatius.xtec.cat\/cesire\/wp-content\/uploads\/usu2650\/2023\/02\/Copia-de-Blue-Simple-World-Environment-Day-Instagram-Story-864x1536.png 864w, https:\/\/serveiseducatius.xtec.cat\/cesire\/wp-content\/uploads\/usu2650\/2023\/02\/Copia-de-Blue-Simple-World-Environment-Day-Instagram-Story.png 1080w\" sizes=\"auto, (max-width: 576px) 100vw, 576px\" \/><\/a><\/p>\n<p>#STEAMcat<\/p>\n","protected":false},"excerpt":{"rendered":"<p>Dimecres 12 d&#8217;abril de 17:30 a 19:30, podeu participar en aquesta sessi\u00f3 a trav\u00e9s del\u00a0canal YouTube del Cesire.\u00a0Aquesta confer\u00e8ncia anir\u00e0 a c\u00e0rrec de Toni Ferrer Gay, t\u00e8cnic en afers multilaterals al departament d&#8217;Acci\u00f3 Exterior de la Generalitat, professor&hellip;  <a href=\"https:\/\/serveiseducatius.xtec.cat\/cesire\/conferencia-agenda-2030-un-bon-context-per-a-treballar-les-ccss-en-el-marc-els-ods-un-bon-context-per-dissenyar-situacions-daprenentatge\/\" title=\"Read Confer\u00e8ncia Agenda 2030, un bon context per a treballar les CCSS en el marc &#8220;Els ODS: un bon context per dissenyar situacions d&#8217;aprenentatge&#8221;\">Llegeix m\u00e9s\u00bb<\/a><\/p>\n","protected":false},"author":21,"featured_media":21985,"comment_status":"closed","ping_status":"closed","sticky":false,"template":"","format":"standard","meta":{"_bbp_topic_count":0,"_bbp_reply_count":0,"_bbp_total_topic_count":0,"_bbp_total_reply_count":0,"_bbp_voice_count":0,"_bbp_anonymous_reply_count":0,"_bbp_topic_count_hidden":0,"_bbp_reply_count_hidden":0,"_bbp_forum_subforum_count":0,"footnotes":""},"categories":[494,1,29],"tags":[],"class_list":["post-22876","post","type-post","status-publish","format-standard","has-post-thumbnail","hentry","category-csocials","category-general","category-portada"],"post_mailing_queue_ids":[],"_links":{"self":[{"href":"https:\/\/serveiseducatius.xtec.cat\/cesire\/wp-json\/wp\/v2\/posts\/22876","targetHints":{"allow":["GET"]}}],"collection":[{"href":"https:\/\/serveiseducatius.xtec.cat\/cesire\/wp-json\/wp\/v2\/posts"}],"about":[{"href":"https:\/\/serveiseducatius.xtec.cat\/cesire\/wp-json\/wp\/v2\/types\/post"}],"author":[{"embeddable":true,"href":"https:\/\/serveiseducatius.xtec.cat\/cesire\/wp-json\/wp\/v2\/users\/21"}],"replies":[{"embeddable":true,"href":"https:\/\/serveiseducatius.xtec.cat\/cesire\/wp-json\/wp\/v2\/comments?post=22876"}],"version-history":[{"count":2,"href":"https:\/\/serveiseducatius.xtec.cat\/cesire\/wp-json\/wp\/v2\/posts\/22876\/revisions"}],"predecessor-version":[{"id":22878,"href":"https:\/\/serveiseducatius.xtec.cat\/cesire\/wp-json\/wp\/v2\/posts\/22876\/revisions\/22878"}],"wp:featuredmedia":[{"embeddable":true,"href":"https:\/\/serveiseducatius.xtec.cat\/cesire\/wp-json\/wp\/v2\/media\/21985"}],"wp:attachment":[{"href":"https:\/\/serveiseducatius.xtec.cat\/cesire\/wp-json\/wp\/v2\/media?parent=22876"}],"wp:term":[{"taxonomy":"category","embeddable":true,"href":"https:\/\/serveiseducatius.xtec.cat\/cesire\/wp-json\/wp\/v2\/categories?post=22876"},{"taxonomy":"post_tag","embeddable":true,"href":"https:\/\/serveiseducatius.xtec.cat\/cesire\/wp-json\/wp\/v2\/tags?post=22876"}],"curies":[{"name":"wp","href":"https:\/\/api.w.org\/{rel}","templated":true}]}}