{"id":20858,"date":"2022-07-12T09:47:44","date_gmt":"2022-07-12T07:47:44","guid":{"rendered":"https:\/\/serveiseducatius.xtec.cat\/cesire\/?p=20858"},"modified":"2022-07-13T09:15:44","modified_gmt":"2022-07-13T07:15:44","slug":"alm29-congres-juliol-2022-numeracio-i-impacte-social","status":"publish","type":"post","link":"https:\/\/serveiseducatius.xtec.cat\/cesire\/alm29-congres-juliol-2022-numeracio-i-impacte-social\/","title":{"rendered":"ALM29 Congr\u00e9s Juliol 2022: Numeraci\u00f3 i Impacte Social"},"content":{"rendered":"<p><a href=\"https:\/\/serveiseducatius.xtec.cat\/cesire\/wp-content\/uploads\/usu2650\/2022\/07\/Captura-de-pantalla-a-2022-07-12-09-45-41.png\"><img loading=\"lazy\" decoding=\"async\" class=\"aligncenter size-large wp-image-20861\" src=\"https:\/\/serveiseducatius.xtec.cat\/cesire\/wp-content\/uploads\/usu2650\/2022\/07\/Captura-de-pantalla-a-2022-07-12-09-45-41-1024x338.png\" alt=\"\" width=\"1024\" height=\"338\" srcset=\"https:\/\/serveiseducatius.xtec.cat\/cesire\/wp-content\/uploads\/usu2650\/2022\/07\/Captura-de-pantalla-a-2022-07-12-09-45-41-1024x338.png 1024w, https:\/\/serveiseducatius.xtec.cat\/cesire\/wp-content\/uploads\/usu2650\/2022\/07\/Captura-de-pantalla-a-2022-07-12-09-45-41-300x99.png 300w, https:\/\/serveiseducatius.xtec.cat\/cesire\/wp-content\/uploads\/usu2650\/2022\/07\/Captura-de-pantalla-a-2022-07-12-09-45-41-768x253.png 768w, https:\/\/serveiseducatius.xtec.cat\/cesire\/wp-content\/uploads\/usu2650\/2022\/07\/Captura-de-pantalla-a-2022-07-12-09-45-41.png 1031w\" sizes=\"auto, (max-width: 1024px) 100vw, 1024px\" \/><\/a><\/p>\n<p>Del diumenge 10 fins el dimecres 13 de juliol de 2022 es celebra a Barcelona el congr\u00e9s ALM29 a la facultat d&#8217;educaci\u00f3 de la UB.<\/p>\n<p>\u00c9s un congr\u00e9s centrat en l&#8217;educaci\u00f3 matem\u00e0tica a les persones adultes i en concret en la numeraci\u00f3 i l&#8217;impacte social que n&#8217;esdev\u00e9 el coneixement.<\/p>\n<p>Des del congr\u00e9s ens diuen que la numeraci\u00f3 est\u00e0 guanyant for\u00e7a i influ\u00e8ncia a les nostres societats. La pand\u00e8mia ha demostrat com d&#8217;important n&#8217;\u00e9s. Poder llegir informaci\u00f3 num\u00e8rica per ponderar els riscos de les nostres activitats di\u00e0ries ha estat un repte no nom\u00e9s per a les autoritats, que han hagut de decidir si dur a terme mesures de confinament m\u00e9s o menys restrictives, sin\u00f3 tamb\u00e9 en el nostre dia a dia.<\/p>\n<p>No obstant aix\u00f2, tamb\u00e9 \u00e9s un clar exemple de la import\u00e0ncia que t\u00e9 la numeraci\u00f3 a les nostres vides. Les darreres investigacions se centren cada cop m\u00e9s en l&#8217;impacte social. La idea \u00e9s que la recerca (almenys la recerca finan\u00e7ada amb diners p\u00fablics) ha de servir per millorar la vida de les persones. En l&#8217;\u00e0mbit dels adults que aprenen matem\u00e0tiques, tenim molts reptes de futur. Es necessiten moltes m\u00e9s investigacions relacionades amb l&#8217;impacte social per avan\u00e7ar en el nostre coneixement sobre com els adults aprenen matem\u00e0tiques, quins aspectes s\u00f3n rellevants, en quins contextos i quins temes.<\/p>\n<p>Podeu trobar m\u00e9s informaci\u00f3 <a href=\"https:\/\/alm-online.net\/\">al web del congr\u00e9s<\/a>.<\/p>\n<p><a href=\"https:\/\/serveiseducatius.xtec.cat\/cesire\/wp-content\/uploads\/usu2650\/2022\/07\/alm.png\"><img loading=\"lazy\" decoding=\"async\" class=\"aligncenter size-full wp-image-20860\" src=\"https:\/\/serveiseducatius.xtec.cat\/cesire\/wp-content\/uploads\/usu2650\/2022\/07\/alm.png\" alt=\"\" width=\"153\" height=\"84\" \/><\/a><\/p>\n<p>Podeu descarregar el programa <a href=\"https:\/\/alm-online.net\/wp-content\/uploads\/2022\/07\/Programme_formato_07_07_2022.pdf\">en aquest enlla\u00e7<\/a>.<\/p>\n","protected":false},"excerpt":{"rendered":"<p><a href=\"https:\/\/serveiseducatius.xtec.cat\/cesire\/wp-content\/uploads\/usu2650\/2022\/07\/Captura-de-pantalla-a-2022-07-12-09-45-41.png\"><\/a><br \/>\nDel diumenge 10 fins el dimecres 13 de juliol de 2022 es celebra a Barcelona el congr\u00e9s ALM29 a la facultat d&#8217;educaci\u00f3 de la UB.<br \/>\n\u00c9s un congr\u00e9s centrat en l&#8217;educaci\u00f3 matem\u00e0tica a les persones adultes i en concret en la numeraci\u00f3 i l&#8217;impacte social&hellip;  <a href=\"https:\/\/serveiseducatius.xtec.cat\/cesire\/alm29-congres-juliol-2022-numeracio-i-impacte-social\/\" title=\"Read ALM29 Congr\u00e9s Juliol 2022: Numeraci\u00f3 i Impacte Social\">Llegeix m\u00e9s\u00bb<\/a><\/p>\n","protected":false},"author":10,"featured_media":20859,"comment_status":"closed","ping_status":"closed","sticky":false,"template":"","format":"standard","meta":{"_bbp_topic_count":0,"_bbp_reply_count":0,"_bbp_total_topic_count":0,"_bbp_total_reply_count":0,"_bbp_voice_count":0,"_bbp_anonymous_reply_count":0,"_bbp_topic_count_hidden":0,"_bbp_reply_count_hidden":0,"_bbp_forum_subforum_count":0,"footnotes":""},"categories":[1,488,534,29],"tags":[],"class_list":["post-20858","post","type-post","status-publish","format-standard","has-post-thumbnail","hentry","category-general","category-matematiques","category-eco4","category-portada"],"post_mailing_queue_ids":[],"_links":{"self":[{"href":"https:\/\/serveiseducatius.xtec.cat\/cesire\/wp-json\/wp\/v2\/posts\/20858","targetHints":{"allow":["GET"]}}],"collection":[{"href":"https:\/\/serveiseducatius.xtec.cat\/cesire\/wp-json\/wp\/v2\/posts"}],"about":[{"href":"https:\/\/serveiseducatius.xtec.cat\/cesire\/wp-json\/wp\/v2\/types\/post"}],"author":[{"embeddable":true,"href":"https:\/\/serveiseducatius.xtec.cat\/cesire\/wp-json\/wp\/v2\/users\/10"}],"replies":[{"embeddable":true,"href":"https:\/\/serveiseducatius.xtec.cat\/cesire\/wp-json\/wp\/v2\/comments?post=20858"}],"version-history":[{"count":1,"href":"https:\/\/serveiseducatius.xtec.cat\/cesire\/wp-json\/wp\/v2\/posts\/20858\/revisions"}],"predecessor-version":[{"id":20862,"href":"https:\/\/serveiseducatius.xtec.cat\/cesire\/wp-json\/wp\/v2\/posts\/20858\/revisions\/20862"}],"wp:featuredmedia":[{"embeddable":true,"href":"https:\/\/serveiseducatius.xtec.cat\/cesire\/wp-json\/wp\/v2\/media\/20859"}],"wp:attachment":[{"href":"https:\/\/serveiseducatius.xtec.cat\/cesire\/wp-json\/wp\/v2\/media?parent=20858"}],"wp:term":[{"taxonomy":"category","embeddable":true,"href":"https:\/\/serveiseducatius.xtec.cat\/cesire\/wp-json\/wp\/v2\/categories?post=20858"},{"taxonomy":"post_tag","embeddable":true,"href":"https:\/\/serveiseducatius.xtec.cat\/cesire\/wp-json\/wp\/v2\/tags?post=20858"}],"curies":[{"name":"wp","href":"https:\/\/api.w.org\/{rel}","templated":true}]}}