{"id":20732,"date":"2022-06-16T08:59:16","date_gmt":"2022-06-16T06:59:16","guid":{"rendered":"https:\/\/serveiseducatius.xtec.cat\/cesire\/?p=20732"},"modified":"2022-06-16T12:20:58","modified_gmt":"2022-06-16T10:20:58","slug":"lart-per-la-vida","status":"publish","type":"post","link":"https:\/\/serveiseducatius.xtec.cat\/cesire\/lart-per-la-vida\/","title":{"rendered":"L&#8217;Art per la vida"},"content":{"rendered":"<p><a href=\"https:\/\/serveiseducatius.xtec.cat\/cesire\/wp-content\/uploads\/usu2650\/2022\/06\/Site.png\">\u00a0 \u00a0 \u00a0 \u00a0 \u00a0 \u00a0 \u00a0 \u00a0 \u00a0 \u00a0 \u00a0 \u00a0 \u00a0 \u00a0 \u00a0 \u00a0 \u00a0 \u00a0 \u00a0 \u00a0 \u00a0 <\/a><a href=\"https:\/\/serveiseducatius.xtec.cat\/cesire\/wp-content\/uploads\/usu2650\/2022\/06\/LArtperlavida.png\"><img loading=\"lazy\" decoding=\"async\" class=\"alignnone  wp-image-20750\" src=\"https:\/\/serveiseducatius.xtec.cat\/cesire\/wp-content\/uploads\/usu2650\/2022\/06\/LArtperlavida-1024x537.png\" alt=\"\" width=\"640\" height=\"336\" srcset=\"https:\/\/serveiseducatius.xtec.cat\/cesire\/wp-content\/uploads\/usu2650\/2022\/06\/LArtperlavida-1024x537.png 1024w, https:\/\/serveiseducatius.xtec.cat\/cesire\/wp-content\/uploads\/usu2650\/2022\/06\/LArtperlavida-300x157.png 300w, https:\/\/serveiseducatius.xtec.cat\/cesire\/wp-content\/uploads\/usu2650\/2022\/06\/LArtperlavida-768x402.png 768w, https:\/\/serveiseducatius.xtec.cat\/cesire\/wp-content\/uploads\/usu2650\/2022\/06\/LArtperlavida.png 1063w\" sizes=\"auto, (max-width: 640px) 100vw, 640px\" \/><\/a><\/p>\n<p><a href=\"https:\/\/serveiseducatius.xtec.cat\/cesire\/wp-content\/uploads\/usu2650\/2022\/06\/IMG_8229.heic\"><img loading=\"lazy\" decoding=\"async\" class=\"alignnone size-large wp-image-20733\" src=\"https:\/\/serveiseducatius.xtec.cat\/cesire\/wp-content\/uploads\/usu2650\/2022\/06\/IMG_8229.heic\" alt=\"\" width=\"1\" height=\"1\" \/><\/a><\/p>\n<p><span style=\"font-weight: 400;\">L&#8217;\u00e0mbit art\u00edstic del CESIRE ha organitzat durant aquest curs un cicle de tres confer\u00e8ncies: <strong>Conversem amb les Arts<\/strong>. Aquestes confer\u00e8ncies estaven vinculades a sis tallers presencials: <strong>Experi\u00e8ncies d&#8217;aprenentatge amb les Arts<\/strong>, i han comptat amb la col\u00b7laboraci\u00f3 de l&#8217;<strong>Ester Bonal<\/strong> de <\/span><a href=\"https:\/\/xamfra.net\/\"><span style=\"font-weight: 400;\">Xamfr\u00e0<\/span><\/a><span style=\"font-weight: 400;\">, el <strong>David Mart\u00ednez<\/strong> de <\/span><a href=\"https:\/\/www.lanaveva.org\/?lang=ca\"><span style=\"font-weight: 400;\">La Nave Va<\/span><\/a><span style=\"font-weight: 400;\">, i amb <strong>Chen\u00e9 G\u00f3mez<\/strong> i <strong>Carol Pujadas<\/strong> de <\/span><a href=\"http:\/\/www.creart.org.es\/\"><span style=\"font-weight: 400;\">Creart<\/span><\/a><span style=\"font-weight: 400;\">.\u00a0<\/span><\/p>\n<p><span style=\"font-weight: 400;\">El professorat participant en aquests sis tallers ha gaudit de l&#8217;oportunitat d&#8217;obrir finestres a les diferents Arts: M\u00fasica i moviment, Arts esc\u00e8niques i Visual i Pl\u00e0stica. Al llarg de cadascuna de les trobades i dels diferents tallers, les persones participants han pogut emprar les experi\u00e8ncies compartides i els recursos facilitats per tal de dissenyar les seves pr\u00f2pies Experi\u00e8ncies d&#8217;aprenentatge amb sentit, al voltant de les diferents Arts.<\/span><\/p>\n<p><span style=\"font-weight: 400;\">Com a tancament del curs 2021\/22 hem elaborat aquest <em>site<\/em>, on podeu trobar les tres confer\u00e8ncies del curs, les activitats elaborades amb els materials del curs que ens han fet arribar els centres participants, aix\u00ed com algunes evid\u00e8ncies de la seva implementaci\u00f3 a l&#8217;aula. Esperem que aquest recull de recursos us siguin \u00fatils per a la millora de la vostra pr\u00e0ctica d&#8217;aula i del projecte educatiu de centre.<\/span><\/p>\n<p><span style=\"font-weight: 400;\">Enlla\u00e7 al <em>site <\/em><\/span><strong><a href=\"https:\/\/ja.cat\/etnMB\">https:\/\/ja.cat\/etnMB<\/a><\/strong><\/p>\n","protected":false},"excerpt":{"rendered":"<p><a href=\"https:\/\/serveiseducatius.xtec.cat\/cesire\/wp-content\/uploads\/usu2650\/2022\/06\/Site.png\">\u00a0 \u00a0 \u00a0 \u00a0 \u00a0 \u00a0 \u00a0 \u00a0 \u00a0 \u00a0 \u00a0 \u00a0 \u00a0 \u00a0 \u00a0 \u00a0 \u00a0 \u00a0 \u00a0 \u00a0 \u00a0 <\/a><a href=\"https:\/\/serveiseducatius.xtec.cat\/cesire\/wp-content\/uploads\/usu2650\/2022\/06\/LArtperlavida.png\"><\/a><br \/>\n<a href=\"https:\/\/serveiseducatius.xtec.cat\/cesire\/wp-content\/uploads\/usu2650\/2022\/06\/IMG_8229.heic\"><\/a><br \/>\nL&#8217;\u00e0mbit art\u00edstic del CESIRE ha organitzat durant aquest curs un cicle de tres confer\u00e8ncies: Conversem amb les Arts. Aquestes confer\u00e8ncies estaven&hellip;  <a href=\"https:\/\/serveiseducatius.xtec.cat\/cesire\/lart-per-la-vida\/\" title=\"Read L&#8217;Art per la vida\">Llegeix m\u00e9s\u00bb<\/a><\/p>\n","protected":false},"author":17,"featured_media":20750,"comment_status":"closed","ping_status":"closed","sticky":false,"template":"","format":"standard","meta":{"_bbp_topic_count":0,"_bbp_reply_count":0,"_bbp_total_topic_count":0,"_bbp_total_reply_count":0,"_bbp_voice_count":0,"_bbp_anonymous_reply_count":0,"_bbp_topic_count_hidden":0,"_bbp_reply_count_hidden":0,"_bbp_forum_subforum_count":0,"footnotes":""},"categories":[154,489,29],"tags":[],"class_list":["post-20732","post","type-post","status-publish","format-standard","has-post-thumbnail","hentry","category-formacio","category-art","category-portada"],"post_mailing_queue_ids":[],"_links":{"self":[{"href":"https:\/\/serveiseducatius.xtec.cat\/cesire\/wp-json\/wp\/v2\/posts\/20732","targetHints":{"allow":["GET"]}}],"collection":[{"href":"https:\/\/serveiseducatius.xtec.cat\/cesire\/wp-json\/wp\/v2\/posts"}],"about":[{"href":"https:\/\/serveiseducatius.xtec.cat\/cesire\/wp-json\/wp\/v2\/types\/post"}],"author":[{"embeddable":true,"href":"https:\/\/serveiseducatius.xtec.cat\/cesire\/wp-json\/wp\/v2\/users\/17"}],"replies":[{"embeddable":true,"href":"https:\/\/serveiseducatius.xtec.cat\/cesire\/wp-json\/wp\/v2\/comments?post=20732"}],"version-history":[{"count":3,"href":"https:\/\/serveiseducatius.xtec.cat\/cesire\/wp-json\/wp\/v2\/posts\/20732\/revisions"}],"predecessor-version":[{"id":20752,"href":"https:\/\/serveiseducatius.xtec.cat\/cesire\/wp-json\/wp\/v2\/posts\/20732\/revisions\/20752"}],"wp:featuredmedia":[{"embeddable":true,"href":"https:\/\/serveiseducatius.xtec.cat\/cesire\/wp-json\/wp\/v2\/media\/20750"}],"wp:attachment":[{"href":"https:\/\/serveiseducatius.xtec.cat\/cesire\/wp-json\/wp\/v2\/media?parent=20732"}],"wp:term":[{"taxonomy":"category","embeddable":true,"href":"https:\/\/serveiseducatius.xtec.cat\/cesire\/wp-json\/wp\/v2\/categories?post=20732"},{"taxonomy":"post_tag","embeddable":true,"href":"https:\/\/serveiseducatius.xtec.cat\/cesire\/wp-json\/wp\/v2\/tags?post=20732"}],"curies":[{"name":"wp","href":"https:\/\/api.w.org\/{rel}","templated":true}]}}