{"id":20691,"date":"2022-06-10T12:22:19","date_gmt":"2022-06-10T10:22:19","guid":{"rendered":"https:\/\/serveiseducatius.xtec.cat\/cesire\/?p=20691"},"modified":"2022-06-10T12:32:13","modified_gmt":"2022-06-10T10:32:13","slug":"seminari-en-linia-el-nou-curriculum-de-batxillerat-una-oportunitat-per-treballar-la-bioetica","status":"publish","type":"post","link":"https:\/\/serveiseducatius.xtec.cat\/cesire\/seminari-en-linia-el-nou-curriculum-de-batxillerat-una-oportunitat-per-treballar-la-bioetica\/","title":{"rendered":"Seminari en l\u00ednia. El nou curr\u00edculum de batxillerat: una oportunitat per treballar la bio\u00e8tica"},"content":{"rendered":"<p><a href=\"https:\/\/serveiseducatius.xtec.cat\/cesire\/wp-content\/uploads\/usu2650\/2022\/06\/Bioetica-e1654856045641.jpg\"><img loading=\"lazy\" decoding=\"async\" class=\" wp-image-20694 aligncenter\" src=\"https:\/\/serveiseducatius.xtec.cat\/cesire\/wp-content\/uploads\/usu2650\/2022\/06\/Bioetica-e1654856045641.jpg\" alt=\"\" width=\"753\" height=\"219\" srcset=\"https:\/\/serveiseducatius.xtec.cat\/cesire\/wp-content\/uploads\/usu2650\/2022\/06\/Bioetica-e1654856045641.jpg 920w, https:\/\/serveiseducatius.xtec.cat\/cesire\/wp-content\/uploads\/usu2650\/2022\/06\/Bioetica-e1654856045641-300x87.jpg 300w, https:\/\/serveiseducatius.xtec.cat\/cesire\/wp-content\/uploads\/usu2650\/2022\/06\/Bioetica-e1654856045641-768x223.jpg 768w\" sizes=\"auto, (max-width: 753px) 100vw, 753px\" \/><\/a>La Fundaci\u00f3 Gr\u00edfols, en col\u00b7laboraci\u00f3 amb el Col\u00b7legi Oficial de Bi\u00f2legs, us convida a participar en aquest seminari impartit per N\u00faria Terribas, Salvador Macip i Carlos Gim\u00e9nez. Des del Cesire creiem que pot ser molt inspirador i hi recomanem l&#8217;assist\u00e8ncia.<\/p>\n<p><a href=\"https:\/\/serveiseducatius.xtec.cat\/cesire\/wp-content\/uploads\/usu2650\/2022\/06\/290622bioeticaenensenyamentsecundariacat.pdf\" target=\"_blank\" rel=\"noopener\">M\u00e9s informaci\u00f3 i formulari d&#8217;inscripci\u00f3<\/a>.<\/p>\n","protected":false},"excerpt":{"rendered":"<p><a href=\"https:\/\/serveiseducatius.xtec.cat\/cesire\/wp-content\/uploads\/usu2650\/2022\/06\/Bioetica-e1654856045641.jpg\"><\/a>La Fundaci\u00f3 Gr\u00edfols, en col\u00b7laboraci\u00f3 amb el Col\u00b7legi Oficial de Bi\u00f2legs, us convida a participar en aquest seminari impartit per N\u00faria Terribas, Salvador Macip i Carlos Gim\u00e9nez. Des del Cesire creiem que pot ser molt inspirador i hi recomanem l&#8217;assist\u00e8ncia.<br \/>\n<a href=\"https:\/\/serveiseducatius.xtec.cat\/cesire\/wp-content\/uploads\/usu2650\/2022\/06\/290622bioeticaenensenyamentsecundariacat.pdf\" target=\"_blank\" rel=\"noopener\">M\u00e9s informaci\u00f3&hellip;  <a href=\"https:\/\/serveiseducatius.xtec.cat\/cesire\/seminari-en-linia-el-nou-curriculum-de-batxillerat-una-oportunitat-per-treballar-la-bioetica\/\" title=\"Read Seminari en l\u00ednia. El nou curr\u00edculum de batxillerat: una oportunitat per treballar la bio\u00e8tica\">Llegeix m\u00e9s\u00bb<\/a><\/p>\n","protected":false},"author":21,"featured_media":20694,"comment_status":"closed","ping_status":"closed","sticky":false,"template":"","format":"standard","meta":{"_bbp_topic_count":0,"_bbp_reply_count":0,"_bbp_total_topic_count":0,"_bbp_total_reply_count":0,"_bbp_voice_count":0,"_bbp_anonymous_reply_count":0,"_bbp_topic_count_hidden":0,"_bbp_reply_count_hidden":0,"_bbp_forum_subforum_count":0,"footnotes":""},"categories":[495,1,534],"tags":[],"class_list":["post-20691","post","type-post","status-publish","format-standard","has-post-thumbnail","hentry","category-ciencia","category-general","category-eco4"],"post_mailing_queue_ids":[],"_links":{"self":[{"href":"https:\/\/serveiseducatius.xtec.cat\/cesire\/wp-json\/wp\/v2\/posts\/20691","targetHints":{"allow":["GET"]}}],"collection":[{"href":"https:\/\/serveiseducatius.xtec.cat\/cesire\/wp-json\/wp\/v2\/posts"}],"about":[{"href":"https:\/\/serveiseducatius.xtec.cat\/cesire\/wp-json\/wp\/v2\/types\/post"}],"author":[{"embeddable":true,"href":"https:\/\/serveiseducatius.xtec.cat\/cesire\/wp-json\/wp\/v2\/users\/21"}],"replies":[{"embeddable":true,"href":"https:\/\/serveiseducatius.xtec.cat\/cesire\/wp-json\/wp\/v2\/comments?post=20691"}],"version-history":[{"count":2,"href":"https:\/\/serveiseducatius.xtec.cat\/cesire\/wp-json\/wp\/v2\/posts\/20691\/revisions"}],"predecessor-version":[{"id":20695,"href":"https:\/\/serveiseducatius.xtec.cat\/cesire\/wp-json\/wp\/v2\/posts\/20691\/revisions\/20695"}],"wp:featuredmedia":[{"embeddable":true,"href":"https:\/\/serveiseducatius.xtec.cat\/cesire\/wp-json\/wp\/v2\/media\/20694"}],"wp:attachment":[{"href":"https:\/\/serveiseducatius.xtec.cat\/cesire\/wp-json\/wp\/v2\/media?parent=20691"}],"wp:term":[{"taxonomy":"category","embeddable":true,"href":"https:\/\/serveiseducatius.xtec.cat\/cesire\/wp-json\/wp\/v2\/categories?post=20691"},{"taxonomy":"post_tag","embeddable":true,"href":"https:\/\/serveiseducatius.xtec.cat\/cesire\/wp-json\/wp\/v2\/tags?post=20691"}],"curies":[{"name":"wp","href":"https:\/\/api.w.org\/{rel}","templated":true}]}}