{"id":20469,"date":"2022-04-28T08:56:40","date_gmt":"2022-04-28T06:56:40","guid":{"rendered":"https:\/\/serveiseducatius.xtec.cat\/cesire\/?p=20469"},"modified":"2022-04-28T08:56:40","modified_gmt":"2022-04-28T06:56:40","slug":"lart-com-a-eina-de-transformacio-social","status":"publish","type":"post","link":"https:\/\/serveiseducatius.xtec.cat\/cesire\/lart-com-a-eina-de-transformacio-social\/","title":{"rendered":"L&#8217;Art com a eina de transformaci\u00f3 social"},"content":{"rendered":"<div>Encetem el tercer cicle de confer\u00e8ncies Conversem amb les Arts i tallers Experi\u00e8ncies d&#8217;aprenentatge amb les Arts amb &#8220;<strong>L&#8217;Art com a eina de transformaci\u00f3 social<\/strong>&#8220;, a c\u00e0rrec de l&#8217;equip de <a href=\"http:\/\/www.creart.org.es\/\">CREART.<\/a><\/div>\n<div><\/div>\n<div><\/div>\n<div>&#8220;<span style=\"font-family: inherit; font-size: 1em;\">Vivim un moment complex de reptes i crisis (ambiental, pol\u00edtica, econ\u00f2mica i social) interconnectades on les viol\u00e8ncies i les desigualtats s\u2019accentuen a escala local i global, En aquest context, l\u2019escola pren un paper cabdal com a<\/span><\/div>\n<div>\n<p><span style=\"font-family: inherit; font-size: 1em;\"> espai de promoci\u00f3 d\u2019aprenentatges que permetin als infants entendre millor el seu m\u00f3n i els ensenyi a viure-hi des d\u2019una assumpci\u00f3 de corresponsabilitat i comprom\u00eds.<\/span>El professorat necessita recursos per aproximar-se a les complexitats d\u2019aquest m\u00f3n divers i traslladar-les als infants i joves; i la societat necessita que els mestres i les mestres s\u2019apoderin com agents de canvi social per ensenyar als infants a viure respectuosament amb les persones i en un entorn, on els recursos s\u00f3n cada vegada m\u00e9s limitats.<\/p>\n<p>Des de Creart presentem una experi\u00e8ncia formativa per al professorat entorn a <em><strong>l\u2019Art com a eina de transformaci\u00f3 social<\/strong><\/em> on <strong>l\u2019art es posa al servei dels processos de creixement personal i col\u00b7lectiu <\/strong>vinculats als seg\u00fcents valors:<\/p>\n<ul>\n<li><strong>La just\u00edcia global i defensa dels drets humans<\/strong>: treballarem des de la idea de ciutadania global, amb la mirada posada en la corresponsabilitat davant les desigualtats, les injust\u00edcies i la defensa dels drets humans, i posant l\u2019\u00e8mfasi en els grups m\u00e9s vulnerabilitzats. Ens connectarem amb el m\u00f3n a trav\u00e9s de les experi\u00e8ncies de la nostra entitat en els diferents pa\u00efsos.<\/li>\n<li><strong>L\u2019Educaci\u00f3 al centre de la resoluci\u00f3 positiva dels conflictes<\/strong>: recuperarem el prop\u00f2sit essencial de la nostra tasca: garantir l\u2019educaci\u00f3 de qualitat per a tots els infants; entenent els espais educatius com els essencials per a treballar la consci\u00e8ncia cr\u00edtica de la ciutadania i la presa de consci\u00e8ncia sobre drets i deures.<\/li>\n<li><strong>L\u2019Art com a eina per a la transformaci\u00f3 social<\/strong>: recuperarem la idea de la creativitat com a b\u00e9 com\u00fa i inherent a tota persona i posem la proposta art\u00edstica al servei d\u2019aquests processos de creixement personal i col\u00b7lectiu.<\/li>\n<li><strong>Els valors i les emocions al centre de la transformaci\u00f3<\/strong>: farem expl\u00edcita la import\u00e0ncia d\u2019una educaci\u00f3 socioemocional de qualitat. Crearem un espai de treball presidit per la cura, el respecte, l\u2019empatia i altres valors que afavoreixen la cohesi\u00f3 dels grups i comunitats i l\u2019enfortiment dels vincles de cooperaci\u00f3 entre els diferents agents&#8221;.<\/li>\n<\/ul>\n<\/div>\n<div>Carol Pujadas i Chen\u00e9 G\u00f3mez.<\/div>\n<div><\/div>\n<div><\/div>\n<div><span style=\"font-family: verdana, sans-serif;\">Us convidem a que l&#8217;equip docent del vostre centre participi\u00a0 en la videoconfer\u00e8ncia del 28\/04\/2022, aix\u00ed com en els tallers presencials vinculats a la confer\u00e8ncia.<\/span><\/div>\n<div><\/div>\n<div>\n<p><a href=\"https:\/\/aplicacions.gestioeducativa.gencat.cat\/pls\/soloas\/pk_for_mod_ins.p_for_detall_activitat?p_codi=9009320532&amp;p_curs=2021-2022&amp;p_es_inscr=S\"><strong>\u21d2 Inscripci\u00f3 3a confer\u00e8ncia 28\/04\/2022<\/strong><\/a><\/p>\n<p><a href=\"https:\/\/aplicacions.gestioeducativa.gencat.cat\/pls\/soloas\/pk_for_mod_ins.p_for_detall_activitat?p_codi=9009240532&amp;p_curs=2021-2022&amp;p_es_inscr=S\">\u21d2 <strong>Inscripci\u00f3 5\u00e8 Taller 05\/05\/2022\u00a0<\/strong><\/a><\/p>\n<p><a href=\"https:\/\/aplicacions.gestioeducativa.gencat.cat\/pls\/soloas\/pk_for_mod_ins.p_for_detall_activitat?p_codi=9009250532&amp;p_curs=2021-2022&amp;p_es_inscr=S\">\u21d2 <strong>Inscripci\u00f3 6\u00e8 Taller 19\/05\/2022\u00a0<\/strong><\/a><\/p>\n<\/div>\n<div><a href=\"https:\/\/serveiseducatius.xtec.cat\/cesire\/wp-content\/uploads\/usu2650\/2022\/04\/KIF_4182.jpg\"><img loading=\"lazy\" decoding=\"async\" class=\"alignnone wp-image-20475\" src=\"https:\/\/serveiseducatius.xtec.cat\/cesire\/wp-content\/uploads\/usu2650\/2022\/04\/KIF_4182.jpg\" alt=\"\" width=\"290\" height=\"217\" srcset=\"https:\/\/serveiseducatius.xtec.cat\/cesire\/wp-content\/uploads\/usu2650\/2022\/04\/KIF_4182.jpg 567w, https:\/\/serveiseducatius.xtec.cat\/cesire\/wp-content\/uploads\/usu2650\/2022\/04\/KIF_4182-300x225.jpg 300w, https:\/\/serveiseducatius.xtec.cat\/cesire\/wp-content\/uploads\/usu2650\/2022\/04\/KIF_4182-200x150.jpg 200w\" sizes=\"auto, (max-width: 290px) 100vw, 290px\" \/><\/a> <a href=\"https:\/\/serveiseducatius.xtec.cat\/cesire\/wp-content\/uploads\/usu2650\/2022\/04\/63-scaled.jpg\"><img loading=\"lazy\" decoding=\"async\" class=\"alignnone wp-image-20474\" src=\"https:\/\/serveiseducatius.xtec.cat\/cesire\/wp-content\/uploads\/usu2650\/2022\/04\/63-1024x683.jpg\" alt=\"\" width=\"326\" height=\"217\" srcset=\"https:\/\/serveiseducatius.xtec.cat\/cesire\/wp-content\/uploads\/usu2650\/2022\/04\/63-1024x683.jpg 1024w, https:\/\/serveiseducatius.xtec.cat\/cesire\/wp-content\/uploads\/usu2650\/2022\/04\/63-300x200.jpg 300w, https:\/\/serveiseducatius.xtec.cat\/cesire\/wp-content\/uploads\/usu2650\/2022\/04\/63-768x512.jpg 768w, https:\/\/serveiseducatius.xtec.cat\/cesire\/wp-content\/uploads\/usu2650\/2022\/04\/63-1536x1024.jpg 1536w, https:\/\/serveiseducatius.xtec.cat\/cesire\/wp-content\/uploads\/usu2650\/2022\/04\/63-2048x1365.jpg 2048w\" sizes=\"auto, (max-width: 326px) 100vw, 326px\" \/><\/a> <a href=\"https:\/\/serveiseducatius.xtec.cat\/cesire\/wp-content\/uploads\/usu2650\/2022\/04\/foto.png\"><img loading=\"lazy\" decoding=\"async\" class=\"alignnone wp-image-20480\" src=\"https:\/\/serveiseducatius.xtec.cat\/cesire\/wp-content\/uploads\/usu2650\/2022\/04\/foto-1024x685.png\" alt=\"\" width=\"321\" height=\"215\" srcset=\"https:\/\/serveiseducatius.xtec.cat\/cesire\/wp-content\/uploads\/usu2650\/2022\/04\/foto-1024x685.png 1024w, https:\/\/serveiseducatius.xtec.cat\/cesire\/wp-content\/uploads\/usu2650\/2022\/04\/foto-300x201.png 300w, https:\/\/serveiseducatius.xtec.cat\/cesire\/wp-content\/uploads\/usu2650\/2022\/04\/foto-768x514.png 768w, https:\/\/serveiseducatius.xtec.cat\/cesire\/wp-content\/uploads\/usu2650\/2022\/04\/foto.png 1114w\" sizes=\"auto, (max-width: 321px) 100vw, 321px\" \/><\/a>\u00a0<a href=\"https:\/\/serveiseducatius.xtec.cat\/cesire\/wp-content\/uploads\/usu2650\/2022\/04\/A-child-painting-a-trainers-portrait-on-canvas_baja.jpg\"><img loading=\"lazy\" decoding=\"async\" class=\"alignnone wp-image-20470\" src=\"https:\/\/serveiseducatius.xtec.cat\/cesire\/wp-content\/uploads\/usu2650\/2022\/04\/A-child-painting-a-trainers-portrait-on-canvas_baja-1024x683.jpg\" alt=\"\" width=\"323\" height=\"216\" srcset=\"https:\/\/serveiseducatius.xtec.cat\/cesire\/wp-content\/uploads\/usu2650\/2022\/04\/A-child-painting-a-trainers-portrait-on-canvas_baja-1024x683.jpg 1024w, https:\/\/serveiseducatius.xtec.cat\/cesire\/wp-content\/uploads\/usu2650\/2022\/04\/A-child-painting-a-trainers-portrait-on-canvas_baja-300x200.jpg 300w, https:\/\/serveiseducatius.xtec.cat\/cesire\/wp-content\/uploads\/usu2650\/2022\/04\/A-child-painting-a-trainers-portrait-on-canvas_baja-768x512.jpg 768w, https:\/\/serveiseducatius.xtec.cat\/cesire\/wp-content\/uploads\/usu2650\/2022\/04\/A-child-painting-a-trainers-portrait-on-canvas_baja.jpg 1417w\" sizes=\"auto, (max-width: 323px) 100vw, 323px\" \/><\/a><\/div>\n<div><\/div>\n<div><\/div>\n","protected":false},"excerpt":{"rendered":"<p>Encetem el tercer cicle de confer\u00e8ncies Conversem amb les Arts i tallers Experi\u00e8ncies d&#8217;aprenentatge amb les Arts amb &#8220;L&#8217;Art com a eina de transformaci\u00f3 social&#8220;, a c\u00e0rrec de l&#8217;equip de <a href=\"http:\/\/www.creart.org.es\/\">CREART.<\/a><\/p>\n<p>&#8220;Vivim un moment complex de reptes i crisis (ambiental, pol\u00edtica, econ\u00f2mica i social) interconnectades&hellip;  <a href=\"https:\/\/serveiseducatius.xtec.cat\/cesire\/lart-com-a-eina-de-transformacio-social\/\" title=\"Read L&#8217;Art com a eina de transformaci\u00f3 social\">Llegeix m\u00e9s\u00bb<\/a><\/p>\n","protected":false},"author":17,"featured_media":20482,"comment_status":"closed","ping_status":"closed","sticky":false,"template":"","format":"standard","meta":{"_bbp_topic_count":0,"_bbp_reply_count":0,"_bbp_total_topic_count":0,"_bbp_total_reply_count":0,"_bbp_voice_count":0,"_bbp_anonymous_reply_count":0,"_bbp_topic_count_hidden":0,"_bbp_reply_count_hidden":0,"_bbp_forum_subforum_count":0,"footnotes":""},"categories":[154,489,29],"tags":[],"class_list":["post-20469","post","type-post","status-publish","format-standard","has-post-thumbnail","hentry","category-formacio","category-art","category-portada"],"post_mailing_queue_ids":[],"_links":{"self":[{"href":"https:\/\/serveiseducatius.xtec.cat\/cesire\/wp-json\/wp\/v2\/posts\/20469","targetHints":{"allow":["GET"]}}],"collection":[{"href":"https:\/\/serveiseducatius.xtec.cat\/cesire\/wp-json\/wp\/v2\/posts"}],"about":[{"href":"https:\/\/serveiseducatius.xtec.cat\/cesire\/wp-json\/wp\/v2\/types\/post"}],"author":[{"embeddable":true,"href":"https:\/\/serveiseducatius.xtec.cat\/cesire\/wp-json\/wp\/v2\/users\/17"}],"replies":[{"embeddable":true,"href":"https:\/\/serveiseducatius.xtec.cat\/cesire\/wp-json\/wp\/v2\/comments?post=20469"}],"version-history":[{"count":3,"href":"https:\/\/serveiseducatius.xtec.cat\/cesire\/wp-json\/wp\/v2\/posts\/20469\/revisions"}],"predecessor-version":[{"id":20481,"href":"https:\/\/serveiseducatius.xtec.cat\/cesire\/wp-json\/wp\/v2\/posts\/20469\/revisions\/20481"}],"wp:featuredmedia":[{"embeddable":true,"href":"https:\/\/serveiseducatius.xtec.cat\/cesire\/wp-json\/wp\/v2\/media\/20482"}],"wp:attachment":[{"href":"https:\/\/serveiseducatius.xtec.cat\/cesire\/wp-json\/wp\/v2\/media?parent=20469"}],"wp:term":[{"taxonomy":"category","embeddable":true,"href":"https:\/\/serveiseducatius.xtec.cat\/cesire\/wp-json\/wp\/v2\/categories?post=20469"},{"taxonomy":"post_tag","embeddable":true,"href":"https:\/\/serveiseducatius.xtec.cat\/cesire\/wp-json\/wp\/v2\/tags?post=20469"}],"curies":[{"name":"wp","href":"https:\/\/api.w.org\/{rel}","templated":true}]}}