{"id":19983,"date":"2022-03-09T14:17:31","date_gmt":"2022-03-09T13:17:31","guid":{"rendered":"https:\/\/serveiseducatius.xtec.cat\/cesire\/?p=19983"},"modified":"2022-03-09T14:43:05","modified_gmt":"2022-03-09T13:43:05","slug":"ii-jornada-sobre-lensenyament-de-les-ciencies-a-secundaria-ciutadania-i-sostenibilitat-el-nou-curriculum-de-ciencies","status":"publish","type":"post","link":"https:\/\/serveiseducatius.xtec.cat\/cesire\/ii-jornada-sobre-lensenyament-de-les-ciencies-a-secundaria-ciutadania-i-sostenibilitat-el-nou-curriculum-de-ciencies\/","title":{"rendered":"II Jornada sobre l&#8217;Ensenyament de les Ci\u00e8ncies a Secund\u00e0ria: &#8220;Ciutadania i sostenibilitat: el nou curr\u00edculum de ci\u00e8ncies&#8221;"},"content":{"rendered":"<p><a href=\"https:\/\/serveiseducatius.xtec.cat\/cesire\/wp-content\/uploads\/usu2650\/2022\/03\/FM7L6-dX0AEIDqr-retallada-2.jpg\"><img loading=\"lazy\" decoding=\"async\" class=\"wp-image-19984 aligncenter\" src=\"https:\/\/serveiseducatius.xtec.cat\/cesire\/wp-content\/uploads\/usu2650\/2022\/03\/FM7L6-dX0AEIDqr-retallada-2.jpg\" alt=\"\" width=\"374\" height=\"209\" srcset=\"https:\/\/serveiseducatius.xtec.cat\/cesire\/wp-content\/uploads\/usu2650\/2022\/03\/FM7L6-dX0AEIDqr-retallada-2.jpg 808w, https:\/\/serveiseducatius.xtec.cat\/cesire\/wp-content\/uploads\/usu2650\/2022\/03\/FM7L6-dX0AEIDqr-retallada-2-300x168.jpg 300w, https:\/\/serveiseducatius.xtec.cat\/cesire\/wp-content\/uploads\/usu2650\/2022\/03\/FM7L6-dX0AEIDqr-retallada-2-768x430.jpg 768w\" sizes=\"auto, (max-width: 374px) 100vw, 374px\" \/><\/a><\/p>\n<p style=\"text-align: center;\"><strong>\u201cCiutadania i sostenibilitat: el nou curr\u00edculum de ci\u00e8ncies\u201d<\/strong><\/p>\n<p style=\"text-align: center;\"><strong>II Jornada sobre l&#8217;Ensenyament de les Ci\u00e8ncies a Secund\u00e0ria.<\/strong><\/p>\n<p>Tornen, del 10 al 12 de mar\u00e7, les Jornades sobre l\u2019Ensenyament de les Ci\u00e8ncies a Secund\u00e0ria que enguany ofereixen xerrades i tallers per reflexionar col\u00b7lectivament sobre l\u2019ensenyament de les ci\u00e8ncies dins el marc del nou curr\u00edculum que posa al centre els reptes de sostenibilitat i les problem\u00e0tiques de la ciutadania del segle XXI.<\/p>\n<p>Un programa amb xerrades inspiradores i farcit de tallers i presentacions d\u2019experi\u00e8ncies d\u2019aula que podreu transferir a la vostra pr\u00e0ctica docent.<\/p>\n<p>Consulteu el <a href=\"https:\/\/www.cdl.cat\/cursos-i-activitats?of=1525\">programa<\/a>. Us hi esperem!<\/p>\n<p>Organitza:<\/p>\n<ul>\n<li>Col\u00b7legi Oficial de Doctors i Llicenciats en Filosofia i Lletres i en Ci\u00e8ncies de Catalunya<\/li>\n<li>IQS &#8211; Ramon Llull<\/li>\n<li>CESIRE &#8211; Departament d\u2019Educaci\u00f3<\/li>\n<li>Societat Catalana de Qu\u00edmica (IEC)<\/li>\n<\/ul>\n<p>&nbsp;<\/p>\n<p>&nbsp;<\/p>\n","protected":false},"excerpt":{"rendered":"<p>Tornen, del 10 al 12 de mar\u00e7, les Jornades sobre l\u2019Ensenyament de les Ci\u00e8ncies a Secund\u00e0ria que enguany ofereixen xerrades i tallers per reflexionar col\u00b7lectivament sobre l\u2019ensenyament de les ci\u00e8ncies dins el marc del nou curr\u00edculum que posa al centre els reptes de sostenibilitat i les problem\u00e0tiques de la ciutadania del segle XXI.&hellip;  <a href=\"https:\/\/serveiseducatius.xtec.cat\/cesire\/ii-jornada-sobre-lensenyament-de-les-ciencies-a-secundaria-ciutadania-i-sostenibilitat-el-nou-curriculum-de-ciencies\/\" title=\"Read II Jornada sobre l&#8217;Ensenyament de les Ci\u00e8ncies a Secund\u00e0ria: &#8220;Ciutadania i sostenibilitat: el nou curr\u00edculum de ci\u00e8ncies&#8221;\">Llegeix m\u00e9s\u00bb<\/a><\/p>\n","protected":false},"author":8,"featured_media":19984,"comment_status":"closed","ping_status":"closed","sticky":false,"template":"","format":"standard","meta":{"_bbp_topic_count":0,"_bbp_reply_count":0,"_bbp_total_topic_count":0,"_bbp_total_reply_count":0,"_bbp_voice_count":0,"_bbp_anonymous_reply_count":0,"_bbp_topic_count_hidden":0,"_bbp_reply_count_hidden":0,"_bbp_forum_subforum_count":0,"footnotes":""},"categories":[495,29],"tags":[],"class_list":["post-19983","post","type-post","status-publish","format-standard","has-post-thumbnail","hentry","category-ciencia","category-portada"],"post_mailing_queue_ids":[],"_links":{"self":[{"href":"https:\/\/serveiseducatius.xtec.cat\/cesire\/wp-json\/wp\/v2\/posts\/19983","targetHints":{"allow":["GET"]}}],"collection":[{"href":"https:\/\/serveiseducatius.xtec.cat\/cesire\/wp-json\/wp\/v2\/posts"}],"about":[{"href":"https:\/\/serveiseducatius.xtec.cat\/cesire\/wp-json\/wp\/v2\/types\/post"}],"author":[{"embeddable":true,"href":"https:\/\/serveiseducatius.xtec.cat\/cesire\/wp-json\/wp\/v2\/users\/8"}],"replies":[{"embeddable":true,"href":"https:\/\/serveiseducatius.xtec.cat\/cesire\/wp-json\/wp\/v2\/comments?post=19983"}],"version-history":[{"count":3,"href":"https:\/\/serveiseducatius.xtec.cat\/cesire\/wp-json\/wp\/v2\/posts\/19983\/revisions"}],"predecessor-version":[{"id":19995,"href":"https:\/\/serveiseducatius.xtec.cat\/cesire\/wp-json\/wp\/v2\/posts\/19983\/revisions\/19995"}],"wp:featuredmedia":[{"embeddable":true,"href":"https:\/\/serveiseducatius.xtec.cat\/cesire\/wp-json\/wp\/v2\/media\/19984"}],"wp:attachment":[{"href":"https:\/\/serveiseducatius.xtec.cat\/cesire\/wp-json\/wp\/v2\/media?parent=19983"}],"wp:term":[{"taxonomy":"category","embeddable":true,"href":"https:\/\/serveiseducatius.xtec.cat\/cesire\/wp-json\/wp\/v2\/categories?post=19983"},{"taxonomy":"post_tag","embeddable":true,"href":"https:\/\/serveiseducatius.xtec.cat\/cesire\/wp-json\/wp\/v2\/tags?post=19983"}],"curies":[{"name":"wp","href":"https:\/\/api.w.org\/{rel}","templated":true}]}}