{"id":19701,"date":"2022-02-22T08:32:12","date_gmt":"2022-02-22T07:32:12","guid":{"rendered":"https:\/\/serveiseducatius.xtec.cat\/cesire\/?p=19701"},"modified":"2022-02-22T08:32:12","modified_gmt":"2022-02-22T07:32:12","slug":"casa-dautor-mapa-literari-catala","status":"publish","type":"post","link":"https:\/\/serveiseducatius.xtec.cat\/cesire\/casa-dautor-mapa-literari-catala\/","title":{"rendered":"Casa d&#8217;autor (Mapa Literari Catal\u00e0)"},"content":{"rendered":"<p><a href=\"https:\/\/serveiseducatius.xtec.cat\/cesire\/wp-content\/uploads\/usu2650\/2022\/02\/casa-dautor.png\"><img loading=\"lazy\" decoding=\"async\" class=\"alignnone  wp-image-19703 aligncenter\" src=\"https:\/\/serveiseducatius.xtec.cat\/cesire\/wp-content\/uploads\/usu2650\/2022\/02\/casa-dautor-1024x576.png\" alt=\"\" width=\"512\" height=\"288\" srcset=\"https:\/\/serveiseducatius.xtec.cat\/cesire\/wp-content\/uploads\/usu2650\/2022\/02\/casa-dautor-1024x576.png 1024w, https:\/\/serveiseducatius.xtec.cat\/cesire\/wp-content\/uploads\/usu2650\/2022\/02\/casa-dautor-300x169.png 300w, https:\/\/serveiseducatius.xtec.cat\/cesire\/wp-content\/uploads\/usu2650\/2022\/02\/casa-dautor-768x432.png 768w, https:\/\/serveiseducatius.xtec.cat\/cesire\/wp-content\/uploads\/usu2650\/2022\/02\/casa-dautor-1536x864.png 1536w, https:\/\/serveiseducatius.xtec.cat\/cesire\/wp-content\/uploads\/usu2650\/2022\/02\/casa-dautor.png 1600w\" sizes=\"auto, (max-width: 512px) 100vw, 512px\" \/><\/a><\/p>\n<p>Recus per treballar els autors catalanas a les aules i visitar les cases on havien viscut o els espais museu que fan reviure la seva obra. Podreu trobar tot un conjunt de <a href=\"http:\/\/www.mapaliterari.cat\/\" target=\"_blank\" rel=\"noopener\">casa d&#8217;autor<\/a> dins de l&#8217;aplicaci\u00f3 mapa literari catal\u00e0.<\/p>\n<ul style=\"list-style-type: disc;\">\n<li><a href=\"http:\/\/mapaliterari.cat\/es\/espai\/1-museus-de-mequinensa\" target=\"_blank\" rel=\"noopener\">Museu de Mequinensa<\/a><\/li>\n<li><a href=\"http:\/\/mapaliterari.cat\/es\/espai\/ajuntament-dalbinyana\" target=\"_blank\" rel=\"noopener\">Ajuntament d&#8217;Albinyana<\/a><\/li>\n<li><a href=\"http:\/\/www.mapaliterari.cat\/ca\/espai\/amics-dartur-blade-i-fons-personal-de-lescriptor\" target=\"_blank\" rel=\"noopener\">Amics d&#8217;Artur Blad\u00e9 i fons personal de l&#8217;escriptor<\/a><\/li>\n<li><a href=\"http:\/\/mapaliterari.cat\/es\/espai\/arxiu-joan-maragall\" target=\"_blank\" rel=\"noopener\">Arxiu Joan Maragall<\/a>.<\/li>\n<li><a href=\"http:\/\/www.mapaliterari.cat\/ca\/espai\/biblioteca-museu-victor-balaguer\" target=\"_blank\" rel=\"noopener\">Biblioteca Museu V\u00edctor Balaguer<\/a><\/li>\n<li><a href=\"http:\/\/www.mapaliterari.cat\/ca\/espai\/biblioteca-p-fidel-fita\" target=\"_blank\" rel=\"noopener\">Biblioteca P.Fidel Fita<\/a><\/li>\n<li><a href=\"http:\/\/www.mapaliterari.cat\/ca\/espai\/casa-maso-fundacio-rafael-maso\" target=\"_blank\" rel=\"noopener\">Casa Mas\u00f3. Fundaci\u00f3 Rafael Mas\u00f3<\/a><\/li>\n<li><a href=\"http:\/\/www.mapaliterari.cat\/ca\/espai\/casa-museu-llorenc-villalonga\" target=\"_blank\" rel=\"noopener\">Casa Museu Lloren\u00e7 Villalonga<\/a><\/li>\n<li><a href=\"http:\/\/www.mapaliterari.cat\/ca\/espai\/casa-museu-pare-ginard\" target=\"_blank\" rel=\"noopener\">Casa Museu Pare Ginard<\/a><\/li>\n<li><a href=\"http:\/\/www.mapaliterari.cat\/ca\/espai\/casa-museu-verdaguer\" target=\"_blank\" rel=\"noopener\">Casa Museu Verdaguer<\/a><\/li>\n<li><a href=\"http:\/\/www.mapaliterari.cat\/ca\/espai\/casa-verdaguer-de-literatura-muhba-villa-joana\" target=\"_blank\" rel=\"noopener\">Casa Verdaguer de la literatura MUHBA, Vil\u00b7la Joana<\/a><\/li>\n<li><a href=\"http:\/\/www.mapaliterari.cat\/ca\/espai\/cau-ferrat-santiago-rusinol\" target=\"_blank\" rel=\"noopener\">Cau Ferrat. Santiago Rusi\u00f1ol<\/a><\/li>\n<li><a href=\"http:\/\/www.mapaliterari.cat\/ca\/espai\/centre-de-lectura-grup-modernista-de-reus\" target=\"_blank\" rel=\"noopener\">Centre de lectura Grup Modernista de Reus<\/a><\/li>\n<li><a href=\"http:\/\/www.mapaliterari.cat\/ca\/espai\/centre-de-poesia-contemporania-blai-bonet\" target=\"_blank\" rel=\"noopener\">Centre de Poesia Contempor\u00e0nia Blai Bonet<\/a><\/li>\n<li><a href=\"http:\/\/www.mapaliterari.cat\/ca\/espai\/centre-quim-soler-la-literatura-i-el-vi\" target=\"_blank\" rel=\"noopener\">Centre Quim Soler. La literatura i el vi<\/a><\/li>\n<li><a href=\"http:\/\/www.mapaliterari.cat\/ca\/espai\/espai-betulia-centre-de-la-paraula-i-les-lletres\" target=\"_blank\" rel=\"noopener\">Espai Bet\u00falia. Centre de la Paraula i les Lletres<\/a><\/li>\n<li><a href=\"http:\/\/www.mapaliterari.cat\/ca\/espai\/espai-joan-fuster\" target=\"_blank\" rel=\"noopener\">Espai Joan Fuster<\/a><\/li>\n<li><a href=\"http:\/\/www.mapaliterari.cat\/ca\/espai\/espai-marius-torres-ajuntament-de-sant-marti-de-centelles\" target=\"_blank\" rel=\"noopener\">Espai Marius Torres. Ajuntament de Sant Mart\u00ed de Centelles<\/a><\/li>\n<li><a href=\"http:\/\/www.mapaliterari.cat\/ca\/espai\/espai-victor-catala-museu-de-lescala\" target=\"_blank\" rel=\"noopener\">Espai V\u00edctor Catal\u00e0. Museu de l&#8217;Escala<\/a><\/li>\n<li><a href=\"http:\/\/www.mapaliterari.cat\/ca\/espai\/estudi-marian-vayreda-fundacio-privada-museu-dels-sants-dolot\" target=\"_blank\" rel=\"noopener\">Estudi Marian Vayreda.Fundaci\u00f3 privada Museu de Sants d&#8217;Olot<\/a><\/li>\n<li><a href=\"http:\/\/www.mapaliterari.cat\/ca\/espai\/fundacio-folch-i-torres\" target=\"_blank\" rel=\"noopener\">Fundaci\u00f3 Folch i Torres<\/a><\/li>\n<li><a href=\"http:\/\/www.mapaliterari.cat\/ca\/espai\/fundacio-francesc-pujols\" target=\"_blank\" rel=\"noopener\">Fundaci\u00f3 Francesc Pujols<\/a><\/li>\n<li><a href=\"http:\/\/www.mapaliterari.cat\/ca\/espai\/fundacio-joan-brossa\" target=\"_blank\" rel=\"noopener\">Fundaci\u00f3 Joan Brossa<\/a><\/li>\n<li><a href=\"http:\/\/www.mapaliterari.cat\/ca\/espai\/fundacio-josep-pla\" target=\"_blank\" rel=\"noopener\">Fundaci\u00f3 Josep Pla<\/a><\/li>\n<li><a href=\"http:\/\/www.mapaliterari.cat\/ca\/espai\/fundacio-manuel-de-pedrolo\" target=\"_blank\" rel=\"noopener\">Fundaci\u00f3 Manuel de Pedrolo<\/a><\/li>\n<li><a href=\"http:\/\/www.mapaliterari.cat\/ca\/espai\/fundacio-merce-rodoreda\" target=\"_blank\" rel=\"noopener\">Fundaci\u00f3 Merc\u00e8 Rodoreda<\/a><\/li>\n<li><a href=\"http:\/\/www.mapaliterari.cat\/ca\/espai\/fundacio-miquel-marti-i-pol\" target=\"_blank\" rel=\"noopener\">Fundaci\u00f3 Miquel Mart\u00ed i Pol<\/a><\/li>\n<li><a href=\"http:\/\/www.mapaliterari.cat\/ca\/espai\/fundacio-palau\" target=\"_blank\" rel=\"noopener\">Fundaci\u00f3 Palau<\/a><\/li>\n<li><a href=\"http:\/\/www.mapaliterari.cat\/ca\/espai\/gerencia-de-serveis-despai-naturals\" target=\"_blank\" rel=\"noopener\">Ger\u00e8ncia de Serveis d&#8217;Espai Naturals<\/a><\/li>\n<li><a href=\"http:\/\/www.mapaliterari.cat\/ca\/espai\/institucio-publica-antoni-m-alcover\" target=\"_blank\" rel=\"noopener\">Instituci\u00f3 P\u00fablica Antoni Ma Alcover<\/a><\/li>\n<li><a href=\"http:\/\/www.mapaliterari.cat\/ca\/espai\/lo-pardal-fundacio-guillem-viladot\" target=\"_blank\" rel=\"noopener\">Lo pardal. Fundaci\u00f3 Guillem Viladot<\/a><\/li>\n<li><a href=\"http:\/\/www.mapaliterari.cat\/ca\/espai\/masia-den-cabanyes-consell-comarcal-del-garraf\" target=\"_blank\" rel=\"noopener\">Masia d&#8217;en Cabanyes.Consell Comarcal del Garraf<\/a><\/li>\n<li><a href=\"http:\/\/www.mapaliterari.cat\/ca\/espai\/museu-dalcover\" target=\"_blank\" rel=\"noopener\">Museu Alcover<\/a><\/li>\n<li><a href=\"http:\/\/www.mapaliterari.cat\/ca\/espai\/museu-angel-guimera\" target=\"_blank\" rel=\"noopener\">Museu \u00c0ngel Gimer\u00e0<\/a><\/li>\n<\/ul>\n","protected":false},"excerpt":{"rendered":"<p>Recus per treballar els autors catalanas a les aules i visitar les cases on havien viscut o els espais museu que fan reviure la seva obra. Podreu trobar tot un conjunt de casa d&#8217;autor dins de l&#8217;aplicaci\u00f3 mapa literari catal\u00e0.&hellip;  <a href=\"https:\/\/serveiseducatius.xtec.cat\/cesire\/casa-dautor-mapa-literari-catala\/\" title=\"Read Casa d&#8217;autor (Mapa Literari Catal\u00e0)\">Llegeix m\u00e9s\u00bb<\/a><\/p>\n","protected":false},"author":8,"featured_media":19703,"comment_status":"closed","ping_status":"closed","sticky":false,"template":"","format":"standard","meta":{"_bbp_topic_count":0,"_bbp_reply_count":0,"_bbp_total_topic_count":0,"_bbp_total_reply_count":0,"_bbp_voice_count":0,"_bbp_anonymous_reply_count":0,"_bbp_topic_count_hidden":0,"_bbp_reply_count_hidden":0,"_bbp_forum_subforum_count":0,"footnotes":""},"categories":[1,490],"tags":[],"class_list":["post-19701","post","type-post","status-publish","format-standard","has-post-thumbnail","hentry","category-general","category-literatura"],"post_mailing_queue_ids":[],"_links":{"self":[{"href":"https:\/\/serveiseducatius.xtec.cat\/cesire\/wp-json\/wp\/v2\/posts\/19701","targetHints":{"allow":["GET"]}}],"collection":[{"href":"https:\/\/serveiseducatius.xtec.cat\/cesire\/wp-json\/wp\/v2\/posts"}],"about":[{"href":"https:\/\/serveiseducatius.xtec.cat\/cesire\/wp-json\/wp\/v2\/types\/post"}],"author":[{"embeddable":true,"href":"https:\/\/serveiseducatius.xtec.cat\/cesire\/wp-json\/wp\/v2\/users\/8"}],"replies":[{"embeddable":true,"href":"https:\/\/serveiseducatius.xtec.cat\/cesire\/wp-json\/wp\/v2\/comments?post=19701"}],"version-history":[{"count":2,"href":"https:\/\/serveiseducatius.xtec.cat\/cesire\/wp-json\/wp\/v2\/posts\/19701\/revisions"}],"predecessor-version":[{"id":19704,"href":"https:\/\/serveiseducatius.xtec.cat\/cesire\/wp-json\/wp\/v2\/posts\/19701\/revisions\/19704"}],"wp:featuredmedia":[{"embeddable":true,"href":"https:\/\/serveiseducatius.xtec.cat\/cesire\/wp-json\/wp\/v2\/media\/19703"}],"wp:attachment":[{"href":"https:\/\/serveiseducatius.xtec.cat\/cesire\/wp-json\/wp\/v2\/media?parent=19701"}],"wp:term":[{"taxonomy":"category","embeddable":true,"href":"https:\/\/serveiseducatius.xtec.cat\/cesire\/wp-json\/wp\/v2\/categories?post=19701"},{"taxonomy":"post_tag","embeddable":true,"href":"https:\/\/serveiseducatius.xtec.cat\/cesire\/wp-json\/wp\/v2\/tags?post=19701"}],"curies":[{"name":"wp","href":"https:\/\/api.w.org\/{rel}","templated":true}]}}