{"id":19513,"date":"2022-02-11T11:42:37","date_gmt":"2022-02-11T10:42:37","guid":{"rendered":"https:\/\/serveiseducatius.xtec.cat\/cesire\/?p=19513"},"modified":"2022-02-11T11:42:37","modified_gmt":"2022-02-11T10:42:37","slug":"conferencia-la-poliploidia-un-fet-habitual-i-ampliament-estes-entre-les-especies-bacterianes","status":"publish","type":"post","link":"https:\/\/serveiseducatius.xtec.cat\/cesire\/conferencia-la-poliploidia-un-fet-habitual-i-ampliament-estes-entre-les-especies-bacterianes\/","title":{"rendered":"Confer\u00e8ncia: \u00abLa poliplo\u00efdia: un fet habitual i \u00e0mpliament est\u00e8s entre les esp\u00e8cies bacterianes\u00bb"},"content":{"rendered":"<p><a href=\"https:\/\/serveiseducatius.xtec.cat\/cesire\/wp-content\/uploads\/usu2650\/2022\/02\/Poliploidia-e1644576045216.jpg\"><img loading=\"lazy\" decoding=\"async\" class=\"size-full wp-image-19515 aligncenter\" src=\"https:\/\/serveiseducatius.xtec.cat\/cesire\/wp-content\/uploads\/usu2650\/2022\/02\/Poliploidia-e1644576045216.jpg\" alt=\"\" width=\"621\" height=\"261\" srcset=\"https:\/\/serveiseducatius.xtec.cat\/cesire\/wp-content\/uploads\/usu2650\/2022\/02\/Poliploidia-e1644576045216.jpg 621w, https:\/\/serveiseducatius.xtec.cat\/cesire\/wp-content\/uploads\/usu2650\/2022\/02\/Poliploidia-e1644576045216-300x126.jpg 300w\" sizes=\"auto, (max-width: 621px) 100vw, 621px\" \/><\/a>Amb l&#8217;objectiu d&#8217;actualitzar alguns continguts sobre Microbiologia, us deixem <a href=\"https:\/\/www.youtube.com\/watch?v=nztzP-Za0mo\" target=\"_blank\" rel=\"noopener\">l&#8217;enlla\u00e7 a l&#8217;enregistrament<\/a> de la confer\u00e8ncia realitzada pel Dr. Jordi Barb\u00e9 a la Secci\u00f3 d\u2019Ensenyament de la Societat Catalana de Biologia: \u00abLa poliplo\u00efdia: un fet habitual i \u00e0mpliament est\u00e8s entre les esp\u00e8cies bacterianes\u00bb<\/p>\n<p>&nbsp;<\/p>\n<p>&nbsp;<\/p>\n","protected":false},"excerpt":{"rendered":"<p><a href=\"https:\/\/serveiseducatius.xtec.cat\/cesire\/wp-content\/uploads\/usu2650\/2022\/02\/Poliploidia-e1644576045216.jpg\"><\/a>Amb l&#8217;objectiu d&#8217;actualitzar alguns continguts sobre Microbiologia, us deixem <a href=\"https:\/\/www.youtube.com\/watch?v=nztzP-Za0mo\" target=\"_blank\" rel=\"noopener\">l&#8217;enlla\u00e7 a l&#8217;enregistrament<\/a> de la confer\u00e8ncia realitzada pel Dr. Jordi Barb\u00e9 a la Secci\u00f3 d\u2019Ensenyament de la Societat Catalana de Biologia: \u00abLa poliplo\u00efdia: un fet habitual i \u00e0mpliament est\u00e8s entre les esp\u00e8cies&hellip;  <a href=\"https:\/\/serveiseducatius.xtec.cat\/cesire\/conferencia-la-poliploidia-un-fet-habitual-i-ampliament-estes-entre-les-especies-bacterianes\/\" title=\"Read Confer\u00e8ncia: \u00abLa poliplo\u00efdia: un fet habitual i \u00e0mpliament est\u00e8s entre les esp\u00e8cies bacterianes\u00bb\">Llegeix m\u00e9s\u00bb<\/a><\/p>\n","protected":false},"author":21,"featured_media":19515,"comment_status":"closed","ping_status":"closed","sticky":false,"template":"","format":"standard","meta":{"_bbp_topic_count":0,"_bbp_reply_count":0,"_bbp_total_topic_count":0,"_bbp_total_reply_count":0,"_bbp_voice_count":0,"_bbp_anonymous_reply_count":0,"_bbp_topic_count_hidden":0,"_bbp_reply_count_hidden":0,"_bbp_forum_subforum_count":0,"footnotes":""},"categories":[495,1],"tags":[86,224],"class_list":["post-19513","post","type-post","status-publish","format-standard","has-post-thumbnail","hentry","category-ciencia","category-general","tag-ciencies","tag-formacio-continuada"],"post_mailing_queue_ids":[],"_links":{"self":[{"href":"https:\/\/serveiseducatius.xtec.cat\/cesire\/wp-json\/wp\/v2\/posts\/19513","targetHints":{"allow":["GET"]}}],"collection":[{"href":"https:\/\/serveiseducatius.xtec.cat\/cesire\/wp-json\/wp\/v2\/posts"}],"about":[{"href":"https:\/\/serveiseducatius.xtec.cat\/cesire\/wp-json\/wp\/v2\/types\/post"}],"author":[{"embeddable":true,"href":"https:\/\/serveiseducatius.xtec.cat\/cesire\/wp-json\/wp\/v2\/users\/21"}],"replies":[{"embeddable":true,"href":"https:\/\/serveiseducatius.xtec.cat\/cesire\/wp-json\/wp\/v2\/comments?post=19513"}],"version-history":[{"count":2,"href":"https:\/\/serveiseducatius.xtec.cat\/cesire\/wp-json\/wp\/v2\/posts\/19513\/revisions"}],"predecessor-version":[{"id":19516,"href":"https:\/\/serveiseducatius.xtec.cat\/cesire\/wp-json\/wp\/v2\/posts\/19513\/revisions\/19516"}],"wp:featuredmedia":[{"embeddable":true,"href":"https:\/\/serveiseducatius.xtec.cat\/cesire\/wp-json\/wp\/v2\/media\/19515"}],"wp:attachment":[{"href":"https:\/\/serveiseducatius.xtec.cat\/cesire\/wp-json\/wp\/v2\/media?parent=19513"}],"wp:term":[{"taxonomy":"category","embeddable":true,"href":"https:\/\/serveiseducatius.xtec.cat\/cesire\/wp-json\/wp\/v2\/categories?post=19513"},{"taxonomy":"post_tag","embeddable":true,"href":"https:\/\/serveiseducatius.xtec.cat\/cesire\/wp-json\/wp\/v2\/tags?post=19513"}],"curies":[{"name":"wp","href":"https:\/\/api.w.org\/{rel}","templated":true}]}}