{"id":19212,"date":"2021-11-10T14:11:16","date_gmt":"2021-11-10T13:11:16","guid":{"rendered":"https:\/\/serveiseducatius.xtec.cat\/cesire\/?p=19212"},"modified":"2022-01-11T12:57:58","modified_gmt":"2022-01-11T11:57:58","slug":"presentacio-del-cesire-al-mufps-de-la-uab","status":"publish","type":"post","link":"https:\/\/serveiseducatius.xtec.cat\/cesire\/presentacio-del-cesire-al-mufps-de-la-uab\/","title":{"rendered":"Presentaci\u00f3 del Cesire al MUFPS de la UAB"},"content":{"rendered":"<p><a href=\"https:\/\/serveiseducatius.xtec.cat\/cesire\/wp-content\/uploads\/usu2650\/2021\/12\/Imatge-Master-UAB.jpg\"><img loading=\"lazy\" decoding=\"async\" class=\"wp-image-19215 aligncenter\" src=\"https:\/\/serveiseducatius.xtec.cat\/cesire\/wp-content\/uploads\/usu2650\/2021\/12\/Imatge-Master-UAB.jpg\" alt=\"\" width=\"516\" height=\"167\" srcset=\"https:\/\/serveiseducatius.xtec.cat\/cesire\/wp-content\/uploads\/usu2650\/2021\/12\/Imatge-Master-UAB.jpg 765w, https:\/\/serveiseducatius.xtec.cat\/cesire\/wp-content\/uploads\/usu2650\/2021\/12\/Imatge-Master-UAB-300x97.jpg 300w\" sizes=\"auto, (max-width: 516px) 100vw, 516px\" \/><\/a><\/p>\n<p>El dijous 4 de novembre va tenir lloc al Cesire la primera sessi\u00f3 del pr\u00e0cticum del M\u00e0ster Universitari de Formaci\u00f3 del Professorat de Secund\u00e0ria, de l\u2019especialitat de ci\u00e8ncies, de la UAB. Una trentena d\u2019estudiants d\u2019aquest M\u00e0ster van rebre les primeres indicacions sobre les caracter\u00edstiques i els objectius de la fase del pr\u00e0cticum i van assistir a una presentaci\u00f3 del nou projecte del Cesire. Els futurs docents van aprofitar l\u2019estada a les nostres instal\u00b7lacions per a fer una visita comentada al Servei de Pr\u00e9stec i Cambra de Cria.<\/p>\n<p>Creiem que \u00e9s una bona activitat per a visibilitzar als futurs docents els recursos que poden trobar al Cesire.<\/p>\n","protected":false},"excerpt":{"rendered":"<p>El dijous 4 de novembre va tenir lloc al Cesire la primera sessi\u00f3 del pr\u00e0cticum del M\u00e0ster Universitari de Formaci\u00f3 del Professorat de Secund\u00e0ria, de l\u2019especialitat de ci\u00e8ncies, de la UAB. Una trentena d\u2019estudiants d\u2019aquest M\u00e0ster van rebre les primeres indicacions sobre les caracter\u00edstiques i els objectius de la fase del pr\u00e0cticum i van assistir a una presentaci\u00f3 del nou projecte del Cesire.&hellip;  <a href=\"https:\/\/serveiseducatius.xtec.cat\/cesire\/presentacio-del-cesire-al-mufps-de-la-uab\/\" title=\"Read Presentaci\u00f3 del Cesire al MUFPS de la UAB\">Llegeix m\u00e9s\u00bb<\/a><\/p>\n","protected":false},"author":21,"featured_media":19215,"comment_status":"closed","ping_status":"closed","sticky":false,"template":"","format":"standard","meta":{"_bbp_topic_count":0,"_bbp_reply_count":0,"_bbp_total_topic_count":0,"_bbp_total_reply_count":0,"_bbp_voice_count":0,"_bbp_anonymous_reply_count":0,"_bbp_topic_count_hidden":0,"_bbp_reply_count_hidden":0,"_bbp_forum_subforum_count":0,"footnotes":""},"categories":[1,534],"tags":[],"class_list":["post-19212","post","type-post","status-publish","format-standard","has-post-thumbnail","hentry","category-general","category-eco4"],"post_mailing_queue_ids":[],"_links":{"self":[{"href":"https:\/\/serveiseducatius.xtec.cat\/cesire\/wp-json\/wp\/v2\/posts\/19212","targetHints":{"allow":["GET"]}}],"collection":[{"href":"https:\/\/serveiseducatius.xtec.cat\/cesire\/wp-json\/wp\/v2\/posts"}],"about":[{"href":"https:\/\/serveiseducatius.xtec.cat\/cesire\/wp-json\/wp\/v2\/types\/post"}],"author":[{"embeddable":true,"href":"https:\/\/serveiseducatius.xtec.cat\/cesire\/wp-json\/wp\/v2\/users\/21"}],"replies":[{"embeddable":true,"href":"https:\/\/serveiseducatius.xtec.cat\/cesire\/wp-json\/wp\/v2\/comments?post=19212"}],"version-history":[{"count":3,"href":"https:\/\/serveiseducatius.xtec.cat\/cesire\/wp-json\/wp\/v2\/posts\/19212\/revisions"}],"predecessor-version":[{"id":19217,"href":"https:\/\/serveiseducatius.xtec.cat\/cesire\/wp-json\/wp\/v2\/posts\/19212\/revisions\/19217"}],"wp:featuredmedia":[{"embeddable":true,"href":"https:\/\/serveiseducatius.xtec.cat\/cesire\/wp-json\/wp\/v2\/media\/19215"}],"wp:attachment":[{"href":"https:\/\/serveiseducatius.xtec.cat\/cesire\/wp-json\/wp\/v2\/media?parent=19212"}],"wp:term":[{"taxonomy":"category","embeddable":true,"href":"https:\/\/serveiseducatius.xtec.cat\/cesire\/wp-json\/wp\/v2\/categories?post=19212"},{"taxonomy":"post_tag","embeddable":true,"href":"https:\/\/serveiseducatius.xtec.cat\/cesire\/wp-json\/wp\/v2\/tags?post=19212"}],"curies":[{"name":"wp","href":"https:\/\/api.w.org\/{rel}","templated":true}]}}